{"id":11096,"date":"2024-03-12T11:05:17","date_gmt":"2024-03-12T10:05:17","guid":{"rendered":"https:\/\/www.time2plug.com\/page\/?p=11096"},"modified":"2025-01-14T13:30:48","modified_gmt":"2025-01-14T12:30:48","slug":"impact-bornes-de-charge-sur-valeur-immobiliere-des-entreprises-residences","status":"publish","type":"post","link":"https:\/\/www.time2plug.com\/page\/impact-bornes-de-charge-sur-valeur-immobiliere-des-entreprises-residences\/","title":{"rendered":"L&rsquo;impact des bornes de charge sur la valeur immobili\u00e8re des entreprises\/r\u00e9sidences"},"content":{"rendered":"\t\t<div data-elementor-type=\"wp-post\" data-elementor-id=\"11096\" class=\"elementor elementor-11096\" data-elementor-post-type=\"post\">\n\t\t\t\t\t\t<section class=\"elementor-section elementor-top-section elementor-element elementor-element-6fd04b4 elementor-section-boxed elementor-section-height-default elementor-section-height-default\" data-id=\"6fd04b4\" data-element_type=\"section\" data-e-type=\"section\">\n\t\t\t\t\t\t<div class=\"elementor-container elementor-column-gap-default\">\n\t\t\t\t\t<div class=\"elementor-column elementor-col-100 elementor-top-column elementor-element elementor-element-45e7aad\" data-id=\"45e7aad\" data-element_type=\"column\" data-e-type=\"column\">\n\t\t\t<div class=\"elementor-widget-wrap elementor-element-populated\">\n\t\t\t\t\t\t<div class=\"elementor-element elementor-element-0a0e849 elementor-widget elementor-widget-text-editor\" data-id=\"0a0e849\" data-element_type=\"widget\" data-e-type=\"widget\" data-widget_type=\"text-editor.default\">\n\t\t\t\t<div class=\"elementor-widget-container\">\n\t\t\t\t\t\t\t\t\t<p><!-- notionvc: 34b57d5e-55b8-4aa0-b011-badefa3b1298 --><\/p><p><span style=\"font-size: 14px;\">Ces derni\u00e8res d\u00e9cennies, le d\u00e9veloppement durable a acquis une<strong> priorit\u00e9 incontestable<\/strong> dans le domaine de la construction. Il ne s&rsquo;agit <strong>plus simplement d&rsquo;une id\u00e9ologie<\/strong>, et les b\u00e2timents modernes ne font pas exception \u00e0 cette r\u00e8gle. Ils sont dor\u00e9navant <strong>con\u00e7us en tenant compte de la r\u00e9duction des d\u00e9penses \u00e9nerg\u00e9tiques et des \u00e9missions de carbone<\/strong>, r\u00e9pondant ainsi \u00e0 une <strong>demande croissante d&rsquo;infrastructures respectueuses de l&rsquo;environnement.<\/strong> Dans cette continuit\u00e9, les promoteurs immobiliers <strong>int\u00e8grent l&rsquo;\u00e9co-mobilit\u00e9 comme un aspect crucial dans leurs r\u00e9flexions<\/strong>, cherchant \u00e0 concilier attractivit\u00e9 et durabilit\u00e9. Actuellement, ces promoteurs doivent se <strong>conformer aux obligations<\/strong> de pr\u00e9-c\u00e2blage des bornes de recharge dans les nouvelles constructions.<\/span><span style=\"font-size: 14px;\">\u00a0Mais au-del\u00e0 de cette contrainte r\u00e9glementaire, le d\u00e9ploiement des <\/span><span style=\"font-size: 14px; color: inherit; border-bottom-width: 0.05em; border-bottom-style: solid; overflow-wrap: break-word; font-weight: 600;\" data-token-index=\"1\"><a href=\"https:\/\/www.time2plug.com\/page\/archives\/8059\">Infrastructures de Recharge pour V\u00e9hicules \u00c9lectriques<\/a><\/span><span style=\"font-size: 14px;\">\u00a0(IRVE) \u00e9merge \u00e9galement comme un moyen de <strong>valoriser les programmes immobiliers<\/strong> tout en anticipant les besoins des futurs occupants. Mais alors quel est l<\/span>&lsquo;impact des bornes de charge sur la valeur immobili\u00e8re des entreprises\/r\u00e9sidences ?<\/p>\t\t\t\t\t\t\t\t<\/div>\n\t\t\t\t<\/div>\n\t\t\t\t\t<\/div>\n\t\t<\/div>\n\t\t\t\t\t<\/div>\n\t\t<\/section>\n\t\t\t\t<section class=\"elementor-section elementor-top-section elementor-element elementor-element-2620e2d elementor-section-boxed elementor-section-height-default elementor-section-height-default\" data-id=\"2620e2d\" data-element_type=\"section\" data-e-type=\"section\">\n\t\t\t\t\t\t<div class=\"elementor-container elementor-column-gap-default\">\n\t\t\t\t\t<div class=\"elementor-column elementor-col-100 elementor-top-column elementor-element elementor-element-6536bea\" data-id=\"6536bea\" data-element_type=\"column\" data-e-type=\"column\">\n\t\t\t<div class=\"elementor-widget-wrap elementor-element-populated\">\n\t\t\t\t\t\t<div class=\"elementor-element elementor-element-dc063a9 elementor-widget elementor-widget-heading\" data-id=\"dc063a9\" data-element_type=\"widget\" data-e-type=\"widget\" data-widget_type=\"heading.default\">\n\t\t\t\t<div class=\"elementor-widget-container\">\n\t\t\t\t\t<h2 class=\"elementor-heading-title elementor-size-default\"><span style=\"font-weight:600\" data-token-index=\"0\" class=\"notion-enable-hover\"><span role=\"img\" aria-label=\"\ud83c\udfe2\" style=\",EmojiSymbols;line-height:1em;white-space:nowrap;font-size:1em\">\ud83c\udfe2<\/span> L'installation des bornes de recharge dans les b\u00e2timents neufs : obligations et opportunit\u00e9s :<\/span><!-- notionvc: c676060b-d98b-4f9f-adce-e9f521a4bc59 --><\/h2>\t\t\t\t<\/div>\n\t\t\t\t<\/div>\n\t\t\t\t\t<\/div>\n\t\t<\/div>\n\t\t\t\t\t<\/div>\n\t\t<\/section>\n\t\t\t\t<section class=\"elementor-section elementor-top-section elementor-element elementor-element-1e6e9e1 elementor-section-boxed elementor-section-height-default elementor-section-height-default\" data-id=\"1e6e9e1\" data-element_type=\"section\" data-e-type=\"section\">\n\t\t\t\t\t\t<div class=\"elementor-container elementor-column-gap-default\">\n\t\t\t\t\t<div class=\"elementor-column elementor-col-100 elementor-top-column elementor-element elementor-element-0d7d202\" data-id=\"0d7d202\" data-element_type=\"column\" data-e-type=\"column\">\n\t\t\t<div class=\"elementor-widget-wrap elementor-element-populated\">\n\t\t\t\t\t\t<div class=\"elementor-element elementor-element-ea31b61 elementor-widget elementor-widget-text-editor\" data-id=\"ea31b61\" data-element_type=\"widget\" data-e-type=\"widget\" data-widget_type=\"text-editor.default\">\n\t\t\t\t<div class=\"elementor-widget-container\">\n\t\t\t\t\t\t\t\t\t<p>Si la vente est au c\u0153ur de son activit\u00e9, le r\u00f4le d&rsquo;un promoteur immobilier d\u00e9passe largement la fonction commerciale. En effet, le professionnel prend en charge la construction de<strong> A \u00e0 Z<\/strong>, de la r\u00e9daction des appels d&rsquo;offres \u00e0 la livraison du b\u00e2timent dans les d\u00e9lais impartis.<strong> Garant de la qualit\u00e9<\/strong> et de la <strong>conformit\u00e9<\/strong> aux normes, il accorde une attention toute particuli\u00e8re aux r\u00e9glementations en vigueur dans le pays. Ces derni\u00e8res ann\u00e9es, d<strong>&lsquo;importantes \u00e9volutions<\/strong> ont eu lieu, notamment en ce qui concerne <strong>l&rsquo;int\u00e9gration des IRVE dans les nouveaux b\u00e2timents r\u00e9sidentiels.<\/strong><\/p>\t\t\t\t\t\t\t\t<\/div>\n\t\t\t\t<\/div>\n\t\t\t\t<div class=\"elementor-element elementor-element-d52e77a elementor-widget elementor-widget-image\" data-id=\"d52e77a\" data-element_type=\"widget\" data-e-type=\"widget\" data-widget_type=\"image.default\">\n\t\t\t\t<div class=\"elementor-widget-container\">\n\t\t\t\t\t\t\t\t\t\t\t\t<figure class=\"wp-caption\">\n\t\t\t\t\t\t\t\t\t\t<img fetchpriority=\"high\" decoding=\"async\" width=\"1024\" height=\"416\" src=\"https:\/\/www.time2plug.com\/page\/wp-content\/uploads\/2024\/03\/istockphoto-1398654051-1024x1024-1.jpg\" class=\"attachment-large size-large wp-image-11105\" alt=\"Vue de haut d&#039;un parking avec borne de recharge d&#039;une r\u00e9sidence\" srcset=\"https:\/\/www.time2plug.com\/page\/wp-content\/uploads\/2024\/03\/istockphoto-1398654051-1024x1024-1.jpg 1024w, https:\/\/www.time2plug.com\/page\/wp-content\/uploads\/2024\/03\/istockphoto-1398654051-1024x1024-1-300x122.jpg 300w, https:\/\/www.time2plug.com\/page\/wp-content\/uploads\/2024\/03\/istockphoto-1398654051-1024x1024-1-768x312.jpg 768w\" sizes=\"(max-width: 1024px) 100vw, 1024px\" \/>\t\t\t\t\t\t\t\t\t\t\t<figcaption class=\"widget-image-caption wp-caption-text\">L'impact des bornes de charge sur la valeur immobili\u00e8re des entreprises\/r\u00e9sidences<\/figcaption>\n\t\t\t\t\t\t\t\t\t\t<\/figure>\n\t\t\t\t\t\t\t\t\t<\/div>\n\t\t\t\t<\/div>\n\t\t\t\t\t<\/div>\n\t\t<\/div>\n\t\t\t\t\t<\/div>\n\t\t<\/section>\n\t\t\t\t<section class=\"elementor-section elementor-top-section elementor-element elementor-element-563123a elementor-section-boxed elementor-section-height-default elementor-section-height-default\" data-id=\"563123a\" data-element_type=\"section\" data-e-type=\"section\">\n\t\t\t\t\t\t<div class=\"elementor-container elementor-column-gap-default\">\n\t\t\t\t\t<div class=\"elementor-column elementor-col-100 elementor-top-column elementor-element elementor-element-c446f68\" data-id=\"c446f68\" data-element_type=\"column\" data-e-type=\"column\">\n\t\t\t<div class=\"elementor-widget-wrap elementor-element-populated\">\n\t\t\t\t\t\t<div class=\"elementor-element elementor-element-e6a3e79 elementor-widget elementor-widget-heading\" data-id=\"e6a3e79\" data-element_type=\"widget\" data-e-type=\"widget\" data-widget_type=\"heading.default\">\n\t\t\t\t<div class=\"elementor-widget-container\">\n\t\t\t\t\t<h2 class=\"elementor-heading-title elementor-size-default\"><span role=\"img\" aria-label=\"\ud83d\udc69\ud83c\udffb\u200d\u2696\ufe0f\" style=\",EmojiSymbols;line-height:1em;white-space:nowrap;font-size:1em\">\ud83d\udc69\ud83c\udffb\u200d\u2696\ufe0f<\/span> <span style=\"font-weight:600\" data-token-index=\"1\" class=\"notion-enable-hover\">Le cadre r\u00e9glementaire pour les bornes de recharge pour les promoteurs immobiliers :<\/span><!-- notionvc: 76d80c6a-b762-4c61-8b4c-d97d2f53e6ee --><\/h2>\t\t\t\t<\/div>\n\t\t\t\t<\/div>\n\t\t\t\t<div class=\"elementor-element elementor-element-4b45b51 elementor-widget elementor-widget-text-editor\" data-id=\"4b45b51\" data-element_type=\"widget\" data-e-type=\"widget\" data-widget_type=\"text-editor.default\">\n\t\t\t\t<div class=\"elementor-widget-container\">\n\t\t\t\t\t\t\t\t\t<p><span class=\"notion-enable-hover\" data-token-index=\"0\">La <span style=\"text-decoration: underline;\"><strong>loi LOM<\/strong><\/span> <\/span>(Loi d&rsquo;Orientation des Mobilit\u00e9s), en vigueur depuis novembre 2019, vise \u00e0 <strong>favoriser la transition \u00e9nerg\u00e9tique<\/strong> et le <strong>d\u00e9veloppement de modes de transports plus durables.<\/strong> Depuis le 11 mars 2021, cette loi rend <strong>obligatoire le pr\u00e9-\u00e9quipement en bornes de recharge<\/strong> dans les nouveaux b\u00e2timents r\u00e9sidentiels. Cette obligation est d\u00e9taill\u00e9e dans <span class=\"notion-enable-hover\" data-token-index=\"3\">l&rsquo;<span style=\"text-decoration: underline;\"><strong>article L113-11<\/strong><\/span> du Code de l&rsquo;habitation <\/span>exigeant la <strong>mise en place de conduits de passage de c\u00e2bles et des dispositifs d&rsquo;alimentation n\u00e9cessaires<\/strong> pour les futures installations de bornes de recharge pour v\u00e9hicules \u00e9lectriques. Bien que cette obligation ne concerne pas directement l&rsquo;installation des IRVE, elle constitue une <strong>\u00e9tape cruciale<\/strong> pour leur d\u00e9ploiement dans <strong>tous les b\u00e2timents r\u00e9sidentiels collectifs.<\/strong><!-- notionvc: 4979619d-4382-463b-9aa5-520e6fc46cd0 --><\/p>\t\t\t\t\t\t\t\t<\/div>\n\t\t\t\t<\/div>\n\t\t\t\t\t<\/div>\n\t\t<\/div>\n\t\t\t\t\t<\/div>\n\t\t<\/section>\n\t\t\t\t<section class=\"elementor-section elementor-top-section elementor-element elementor-element-04f2c6f elementor-section-boxed elementor-section-height-default elementor-section-height-default\" data-id=\"04f2c6f\" data-element_type=\"section\" data-e-type=\"section\">\n\t\t\t\t\t\t<div class=\"elementor-container elementor-column-gap-default\">\n\t\t\t\t\t<div class=\"elementor-column elementor-col-100 elementor-top-column elementor-element elementor-element-1f3ca37\" data-id=\"1f3ca37\" data-element_type=\"column\" data-e-type=\"column\">\n\t\t\t<div class=\"elementor-widget-wrap elementor-element-populated\">\n\t\t\t\t\t\t<div class=\"elementor-element elementor-element-e965144 elementor-widget elementor-widget-text-editor\" data-id=\"e965144\" data-element_type=\"widget\" data-e-type=\"widget\" data-widget_type=\"text-editor.default\">\n\t\t\t\t<div class=\"elementor-widget-container\">\n\t\t\t\t\t\t\t\t\t<p><span class=\"notion-enable-hover\" style=\"color: rgba(120, 119, 116, 1); fill: rgba(120, 119, 116, 1);\" data-token-index=\"0\">Retrouvez-nous sur <\/span><a class=\"notion-link-token notion-focusable-token notion-enable-hover\" style=\"cursor: pointer; color: rgba(120, 119, 116, 1); word-wrap: break-word; fill: rgba(120, 119, 116, 1); text-decoration: inherit;\" tabindex=\"0\" href=\"https:\/\/www.linkedin.com\/company\/time2plug\/\" rel=\"noopener noreferrer\" data-token-index=\"1\"><span class=\"link-annotation-unknown-block-id--1298926074\" style=\"border-bottom: 0.05em solid; border-color: rgba(55,53,47,.4); opacity: 0.7;\">LinkedIn<\/span><\/a><span class=\"notion-enable-hover\" style=\"color: rgba(120, 119, 116, 1); fill: rgba(120, 119, 116, 1);\" data-token-index=\"2\"> !<\/span><!-- notionvc: 358e51d1-0670-4f59-9fb0-dbbcea2fb045 --><\/p>\t\t\t\t\t\t\t\t<\/div>\n\t\t\t\t<\/div>\n\t\t\t\t<div class=\"elementor-element elementor-element-c5fdcb3 elementor-widget elementor-widget-heading\" data-id=\"c5fdcb3\" data-element_type=\"widget\" data-e-type=\"widget\" data-widget_type=\"heading.default\">\n\t\t\t\t<div class=\"elementor-widget-container\">\n\t\t\t\t\t<h2 class=\"elementor-heading-title elementor-size-default\"><span role=\"img\" aria-label=\"\u2795\" style=\",EmojiSymbols;line-height:1em;white-space:nowrap;font-size:1em\">\u2795<\/span> <span style=\"font-weight:600\" data-token-index=\"1\" class=\"notion-enable-hover\">Quels b\u00e9n\u00e9fices attendre ?<\/span><!-- notionvc: d8a11d86-1ddf-44de-a0dd-85072851c420 --><\/h2>\t\t\t\t<\/div>\n\t\t\t\t<\/div>\n\t\t\t\t<div class=\"elementor-element elementor-element-4787408 elementor-widget elementor-widget-text-editor\" data-id=\"4787408\" data-element_type=\"widget\" data-e-type=\"widget\" data-widget_type=\"text-editor.default\">\n\t\t\t\t<div class=\"elementor-widget-container\">\n\t\t\t\t\t\t\t\t\t<p>Au-del\u00e0 des contraintes r\u00e9glementaires, les bornes de recharge pour v\u00e9hicules \u00e9lectriques peuvent <strong>renforcer l&rsquo;attractivit\u00e9 d&rsquo;un programme immobilier neuf.<\/strong> Les promoteurs b\u00e9n\u00e9ficient d&rsquo;un <strong>avantage commercial<\/strong> ind\u00e9niable en installant ces \u00e9quipements avant la livraison. Les bornes de recharge disponibles imm\u00e9diatement ajoutent une <strong>valeur significative<\/strong> aux programmes immobiliers en offrant un <strong>parking d\u00e9j\u00e0 \u00e9quip\u00e9,<\/strong> ce qui \u00e9limine les tracas li\u00e9s \u00e0 l&rsquo;installation pour les futurs r\u00e9sidents. Avec la <strong>croissance<\/strong> pr\u00e9vue du nombre de conducteurs de v\u00e9hicules \u00e9lectriques, il est crucial que les nouvelles structures <strong>offrent des solutions de recharge<\/strong> pratiques. De plus, les bornes de recharge v\u00e9hiculent une <strong>image de modernit\u00e9<\/strong> et de <strong>confort<\/strong> pour les utilisateurs, tout en contribuant \u00e0 la <strong>r\u00e9duction des \u00e9missions de gaz \u00e0 effet de serre.<\/strong><\/p>\t\t\t\t\t\t\t\t<\/div>\n\t\t\t\t<\/div>\n\t\t\t\t\t<\/div>\n\t\t<\/div>\n\t\t\t\t\t<\/div>\n\t\t<\/section>\n\t\t\t\t<section class=\"elementor-section elementor-top-section elementor-element elementor-element-cec4207 elementor-section-boxed elementor-section-height-default elementor-section-height-default\" data-id=\"cec4207\" data-element_type=\"section\" data-e-type=\"section\">\n\t\t\t\t\t\t<div class=\"elementor-container elementor-column-gap-default\">\n\t\t\t\t\t<div class=\"elementor-column elementor-col-100 elementor-top-column elementor-element elementor-element-992f1ad\" data-id=\"992f1ad\" data-element_type=\"column\" data-e-type=\"column\">\n\t\t\t<div class=\"elementor-widget-wrap elementor-element-populated\">\n\t\t\t\t\t\t<div class=\"elementor-element elementor-element-e71a81a elementor-widget elementor-widget-heading\" data-id=\"e71a81a\" data-element_type=\"widget\" data-e-type=\"widget\" data-widget_type=\"heading.default\">\n\t\t\t\t<div class=\"elementor-widget-container\">\n\t\t\t\t\t<h3 class=\"elementor-heading-title elementor-size-default\"><span style=\"font-weight:600\" data-token-index=\"0\" class=\"notion-enable-hover\">Quel est finalement l'impact des bornes de recharge sur la valeur immobili\u00e8re des entreprises\/r\u00e9sidences ?<\/span><!-- notionvc: 0f3746c9-1799-4b11-9859-e8233c511826 --><\/h3>\t\t\t\t<\/div>\n\t\t\t\t<\/div>\n\t\t\t\t<div class=\"elementor-element elementor-element-2a0e7ff elementor-widget elementor-widget-text-editor\" data-id=\"2a0e7ff\" data-element_type=\"widget\" data-e-type=\"widget\" data-widget_type=\"text-editor.default\">\n\t\t\t\t<div class=\"elementor-widget-container\">\n\t\t\t\t\t\t\t\t\t<p>Les bornes de recharge pour v\u00e9hicules \u00e9lectriques ne sont plus seulement des \u00e9quipements fonctionnels, mais aussi des<strong> \u00e9l\u00e9ments de valeur<\/strong> qui peuvent <strong>diff\u00e9rencier un programme<\/strong> immobilier. En anticipant et en int\u00e9grant ces infrastructures d\u00e8s la phase de construction, les promoteurs immobiliers peuvent non seulement <strong>r\u00e9pondre aux exigences r\u00e9glementaires<\/strong>, mais \u00e9galement <strong>valoriser le projet<\/strong> en offrant des solutions de recharge <strong>pratiques et modernes.<\/strong><\/p><p><!-- notionvc: eb0120d0-972a-4eb1-a796-349623eba4d8 --><\/p><p><strong>Chez Time2plug, nous sommes l\u00e0 pour vous accompagner dans l&rsquo;int\u00e9gration r\u00e9ussie des bornes de recharge dans vos programmes immobiliers, assurant ainsi une transition vers un avenir plus durable et \u00e9cologique.<\/strong><!-- notionvc: 5c414118-6e24-4b4d-a79e-d58870f077fe --><\/p>\t\t\t\t\t\t\t\t<\/div>\n\t\t\t\t<\/div>\n\t\t\t\t<div class=\"elementor-element elementor-element-39df3ef elementor-widget elementor-widget-text-editor\" data-id=\"39df3ef\" data-element_type=\"widget\" data-e-type=\"widget\" data-widget_type=\"text-editor.default\">\n\t\t\t\t<div class=\"elementor-widget-container\">\n\t\t\t\t\t\t\t\t\t<p><span class=\"notion-enable-hover\" style=\"color: rgba(120, 119, 116, 1); fill: rgba(120, 119, 116, 1);\" data-token-index=\"0\">Vous \u00eates une entreprise, un h\u00f4tel, un camping ou autre, et vous souhaitez installer des bornes de recharge sur votre parking ? Faites d\u00e8s maintenant une <\/span><span class=\"notion-enable-hover\" style=\"color: #787774; border-bottom-width: 0.05em; border-bottom-style: solid; overflow-wrap: break-word; font-style: italic; fill: #787774;\" data-token-index=\"1\"><a href=\"https:\/\/www.time2plug.com\/page\/#vousetes\">demande de simulation<\/a><\/span><span class=\"notion-enable-hover\" style=\"color: rgba(120, 119, 116, 1); fill: rgba(120, 119, 116, 1);\" data-token-index=\"3\">\u00a0sur mesure et personnalis\u00e9e, adapt\u00e9e \u00e0 votre activit\u00e9 !<\/span><!-- notionvc: f76ba610-6def-4e8f-b220-235bf76add4a --><\/p>\t\t\t\t\t\t\t\t<\/div>\n\t\t\t\t<\/div>\n\t\t\t\t\t<\/div>\n\t\t<\/div>\n\t\t\t\t\t<\/div>\n\t\t<\/section>\n\t\t\t\t<\/div>\n\t\t","protected":false},"excerpt":{"rendered":"<p>Ces derni\u00e8res d\u00e9cennies, le d\u00e9veloppement durable a acquis une priorit\u00e9 incontestable dans le domaine de la construction. Il ne s&rsquo;agit plus simplement d&rsquo;une id\u00e9ologie, et les b\u00e2timents modernes ne font pas exception \u00e0 cette r\u00e8gle. Ils sont dor\u00e9navant con\u00e7us en tenant compte de la r\u00e9duction des d\u00e9penses \u00e9nerg\u00e9tiques et des \u00e9missions de carbone, r\u00e9pondant ainsi [&hellip;]<\/p>\n","protected":false},"author":15,"featured_media":11105,"comment_status":"open","ping_status":"open","sticky":false,"template":"","format":"standard","meta":{"_monsterinsights_skip_tracking":false,"_monsterinsights_sitenote_active":false,"_monsterinsights_sitenote_note":"","_monsterinsights_sitenote_category":0,"ocean_post_layout":"","ocean_both_sidebars_style":"","ocean_both_sidebars_content_width":0,"ocean_both_sidebars_sidebars_width":0,"ocean_sidebar":"","ocean_second_sidebar":"","ocean_disable_margins":"enable","ocean_add_body_class":"","ocean_shortcode_before_top_bar":"","ocean_shortcode_after_top_bar":"","ocean_shortcode_before_header":"","ocean_shortcode_after_header":"","ocean_has_shortcode":"","ocean_shortcode_after_title":"","ocean_shortcode_before_footer_widgets":"","ocean_shortcode_after_footer_widgets":"","ocean_shortcode_before_footer_bottom":"","ocean_shortcode_after_footer_bottom":"","ocean_display_top_bar":"default","ocean_display_header":"default","ocean_header_style":"","ocean_center_header_left_menu":"","ocean_custom_header_template":"","ocean_custom_logo":0,"ocean_custom_retina_logo":0,"ocean_custom_logo_max_width":0,"ocean_custom_logo_tablet_max_width":0,"ocean_custom_logo_mobile_max_width":0,"ocean_custom_logo_max_height":0,"ocean_custom_logo_tablet_max_height":0,"ocean_custom_logo_mobile_max_height":0,"ocean_header_custom_menu":"","ocean_menu_typo_font_family":"","ocean_menu_typo_font_subset":"","ocean_menu_typo_font_size":0,"ocean_menu_typo_font_size_tablet":0,"ocean_menu_typo_font_size_mobile":0,"ocean_menu_typo_font_size_unit":"px","ocean_menu_typo_font_weight":"","ocean_menu_typo_font_weight_tablet":"","ocean_menu_typo_font_weight_mobile":"","ocean_menu_typo_transform":"","ocean_menu_typo_transform_tablet":"","ocean_menu_typo_transform_mobile":"","ocean_menu_typo_line_height":0,"ocean_menu_typo_line_height_tablet":0,"ocean_menu_typo_line_height_mobile":0,"ocean_menu_typo_line_height_unit":"","ocean_menu_typo_spacing":0,"ocean_menu_typo_spacing_tablet":0,"ocean_menu_typo_spacing_mobile":0,"ocean_menu_typo_spacing_unit":"","ocean_menu_link_color":"","ocean_menu_link_color_hover":"","ocean_menu_link_color_active":"","ocean_menu_link_background":"","ocean_menu_link_hover_background":"","ocean_menu_link_active_background":"","ocean_menu_social_links_bg":"","ocean_menu_social_hover_links_bg":"","ocean_menu_social_links_color":"","ocean_menu_social_hover_links_color":"","ocean_disable_title":"default","ocean_disable_heading":"default","ocean_post_title":"","ocean_post_subheading":"","ocean_post_title_style":"","ocean_post_title_background_color":"","ocean_post_title_background":0,"ocean_post_title_bg_image_position":"","ocean_post_title_bg_image_attachment":"","ocean_post_title_bg_image_repeat":"","ocean_post_title_bg_image_size":"","ocean_post_title_height":0,"ocean_post_title_bg_overlay":0.5,"ocean_post_title_bg_overlay_color":"","ocean_disable_breadcrumbs":"default","ocean_breadcrumbs_color":"","ocean_breadcrumbs_separator_color":"","ocean_breadcrumbs_links_color":"","ocean_breadcrumbs_links_hover_color":"","ocean_display_footer_widgets":"default","ocean_display_footer_bottom":"default","ocean_custom_footer_template":"","osh_disable_topbar_sticky":"default","osh_disable_header_sticky":"default","osh_sticky_header_style":"default","osh_sticky_header_effect":"","osh_custom_sticky_logo":0,"osh_custom_retina_sticky_logo":0,"osh_custom_sticky_logo_height":0,"osh_background_color":"","osh_links_color":"","osh_links_hover_color":"","osh_links_active_color":"","osh_links_bg_color":"","osh_links_hover_bg_color":"","osh_links_active_bg_color":"","osh_menu_social_links_color":"","osh_menu_social_hover_links_color":"","ocean_post_oembed":"","ocean_post_self_hosted_media":"","ocean_post_video_embed":"","ocean_link_format":"","ocean_link_format_target":"self","ocean_quote_format":"","ocean_quote_format_link":"post","ocean_gallery_link_images":"on","ocean_gallery_id":[],"footnotes":""},"categories":[18,13,17,15,12,14],"tags":[],"class_list":["post-11096","post","type-post","status-publish","format-standard","has-post-thumbnail","hentry","category-actualite","category-campings","category-coproprietes","category-entreprises","category-hotels","category-restaurants","entry","has-media"],"yoast_head":"<!-- This site is optimized with the Yoast SEO plugin v27.4 - https:\/\/yoast.com\/product\/yoast-seo-wordpress\/ -->\n<title>L&#039;impact des bornes de charge sur la valeur immobili\u00e8re des entreprises\/r\u00e9sidences<\/title>\n<meta name=\"description\" content=\"D\u00e9couvrez dans notre article l&#039;impact des bornes de charge que peuvent avoir sur la valeur immobili\u00e8re des entreprises\/r\u00e9sidences\" \/>\n<meta name=\"robots\" content=\"index, follow, max-snippet:-1, max-image-preview:large, max-video-preview:-1\" \/>\n<link rel=\"canonical\" href=\"https:\/\/www.time2plug.com\/page\/impact-bornes-de-charge-sur-valeur-immobiliere-des-entreprises-residences\/\" \/>\n<meta property=\"og:locale\" content=\"fr_FR\" \/>\n<meta property=\"og:type\" content=\"article\" \/>\n<meta property=\"og:title\" content=\"L&#039;impact des bornes de charge sur la valeur immobili\u00e8re des entreprises\/r\u00e9sidences\" \/>\n<meta property=\"og:description\" content=\"D\u00e9couvrez dans notre article l&#039;impact des bornes de charge que peuvent avoir sur la valeur immobili\u00e8re des entreprises\/r\u00e9sidences\" \/>\n<meta property=\"og:url\" content=\"https:\/\/www.time2plug.com\/page\/impact-bornes-de-charge-sur-valeur-immobiliere-des-entreprises-residences\/\" \/>\n<meta property=\"og:site_name\" content=\"Time2plug\" \/>\n<meta property=\"article:published_time\" content=\"2024-03-12T10:05:17+00:00\" \/>\n<meta property=\"article:modified_time\" content=\"2025-01-14T12:30:48+00:00\" \/>\n<meta property=\"og:image\" content=\"https:\/\/www.time2plug.com\/page\/wp-content\/uploads\/2024\/03\/istockphoto-1398654051-1024x1024-1.jpg\" \/>\n\t<meta property=\"og:image:width\" content=\"1024\" \/>\n\t<meta property=\"og:image:height\" content=\"416\" \/>\n\t<meta property=\"og:image:type\" content=\"image\/jpeg\" \/>\n<meta name=\"author\" content=\"Lou N\u00e9mard\" \/>\n<meta name=\"twitter:card\" content=\"summary_large_image\" \/>\n<meta name=\"twitter:label1\" content=\"\u00c9crit par\" \/>\n\t<meta name=\"twitter:data1\" content=\"Lou N\u00e9mard\" \/>\n\t<meta name=\"twitter:label2\" content=\"Dur\u00e9e de lecture estim\u00e9e\" \/>\n\t<meta name=\"twitter:data2\" content=\"4 minutes\" \/>\n<script type=\"application\/ld+json\" class=\"yoast-schema-graph\">{\"@context\":\"https:\\\/\\\/schema.org\",\"@graph\":[{\"@type\":\"Article\",\"@id\":\"https:\\\/\\\/www.time2plug.com\\\/page\\\/impact-bornes-de-charge-sur-valeur-immobiliere-des-entreprises-residences\\\/#article\",\"isPartOf\":{\"@id\":\"https:\\\/\\\/www.time2plug.com\\\/page\\\/impact-bornes-de-charge-sur-valeur-immobiliere-des-entreprises-residences\\\/\"},\"author\":{\"name\":\"Lou N\u00e9mard\",\"@id\":\"https:\\\/\\\/www.time2plug.com\\\/page\\\/#\\\/schema\\\/person\\\/539b6aabfd255f20a3b9456285b9c81a\"},\"headline\":\"L&rsquo;impact des bornes de charge sur la valeur immobili\u00e8re des entreprises\\\/r\u00e9sidences\",\"datePublished\":\"2024-03-12T10:05:17+00:00\",\"dateModified\":\"2025-01-14T12:30:48+00:00\",\"mainEntityOfPage\":{\"@id\":\"https:\\\/\\\/www.time2plug.com\\\/page\\\/impact-bornes-de-charge-sur-valeur-immobiliere-des-entreprises-residences\\\/\"},\"wordCount\":767,\"commentCount\":0,\"publisher\":{\"@id\":\"https:\\\/\\\/www.time2plug.com\\\/page\\\/#organization\"},\"image\":{\"@id\":\"https:\\\/\\\/www.time2plug.com\\\/page\\\/impact-bornes-de-charge-sur-valeur-immobiliere-des-entreprises-residences\\\/#primaryimage\"},\"thumbnailUrl\":\"https:\\\/\\\/www.time2plug.com\\\/page\\\/wp-content\\\/uploads\\\/2024\\\/03\\\/istockphoto-1398654051-1024x1024-1.jpg\",\"articleSection\":[\"Actualit\u00e9\",\"Campings\",\"Copropri\u00e9t\u00e9s\",\"Entreprises\",\"H\u00f4tels\",\"Restaurants\"],\"inLanguage\":\"fr-FR\",\"potentialAction\":[{\"@type\":\"CommentAction\",\"name\":\"Comment\",\"target\":[\"https:\\\/\\\/www.time2plug.com\\\/page\\\/impact-bornes-de-charge-sur-valeur-immobiliere-des-entreprises-residences\\\/#respond\"]}]},{\"@type\":\"WebPage\",\"@id\":\"https:\\\/\\\/www.time2plug.com\\\/page\\\/impact-bornes-de-charge-sur-valeur-immobiliere-des-entreprises-residences\\\/\",\"url\":\"https:\\\/\\\/www.time2plug.com\\\/page\\\/impact-bornes-de-charge-sur-valeur-immobiliere-des-entreprises-residences\\\/\",\"name\":\"L'impact des bornes de charge sur la valeur immobili\u00e8re des entreprises\\\/r\u00e9sidences\",\"isPartOf\":{\"@id\":\"https:\\\/\\\/www.time2plug.com\\\/page\\\/#website\"},\"primaryImageOfPage\":{\"@id\":\"https:\\\/\\\/www.time2plug.com\\\/page\\\/impact-bornes-de-charge-sur-valeur-immobiliere-des-entreprises-residences\\\/#primaryimage\"},\"image\":{\"@id\":\"https:\\\/\\\/www.time2plug.com\\\/page\\\/impact-bornes-de-charge-sur-valeur-immobiliere-des-entreprises-residences\\\/#primaryimage\"},\"thumbnailUrl\":\"https:\\\/\\\/www.time2plug.com\\\/page\\\/wp-content\\\/uploads\\\/2024\\\/03\\\/istockphoto-1398654051-1024x1024-1.jpg\",\"datePublished\":\"2024-03-12T10:05:17+00:00\",\"dateModified\":\"2025-01-14T12:30:48+00:00\",\"description\":\"D\u00e9couvrez dans notre article l'impact des bornes de charge que peuvent avoir sur la valeur immobili\u00e8re des entreprises\\\/r\u00e9sidences\",\"breadcrumb\":{\"@id\":\"https:\\\/\\\/www.time2plug.com\\\/page\\\/impact-bornes-de-charge-sur-valeur-immobiliere-des-entreprises-residences\\\/#breadcrumb\"},\"inLanguage\":\"fr-FR\",\"potentialAction\":[{\"@type\":\"ReadAction\",\"target\":[\"https:\\\/\\\/www.time2plug.com\\\/page\\\/impact-bornes-de-charge-sur-valeur-immobiliere-des-entreprises-residences\\\/\"]}]},{\"@type\":\"ImageObject\",\"inLanguage\":\"fr-FR\",\"@id\":\"https:\\\/\\\/www.time2plug.com\\\/page\\\/impact-bornes-de-charge-sur-valeur-immobiliere-des-entreprises-residences\\\/#primaryimage\",\"url\":\"https:\\\/\\\/www.time2plug.com\\\/page\\\/wp-content\\\/uploads\\\/2024\\\/03\\\/istockphoto-1398654051-1024x1024-1.jpg\",\"contentUrl\":\"https:\\\/\\\/www.time2plug.com\\\/page\\\/wp-content\\\/uploads\\\/2024\\\/03\\\/istockphoto-1398654051-1024x1024-1.jpg\",\"width\":1024,\"height\":416,\"caption\":\"L'impact des bornes de charge sur la valeur immobili\u00e8re des entreprises\\\/r\u00e9sidences\"},{\"@type\":\"BreadcrumbList\",\"@id\":\"https:\\\/\\\/www.time2plug.com\\\/page\\\/impact-bornes-de-charge-sur-valeur-immobiliere-des-entreprises-residences\\\/#breadcrumb\",\"itemListElement\":[{\"@type\":\"ListItem\",\"position\":1,\"name\":\"Accueil\",\"item\":\"https:\\\/\\\/www.time2plug.com\\\/page\\\/\"},{\"@type\":\"ListItem\",\"position\":2,\"name\":\"L&rsquo;impact des bornes de charge sur la valeur immobili\u00e8re des entreprises\\\/r\u00e9sidences\"}]},{\"@type\":\"WebSite\",\"@id\":\"https:\\\/\\\/www.time2plug.com\\\/page\\\/#website\",\"url\":\"https:\\\/\\\/www.time2plug.com\\\/page\\\/\",\"name\":\"Time2plug\",\"description\":\"Installation et gestion de bornes recharge pour voitures \u00e9lectriques\",\"publisher\":{\"@id\":\"https:\\\/\\\/www.time2plug.com\\\/page\\\/#organization\"},\"alternateName\":\"Bornes de recharge pour voitures \u00e9lectriques\",\"potentialAction\":[{\"@type\":\"SearchAction\",\"target\":{\"@type\":\"EntryPoint\",\"urlTemplate\":\"https:\\\/\\\/www.time2plug.com\\\/page\\\/?s={search_term_string}\"},\"query-input\":{\"@type\":\"PropertyValueSpecification\",\"valueRequired\":true,\"valueName\":\"search_term_string\"}}],\"inLanguage\":\"fr-FR\"},{\"@type\":\"Organization\",\"@id\":\"https:\\\/\\\/www.time2plug.com\\\/page\\\/#organization\",\"name\":\"Time2plug\",\"alternateName\":\"Bornes de recharge pour voitures \u00e9lectriques\",\"url\":\"https:\\\/\\\/www.time2plug.com\\\/page\\\/\",\"logo\":{\"@type\":\"ImageObject\",\"inLanguage\":\"fr-FR\",\"@id\":\"https:\\\/\\\/www.time2plug.com\\\/page\\\/#\\\/schema\\\/logo\\\/image\\\/\",\"url\":\"https:\\\/\\\/www.time2plug.com\\\/page\\\/wp-content\\\/uploads\\\/2025\\\/04\\\/T2P-Blanc_Background-Orange.png\",\"contentUrl\":\"https:\\\/\\\/www.time2plug.com\\\/page\\\/wp-content\\\/uploads\\\/2025\\\/04\\\/T2P-Blanc_Background-Orange.png\",\"width\":300,\"height\":300,\"caption\":\"Time2plug\"},\"image\":{\"@id\":\"https:\\\/\\\/www.time2plug.com\\\/page\\\/#\\\/schema\\\/logo\\\/image\\\/\"},\"sameAs\":[\"https:\\\/\\\/www.linkedin.com\\\/company\\\/time2plug\\\/\"]},{\"@type\":\"Person\",\"@id\":\"https:\\\/\\\/www.time2plug.com\\\/page\\\/#\\\/schema\\\/person\\\/539b6aabfd255f20a3b9456285b9c81a\",\"name\":\"Lou N\u00e9mard\",\"image\":{\"@type\":\"ImageObject\",\"inLanguage\":\"fr-FR\",\"@id\":\"https:\\\/\\\/secure.gravatar.com\\\/avatar\\\/916760b7331d513c0d331643a2db0b425c4f4d5e1ae0a0fd832b438a77018a43?s=96&d=mm&r=g\",\"url\":\"https:\\\/\\\/secure.gravatar.com\\\/avatar\\\/916760b7331d513c0d331643a2db0b425c4f4d5e1ae0a0fd832b438a77018a43?s=96&d=mm&r=g\",\"contentUrl\":\"https:\\\/\\\/secure.gravatar.com\\\/avatar\\\/916760b7331d513c0d331643a2db0b425c4f4d5e1ae0a0fd832b438a77018a43?s=96&d=mm&r=g\",\"caption\":\"Lou N\u00e9mard\"}}]}<\/script>\n<!-- \/ Yoast SEO plugin. -->","yoast_head_json":{"title":"L'impact des bornes de charge sur la valeur immobili\u00e8re des entreprises\/r\u00e9sidences","description":"D\u00e9couvrez dans notre article l'impact des bornes de charge que peuvent avoir sur la valeur immobili\u00e8re des entreprises\/r\u00e9sidences","robots":{"index":"index","follow":"follow","max-snippet":"max-snippet:-1","max-image-preview":"max-image-preview:large","max-video-preview":"max-video-preview:-1"},"canonical":"https:\/\/www.time2plug.com\/page\/impact-bornes-de-charge-sur-valeur-immobiliere-des-entreprises-residences\/","og_locale":"fr_FR","og_type":"article","og_title":"L'impact des bornes de charge sur la valeur immobili\u00e8re des entreprises\/r\u00e9sidences","og_description":"D\u00e9couvrez dans notre article l'impact des bornes de charge que peuvent avoir sur la valeur immobili\u00e8re des entreprises\/r\u00e9sidences","og_url":"https:\/\/www.time2plug.com\/page\/impact-bornes-de-charge-sur-valeur-immobiliere-des-entreprises-residences\/","og_site_name":"Time2plug","article_published_time":"2024-03-12T10:05:17+00:00","article_modified_time":"2025-01-14T12:30:48+00:00","og_image":[{"width":1024,"height":416,"url":"https:\/\/www.time2plug.com\/page\/wp-content\/uploads\/2024\/03\/istockphoto-1398654051-1024x1024-1.jpg","type":"image\/jpeg"}],"author":"Lou N\u00e9mard","twitter_card":"summary_large_image","twitter_misc":{"\u00c9crit par":"Lou N\u00e9mard","Dur\u00e9e de lecture estim\u00e9e":"4 minutes"},"schema":{"@context":"https:\/\/schema.org","@graph":[{"@type":"Article","@id":"https:\/\/www.time2plug.com\/page\/impact-bornes-de-charge-sur-valeur-immobiliere-des-entreprises-residences\/#article","isPartOf":{"@id":"https:\/\/www.time2plug.com\/page\/impact-bornes-de-charge-sur-valeur-immobiliere-des-entreprises-residences\/"},"author":{"name":"Lou N\u00e9mard","@id":"https:\/\/www.time2plug.com\/page\/#\/schema\/person\/539b6aabfd255f20a3b9456285b9c81a"},"headline":"L&rsquo;impact des bornes de charge sur la valeur immobili\u00e8re des entreprises\/r\u00e9sidences","datePublished":"2024-03-12T10:05:17+00:00","dateModified":"2025-01-14T12:30:48+00:00","mainEntityOfPage":{"@id":"https:\/\/www.time2plug.com\/page\/impact-bornes-de-charge-sur-valeur-immobiliere-des-entreprises-residences\/"},"wordCount":767,"commentCount":0,"publisher":{"@id":"https:\/\/www.time2plug.com\/page\/#organization"},"image":{"@id":"https:\/\/www.time2plug.com\/page\/impact-bornes-de-charge-sur-valeur-immobiliere-des-entreprises-residences\/#primaryimage"},"thumbnailUrl":"https:\/\/www.time2plug.com\/page\/wp-content\/uploads\/2024\/03\/istockphoto-1398654051-1024x1024-1.jpg","articleSection":["Actualit\u00e9","Campings","Copropri\u00e9t\u00e9s","Entreprises","H\u00f4tels","Restaurants"],"inLanguage":"fr-FR","potentialAction":[{"@type":"CommentAction","name":"Comment","target":["https:\/\/www.time2plug.com\/page\/impact-bornes-de-charge-sur-valeur-immobiliere-des-entreprises-residences\/#respond"]}]},{"@type":"WebPage","@id":"https:\/\/www.time2plug.com\/page\/impact-bornes-de-charge-sur-valeur-immobiliere-des-entreprises-residences\/","url":"https:\/\/www.time2plug.com\/page\/impact-bornes-de-charge-sur-valeur-immobiliere-des-entreprises-residences\/","name":"L'impact des bornes de charge sur la valeur immobili\u00e8re des entreprises\/r\u00e9sidences","isPartOf":{"@id":"https:\/\/www.time2plug.com\/page\/#website"},"primaryImageOfPage":{"@id":"https:\/\/www.time2plug.com\/page\/impact-bornes-de-charge-sur-valeur-immobiliere-des-entreprises-residences\/#primaryimage"},"image":{"@id":"https:\/\/www.time2plug.com\/page\/impact-bornes-de-charge-sur-valeur-immobiliere-des-entreprises-residences\/#primaryimage"},"thumbnailUrl":"https:\/\/www.time2plug.com\/page\/wp-content\/uploads\/2024\/03\/istockphoto-1398654051-1024x1024-1.jpg","datePublished":"2024-03-12T10:05:17+00:00","dateModified":"2025-01-14T12:30:48+00:00","description":"D\u00e9couvrez dans notre article l'impact des bornes de charge que peuvent avoir sur la valeur immobili\u00e8re des entreprises\/r\u00e9sidences","breadcrumb":{"@id":"https:\/\/www.time2plug.com\/page\/impact-bornes-de-charge-sur-valeur-immobiliere-des-entreprises-residences\/#breadcrumb"},"inLanguage":"fr-FR","potentialAction":[{"@type":"ReadAction","target":["https:\/\/www.time2plug.com\/page\/impact-bornes-de-charge-sur-valeur-immobiliere-des-entreprises-residences\/"]}]},{"@type":"ImageObject","inLanguage":"fr-FR","@id":"https:\/\/www.time2plug.com\/page\/impact-bornes-de-charge-sur-valeur-immobiliere-des-entreprises-residences\/#primaryimage","url":"https:\/\/www.time2plug.com\/page\/wp-content\/uploads\/2024\/03\/istockphoto-1398654051-1024x1024-1.jpg","contentUrl":"https:\/\/www.time2plug.com\/page\/wp-content\/uploads\/2024\/03\/istockphoto-1398654051-1024x1024-1.jpg","width":1024,"height":416,"caption":"L'impact des bornes de charge sur la valeur immobili\u00e8re des entreprises\/r\u00e9sidences"},{"@type":"BreadcrumbList","@id":"https:\/\/www.time2plug.com\/page\/impact-bornes-de-charge-sur-valeur-immobiliere-des-entreprises-residences\/#breadcrumb","itemListElement":[{"@type":"ListItem","position":1,"name":"Accueil","item":"https:\/\/www.time2plug.com\/page\/"},{"@type":"ListItem","position":2,"name":"L&rsquo;impact des bornes de charge sur la valeur immobili\u00e8re des entreprises\/r\u00e9sidences"}]},{"@type":"WebSite","@id":"https:\/\/www.time2plug.com\/page\/#website","url":"https:\/\/www.time2plug.com\/page\/","name":"Time2plug","description":"Installation et gestion de bornes recharge pour voitures \u00e9lectriques","publisher":{"@id":"https:\/\/www.time2plug.com\/page\/#organization"},"alternateName":"Bornes de recharge pour voitures \u00e9lectriques","potentialAction":[{"@type":"SearchAction","target":{"@type":"EntryPoint","urlTemplate":"https:\/\/www.time2plug.com\/page\/?s={search_term_string}"},"query-input":{"@type":"PropertyValueSpecification","valueRequired":true,"valueName":"search_term_string"}}],"inLanguage":"fr-FR"},{"@type":"Organization","@id":"https:\/\/www.time2plug.com\/page\/#organization","name":"Time2plug","alternateName":"Bornes de recharge pour voitures \u00e9lectriques","url":"https:\/\/www.time2plug.com\/page\/","logo":{"@type":"ImageObject","inLanguage":"fr-FR","@id":"https:\/\/www.time2plug.com\/page\/#\/schema\/logo\/image\/","url":"https:\/\/www.time2plug.com\/page\/wp-content\/uploads\/2025\/04\/T2P-Blanc_Background-Orange.png","contentUrl":"https:\/\/www.time2plug.com\/page\/wp-content\/uploads\/2025\/04\/T2P-Blanc_Background-Orange.png","width":300,"height":300,"caption":"Time2plug"},"image":{"@id":"https:\/\/www.time2plug.com\/page\/#\/schema\/logo\/image\/"},"sameAs":["https:\/\/www.linkedin.com\/company\/time2plug\/"]},{"@type":"Person","@id":"https:\/\/www.time2plug.com\/page\/#\/schema\/person\/539b6aabfd255f20a3b9456285b9c81a","name":"Lou N\u00e9mard","image":{"@type":"ImageObject","inLanguage":"fr-FR","@id":"https:\/\/secure.gravatar.com\/avatar\/916760b7331d513c0d331643a2db0b425c4f4d5e1ae0a0fd832b438a77018a43?s=96&d=mm&r=g","url":"https:\/\/secure.gravatar.com\/avatar\/916760b7331d513c0d331643a2db0b425c4f4d5e1ae0a0fd832b438a77018a43?s=96&d=mm&r=g","contentUrl":"https:\/\/secure.gravatar.com\/avatar\/916760b7331d513c0d331643a2db0b425c4f4d5e1ae0a0fd832b438a77018a43?s=96&d=mm&r=g","caption":"Lou N\u00e9mard"}}]}},"_links":{"self":[{"href":"https:\/\/www.time2plug.com\/page\/wp-json\/wp\/v2\/posts\/11096","targetHints":{"allow":["GET"]}}],"collection":[{"href":"https:\/\/www.time2plug.com\/page\/wp-json\/wp\/v2\/posts"}],"about":[{"href":"https:\/\/www.time2plug.com\/page\/wp-json\/wp\/v2\/types\/post"}],"author":[{"embeddable":true,"href":"https:\/\/www.time2plug.com\/page\/wp-json\/wp\/v2\/users\/15"}],"replies":[{"embeddable":true,"href":"https:\/\/www.time2plug.com\/page\/wp-json\/wp\/v2\/comments?post=11096"}],"version-history":[{"count":0,"href":"https:\/\/www.time2plug.com\/page\/wp-json\/wp\/v2\/posts\/11096\/revisions"}],"wp:featuredmedia":[{"embeddable":true,"href":"https:\/\/www.time2plug.com\/page\/wp-json\/wp\/v2\/media\/11105"}],"wp:attachment":[{"href":"https:\/\/www.time2plug.com\/page\/wp-json\/wp\/v2\/media?parent=11096"}],"wp:term":[{"taxonomy":"category","embeddable":true,"href":"https:\/\/www.time2plug.com\/page\/wp-json\/wp\/v2\/categories?post=11096"},{"taxonomy":"post_tag","embeddable":true,"href":"https:\/\/www.time2plug.com\/page\/wp-json\/wp\/v2\/tags?post=11096"}],"curies":[{"name":"wp","href":"https:\/\/api.w.org\/{rel}","templated":true}]}}