{"id":13192,"date":"2024-04-30T13:42:24","date_gmt":"2024-04-30T11:42:24","guid":{"rendered":"https:\/\/www.time2plug.com\/page\/?p=13192"},"modified":"2024-05-14T11:46:57","modified_gmt":"2024-05-14T09:46:57","slug":"levolution-des-comportements-des-consommateurs-en-matiere-de-mobilite-electrique","status":"publish","type":"post","link":"https:\/\/www.time2plug.com\/page\/levolution-des-comportements-des-consommateurs-en-matiere-de-mobilite-electrique\/","title":{"rendered":"L&rsquo;\u00e9volution des comportements des consommateurs en mati\u00e8re de mobilit\u00e9 \u00e9lectrique"},"content":{"rendered":"\t\t<div data-elementor-type=\"wp-post\" data-elementor-id=\"13192\" class=\"elementor elementor-13192\" data-elementor-post-type=\"post\">\n\t\t\t\t\t\t<section class=\"elementor-section elementor-top-section elementor-element elementor-element-6fd04b4 elementor-section-boxed elementor-section-height-default elementor-section-height-default\" data-id=\"6fd04b4\" data-element_type=\"section\" data-e-type=\"section\">\n\t\t\t\t\t\t<div class=\"elementor-container elementor-column-gap-default\">\n\t\t\t\t\t<div class=\"elementor-column elementor-col-100 elementor-top-column elementor-element elementor-element-45e7aad\" data-id=\"45e7aad\" data-element_type=\"column\" data-e-type=\"column\">\n\t\t\t<div class=\"elementor-widget-wrap elementor-element-populated\">\n\t\t\t\t\t\t<div class=\"elementor-element elementor-element-0a0e849 elementor-widget elementor-widget-text-editor\" data-id=\"0a0e849\" data-element_type=\"widget\" data-e-type=\"widget\" data-widget_type=\"text-editor.default\">\n\t\t\t\t<div class=\"elementor-widget-container\">\n\t\t\t\t\t\t\t\t\t<p>La<b> transition<\/b> vers la <b>mobilit\u00e9 \u00e9lectrique<\/b> prend de l&rsquo;<b>ampleur en France<\/b>, comme le <strong>confirment<\/strong> les<strong> chiffres de 2023<\/strong>. La <strong>croissance<\/strong> de l&rsquo;industrie automobile fran\u00e7aise est particuli\u00e8rement <strong>soutenue<\/strong> par les <strong>ventes de voitures enti\u00e8rement \u00e9lectriques et d&rsquo;hybrides rechargeables<\/strong>, surtout en \u00cele-de-France. Mais<strong> quels sont les moteurs de ce changement<\/strong> et quelle est la <strong>perception des consommateurs vis-\u00e0-vis de cette \u00e9volution ?<\/strong> D\u00e9couvrons les derni\u00e8res \u00e9tudes et recherches sur l&rsquo;\u00e9volution des comportements des consommateurs en mati\u00e8re de mobilit\u00e9 \u00e9lectrique dans cet article.<\/p>\t\t\t\t\t\t\t\t<\/div>\n\t\t\t\t<\/div>\n\t\t\t\t\t<\/div>\n\t\t<\/div>\n\t\t\t\t\t<\/div>\n\t\t<\/section>\n\t\t\t\t<section class=\"elementor-section elementor-top-section elementor-element elementor-element-2620e2d elementor-section-boxed elementor-section-height-default elementor-section-height-default\" data-id=\"2620e2d\" data-element_type=\"section\" data-e-type=\"section\">\n\t\t\t\t\t\t<div class=\"elementor-container elementor-column-gap-default\">\n\t\t\t\t\t<div class=\"elementor-column elementor-col-100 elementor-top-column elementor-element elementor-element-6536bea\" data-id=\"6536bea\" data-element_type=\"column\" data-e-type=\"column\">\n\t\t\t<div class=\"elementor-widget-wrap elementor-element-populated\">\n\t\t\t\t\t\t<div class=\"elementor-element elementor-element-e965144 elementor-widget__width-initial elementor-widget elementor-widget-text-editor\" data-id=\"e965144\" data-element_type=\"widget\" data-e-type=\"widget\" data-widget_type=\"text-editor.default\">\n\t\t\t\t<div class=\"elementor-widget-container\">\n\t\t\t\t\t\t\t\t\t<p><strong>Retrouvez-nous sur <\/strong><span style=\"text-decoration: underline;\"><a class=\"notion-link-token notion-focusable-token notion-enable-hover\" style=\"cursor: pointer; color: #787774; overflow-wrap: break-word; fill: #787774; text-decoration: underline;\" tabindex=\"0\" href=\"https:\/\/www.linkedin.com\/company\/time2plug\/\" rel=\"noopener noreferrer\" data-token-index=\"1\"><span class=\"link-annotation-unknown-block-id--1298926074\" style=\"border-bottom: 0.05em solid; border-color: rgba(55,53,47,.4); opacity: 0.7;\">LinkedIn<\/span><\/a><span class=\"notion-enable-hover\" style=\"color: #787774; fill: #787774; text-decoration: underline;\" data-token-index=\"2\"> !<\/span><\/span><\/p>\t\t\t\t\t\t\t\t<\/div>\n\t\t\t\t<\/div>\n\t\t\t\t\t<\/div>\n\t\t<\/div>\n\t\t\t\t\t<\/div>\n\t\t<\/section>\n\t\t\t\t<section class=\"elementor-section elementor-top-section elementor-element elementor-element-1e6e9e1 elementor-section-boxed elementor-section-height-default elementor-section-height-default\" data-id=\"1e6e9e1\" data-element_type=\"section\" data-e-type=\"section\">\n\t\t\t\t\t\t<div class=\"elementor-container elementor-column-gap-default\">\n\t\t\t\t\t<div class=\"elementor-column elementor-col-100 elementor-top-column elementor-element elementor-element-0d7d202\" data-id=\"0d7d202\" data-element_type=\"column\" data-e-type=\"column\">\n\t\t\t<div class=\"elementor-widget-wrap elementor-element-populated\">\n\t\t\t\t\t\t<div class=\"elementor-element elementor-element-e6a3e79 elementor-widget elementor-widget-heading\" data-id=\"e6a3e79\" data-element_type=\"widget\" data-e-type=\"widget\" data-widget_type=\"heading.default\">\n\t\t\t\t<div class=\"elementor-widget-container\">\n\t\t\t\t\t<h2 class=\"elementor-heading-title elementor-size-default\"><span role=\"img\" aria-label=\"\ud83d\udd0c\" style=\",EmojiSymbols;line-height:1em;font-size:1em\">\ud83d\udd0c<\/span> <span style=\"font-weight:600\" class=\"notion-enable-hover\">La d\u00e9mocratisation de la voiture \u00e9lectrique :<\/span><!-- notionvc: 9094982d-57ce-4f00-a07e-034a35d9cba4 --><\/h2>\t\t\t\t<\/div>\n\t\t\t\t<\/div>\n\t\t\t\t<div class=\"elementor-element elementor-element-ea31b61 elementor-widget elementor-widget-text-editor\" data-id=\"ea31b61\" data-element_type=\"widget\" data-e-type=\"widget\" data-widget_type=\"text-editor.default\">\n\t\t\t\t<div class=\"elementor-widget-container\">\n\t\t\t\t\t\t\t\t\t<p>L&rsquo;ann\u00e9e 2023 marque un tournant avec <strong>300 000<\/strong> voitures <strong>100%<\/strong> <strong>\u00e9lectriques<\/strong> et<strong> 160 000 hybrides<\/strong> rechargeables <strong>vendues en France.<\/strong> Ce boom repr\u00e9sente <strong>26% des ventes de voitures neuves<\/strong>, d\u00e9passant m\u00eame les voitures diesels. Ces chiffres sont particuli\u00e8rement<strong> impressionnants<\/strong> en \u00cele-de-France, o\u00f9 les ventes ont <strong>augment\u00e9 de 60% pour les voitures \u00e9lectriques et de 41% pour les hybrides.<\/strong><!-- notionvc: fd1b80f7-f916-4639-a52d-533ea2315360 --><\/p>\t\t\t\t\t\t\t\t<\/div>\n\t\t\t\t<\/div>\n\t\t\t\t<div class=\"elementor-element elementor-element-99d878b elementor-widget elementor-widget-text-editor\" data-id=\"99d878b\" data-element_type=\"widget\" data-e-type=\"widget\" data-widget_type=\"text-editor.default\">\n\t\t\t\t<div class=\"elementor-widget-container\">\n\t\t\t\t\t\t\t\t\t<p><strong>\u00c0\u00a0lire aussi :<\/strong>\u00a0<span style=\"text-decoration: underline;\"><a style=\"font-size: 14px; background-color: #d5d5d5;\" href=\"https:\/\/www.time2plug.com\/page\/electrification-des-flottes-de-vehicules-vers-un-avenir-durable\/\">\u00c9lectrification des flottes de v\u00e9hicules : Vers un avenir durable (time2plug.com)<\/a><\/span><!-- notionvc: 69faf1c6-64ca-4e94-93fe-f44569f27964 --><\/p><p><!-- notionvc: eda14013-aeb1-4721-9e32-7fdd461fb3d2 --><\/p><p><!-- notionvc: cf39c181-0a8c-4515-bc3b-c01ee40a1f6f --><\/p><p><!-- notionvc: a3fe506b-667e-4188-85bb-8fd1c63508f8 --><\/p><p><!-- notionvc: 5d2da74d-9a02-4dcc-ac53-e9d8efde024c --><\/p><p><!-- notionvc: 38350f93-5f99-4f0e-b92e-4e538366c34a --><\/p>\t\t\t\t\t\t\t\t<\/div>\n\t\t\t\t<\/div>\n\t\t\t\t\t<\/div>\n\t\t<\/div>\n\t\t\t\t\t<\/div>\n\t\t<\/section>\n\t\t\t\t<section class=\"elementor-section elementor-top-section elementor-element elementor-element-563123a elementor-section-boxed elementor-section-height-default elementor-section-height-default\" data-id=\"563123a\" data-element_type=\"section\" data-e-type=\"section\">\n\t\t\t\t\t\t<div class=\"elementor-container elementor-column-gap-default\">\n\t\t\t\t\t<div class=\"elementor-column elementor-col-100 elementor-top-column elementor-element elementor-element-c446f68\" data-id=\"c446f68\" data-element_type=\"column\" data-e-type=\"column\">\n\t\t\t<div class=\"elementor-widget-wrap elementor-element-populated\">\n\t\t\t\t\t\t<div class=\"elementor-element elementor-element-903c672 elementor-widget elementor-widget-heading\" data-id=\"903c672\" data-element_type=\"widget\" data-e-type=\"widget\" data-widget_type=\"heading.default\">\n\t\t\t\t<div class=\"elementor-widget-container\">\n\t\t\t\t\t<h2 class=\"elementor-heading-title elementor-size-default\"><span role=\"img\" aria-label=\"\ud83d\udcb0\" style=\",EmojiSymbols;line-height:1em;font-size:1em\">\ud83d\udcb0<\/span> <span style=\"font-weight:600\" class=\"notion-enable-hover\">Les motivations d'achat :<\/span><!-- notionvc: 524b525b-90de-43d3-9f56-5875f708623b --><\/h2>\t\t\t\t<\/div>\n\t\t\t\t<\/div>\n\t\t\t\t<div class=\"elementor-element elementor-element-4b45b51 elementor-widget elementor-widget-text-editor\" data-id=\"4b45b51\" data-element_type=\"widget\" data-e-type=\"widget\" data-widget_type=\"text-editor.default\">\n\t\t\t\t<div class=\"elementor-widget-container\">\n\t\t\t\t\t\t\t\t\t<p>Selon une <a href=\"https:\/\/collectif-mobilite.fr\/les-franciliens-donnent-leur-avis-sur-le-passage-a-la-voiture-electrique\/\"><u>enqu\u00eate r\u00e9alis\u00e9e par le Collectif Mobilit\u00e9 <\/u><\/a>aupr\u00e8s de <strong>2 700 Franciliens<\/strong>, plusieurs facteurs influencent la d\u00e9cision d&rsquo;achat. Pour <strong>65%<\/strong> des r\u00e9pondants, <strong>le prix<\/strong> reste le <strong>principal frein<\/strong>, suivi de pr\u00e8s par l&rsquo;<strong>autonomie de la batterie<\/strong>. Cependant, pour les jeunes de <strong>18 \u00e0 24 ans<\/strong>, la <strong>r\u00e9duction des \u00e9missions de CO2<\/strong> est une <strong>motivation cl\u00e9<\/strong>, contrairement aux autres tranches d&rsquo;\u00e2ge qui restent plus r\u00e9serv\u00e9es sur ce point.<!-- notionvc: 1ade3a9a-06c6-4228-99b7-71838c2888c6 --><\/p>\t\t\t\t\t\t\t\t<\/div>\n\t\t\t\t<\/div>\n\t\t\t\t<div class=\"elementor-element elementor-element-d52e77a elementor-widget elementor-widget-image\" data-id=\"d52e77a\" data-element_type=\"widget\" data-e-type=\"widget\" data-widget_type=\"image.default\">\n\t\t\t\t<div class=\"elementor-widget-container\">\n\t\t\t\t\t\t\t\t\t\t\t\t<figure class=\"wp-caption\">\n\t\t\t\t\t\t\t\t\t\t<img fetchpriority=\"high\" decoding=\"async\" width=\"1024\" height=\"576\" src=\"https:\/\/www.time2plug.com\/page\/wp-content\/uploads\/2024\/04\/3d-electric-car-charging-station-1024x576.jpg\" class=\"attachment-large size-large wp-image-13198\" alt=\"Croquis d&#039;une voiture a cot\u00e9 d&#039;une borne de recharge\" srcset=\"https:\/\/www.time2plug.com\/page\/wp-content\/uploads\/2024\/04\/3d-electric-car-charging-station-1024x576.jpg 1024w, https:\/\/www.time2plug.com\/page\/wp-content\/uploads\/2024\/04\/3d-electric-car-charging-station-300x169.jpg 300w, https:\/\/www.time2plug.com\/page\/wp-content\/uploads\/2024\/04\/3d-electric-car-charging-station-768x432.jpg 768w, https:\/\/www.time2plug.com\/page\/wp-content\/uploads\/2024\/04\/3d-electric-car-charging-station-1536x864.jpg 1536w, https:\/\/www.time2plug.com\/page\/wp-content\/uploads\/2024\/04\/3d-electric-car-charging-station-2048x1152.jpg 2048w, https:\/\/www.time2plug.com\/page\/wp-content\/uploads\/2024\/04\/3d-electric-car-charging-station-800x450.jpg 800w\" sizes=\"(max-width: 1024px) 100vw, 1024px\" \/>\t\t\t\t\t\t\t\t\t\t\t<figcaption class=\"widget-image-caption wp-caption-text\">L'\u00e9volution des comportements des consommateurs en mati\u00e8re de mobilit\u00e9 \u00e9lectrique<\/figcaption>\n\t\t\t\t\t\t\t\t\t\t<\/figure>\n\t\t\t\t\t\t\t\t\t<\/div>\n\t\t\t\t<\/div>\n\t\t\t\t\t<\/div>\n\t\t<\/div>\n\t\t\t\t\t<\/div>\n\t\t<\/section>\n\t\t\t\t<section class=\"elementor-section elementor-top-section elementor-element elementor-element-04f2c6f elementor-section-boxed elementor-section-height-default elementor-section-height-default\" data-id=\"04f2c6f\" data-element_type=\"section\" data-e-type=\"section\">\n\t\t\t\t\t\t<div class=\"elementor-container elementor-column-gap-default\">\n\t\t\t\t\t<div class=\"elementor-column elementor-col-100 elementor-top-column elementor-element elementor-element-1f3ca37\" data-id=\"1f3ca37\" data-element_type=\"column\" data-e-type=\"column\">\n\t\t\t<div class=\"elementor-widget-wrap elementor-element-populated\">\n\t\t\t\t\t\t<div class=\"elementor-element elementor-element-014c081 elementor-widget elementor-widget-heading\" data-id=\"014c081\" data-element_type=\"widget\" data-e-type=\"widget\" data-widget_type=\"heading.default\">\n\t\t\t\t<div class=\"elementor-widget-container\">\n\t\t\t\t\t<h2 class=\"elementor-heading-title elementor-size-default\"><span role=\"img\" aria-label=\"\ud83d\ude97\" style=\",EmojiSymbols;line-height:1em;font-size:1em\">\ud83d\ude97<\/span> <span style=\"font-weight:600\" class=\"notion-enable-hover\">L'offre des constructeurs :<\/span><!-- notionvc: e8487237-1aa0-4e41-bd22-da95865a8cac --><\/h2>\t\t\t\t<\/div>\n\t\t\t\t<\/div>\n\t\t\t\t<div class=\"elementor-element elementor-element-4787408 elementor-widget elementor-widget-text-editor\" data-id=\"4787408\" data-element_type=\"widget\" data-e-type=\"widget\" data-widget_type=\"text-editor.default\">\n\t\t\t\t<div class=\"elementor-widget-container\">\n\t\t\t\t\t\t\t\t\t<p>Face \u00e0 cette <strong>demande croissante<\/strong>, les constructeurs automobiles <strong>diversifient leur offre<\/strong>. De <strong>nouveaux mod\u00e8les<\/strong> <strong>abordables<\/strong> sont attendus sur le march\u00e9, tels que la <strong>R5 de Renault<\/strong> ou la <strong>\u00eb-C3 de Citro\u00ebn<\/strong>, visant \u00e0 <strong>d\u00e9mocratiser la mobilit\u00e9 \u00e9lectrique.<\/strong><!-- notionvc: da9fa031-9eb2-4160-bfd3-cc4bea1fdca7 --><\/p>\t\t\t\t\t\t\t\t<\/div>\n\t\t\t\t<\/div>\n\t\t\t\t<div class=\"elementor-element elementor-element-62701b4 elementor-widget elementor-widget-heading\" data-id=\"62701b4\" data-element_type=\"widget\" data-e-type=\"widget\" data-widget_type=\"heading.default\">\n\t\t\t\t<div class=\"elementor-widget-container\">\n\t\t\t\t\t<h2 class=\"elementor-heading-title elementor-size-default\"><span role=\"img\" aria-label=\"\ud83d\udcb6\" style=\",EmojiSymbols;line-height:1em;font-size:1em\">\ud83d\udcb6<\/span> <span style=\"font-weight:600\" class=\"notion-enable-hover\">Les incitations gouvernementales :<\/span><!-- notionvc: 40998248-79ee-4474-a96e-a9ff840a304b --><\/h2>\t\t\t\t<\/div>\n\t\t\t\t<\/div>\n\t\t\t\t<div class=\"elementor-element elementor-element-889641a elementor-widget__width-initial elementor-widget elementor-widget-text-editor\" data-id=\"889641a\" data-element_type=\"widget\" data-e-type=\"widget\" data-widget_type=\"text-editor.default\">\n\t\t\t\t<div class=\"elementor-widget-container\">\n\t\t\t\t\t\t\t\t\t<p>Les <strong>aides gouvernementales<\/strong>, comme le <strong>bonus \u00e9cologique<\/strong> de 5 000 euros, ont jou\u00e9 un <strong>r\u00f4le cl\u00e9<\/strong> dans cette <strong>transition<\/strong>. Cependant, elles sont <strong>per\u00e7ues<\/strong> comme <strong>insuffisantes<\/strong> par certains groupes de la population, notamment les <strong>jeunes et les m\u00e9nages aux revenus modestes.<\/strong><!-- notionvc: 8372d8bd-f2fe-4a4a-9678-bac577aa195f --><\/p>\t\t\t\t\t\t\t\t<\/div>\n\t\t\t\t<\/div>\n\t\t\t\t<div class=\"elementor-element elementor-element-f7073ed elementor-widget elementor-widget-text-editor\" data-id=\"f7073ed\" data-element_type=\"widget\" data-e-type=\"widget\" data-widget_type=\"text-editor.default\">\n\t\t\t\t<div class=\"elementor-widget-container\">\n\t\t\t\t\t\t\t\t\t<p><strong>\u00c0 lire aussi :\u00a0<\/strong><span style=\"text-decoration: underline;\"><a style=\"font-size: 14px; background-color: #d5d5d5;\" href=\"https:\/\/www.time2plug.com\/page\/normes-certifications-pour-bornes-de-recharge-ve\/\">Normes et Certifications pour les Bornes de Recharge de V\u00e9hicules \u00c9lectriques (time2plug.com)<\/a><\/span><!-- notionvc: 69faf1c6-64ca-4e94-93fe-f44569f27964 --><\/p><p><!-- notionvc: e6be5924-288d-4060-8cb4-bfa8881750c5 --><\/p><p><!-- notionvc: cf39c181-0a8c-4515-bc3b-c01ee40a1f6f --><\/p><p><!-- notionvc: a3fe506b-667e-4188-85bb-8fd1c63508f8 --><\/p><p><!-- notionvc: 5d2da74d-9a02-4dcc-ac53-e9d8efde024c --><\/p><p><!-- notionvc: 38350f93-5f99-4f0e-b92e-4e538366c34a --><\/p>\t\t\t\t\t\t\t\t<\/div>\n\t\t\t\t<\/div>\n\t\t\t\t<div class=\"elementor-element elementor-element-8290b9a elementor-widget elementor-widget-heading\" data-id=\"8290b9a\" data-element_type=\"widget\" data-e-type=\"widget\" data-widget_type=\"heading.default\">\n\t\t\t\t<div class=\"elementor-widget-container\">\n\t\t\t\t\t<h2 class=\"elementor-heading-title elementor-size-default\"><span role=\"img\" aria-label=\"\ud83d\udd16\" style=\",EmojiSymbols;line-height:1em;font-size:1em\">\ud83d\udd16<\/span> <span style=\"font-weight:600\" class=\"notion-enable-hover\">Vers une \u00e9lectrification in\u00e9vitable :<\/span><!-- notionvc: 5dd333a8-4ddd-4054-bb53-b637d30cdc49 --><\/h2>\t\t\t\t<\/div>\n\t\t\t\t<\/div>\n\t\t\t\t<div class=\"elementor-element elementor-element-e43d7c0 elementor-widget__width-initial elementor-widget elementor-widget-text-editor\" data-id=\"e43d7c0\" data-element_type=\"widget\" data-e-type=\"widget\" data-widget_type=\"text-editor.default\">\n\t\t\t\t<div class=\"elementor-widget-container\">\n\t\t\t\t\t\t\t\t\t<p>L&rsquo;Union europ\u00e9enne a fix\u00e9 l&rsquo;objectif d<strong>&lsquo;<a href=\"https:\/\/www.francetvinfo.fr\/monde\/environnement\/crise-climatique\/interdiction-de-vente-des-voitures-thermiques-qu-est-ce-que-les-carburants-de-synthese-que-l-europe-a-promis-d-autoriser-apres-2035_5735351.html\"><u>interdire la vente de v\u00e9hicules neufs \u00e0 moteur thermique apr\u00e8s 2035<\/u><\/a>.<\/strong> Cette d\u00e9cision pousse les constructeurs \u00e0 <strong>acc\u00e9l\u00e9rer<\/strong> leur <strong>transition<\/strong> vers l&rsquo;\u00e9lectrique.<!-- notionvc: 67f12267-7adb-49b5-90a4-1e787ab0d16f --><\/p>\t\t\t\t\t\t\t\t<\/div>\n\t\t\t\t<\/div>\n\t\t\t\t<div class=\"elementor-element elementor-element-3717873 elementor-widget elementor-widget-heading\" data-id=\"3717873\" data-element_type=\"widget\" data-e-type=\"widget\" data-widget_type=\"heading.default\">\n\t\t\t\t<div class=\"elementor-widget-container\">\n\t\t\t\t\t<h2 class=\"elementor-heading-title elementor-size-default\"><span role=\"img\" aria-label=\"\u267b\ufe0f\" style=\",EmojiSymbols;line-height:1em;font-size:1em\">\u267b\ufe0f<\/span> <span style=\"font-weight:600\" class=\"notion-enable-hover\">Le march\u00e9 de l'occasion et le r\u00e9trofit :<\/span><!-- notionvc: 346dfb67-cc49-4426-acaf-6a030327b583 --><\/h2>\t\t\t\t<\/div>\n\t\t\t\t<\/div>\n\t\t\t\t<div class=\"elementor-element elementor-element-8a6c8d2 elementor-widget__width-initial elementor-widget elementor-widget-text-editor\" data-id=\"8a6c8d2\" data-element_type=\"widget\" data-e-type=\"widget\" data-widget_type=\"text-editor.default\">\n\t\t\t\t<div class=\"elementor-widget-container\">\n\t\t\t\t\t\t\t\t\t<p><strong>Deux nouveaux march\u00e9s<\/strong> \u00e9mergent : celui des <strong>voitures \u00e9lectriques d&rsquo;occasion<\/strong> et le <strong>r\u00e9trofit<\/strong>. Bien que ces march\u00e9s soient encore <strong>naissants,<\/strong> ils offrent un <strong>potentiel consid\u00e9rable<\/strong> pour <strong>acc\u00e9l\u00e9rer l&rsquo;\u00e9lectrification<\/strong> du parc automobile fran\u00e7ais.<!-- notionvc: 9c30c8b3-4b3e-4036-bebf-f1022939913a --><\/p>\t\t\t\t\t\t\t\t<\/div>\n\t\t\t\t<\/div>\n\t\t\t\t\t<\/div>\n\t\t<\/div>\n\t\t\t\t\t<\/div>\n\t\t<\/section>\n\t\t\t\t<section class=\"elementor-section elementor-top-section elementor-element elementor-element-cec4207 elementor-section-boxed elementor-section-height-default elementor-section-height-default\" data-id=\"cec4207\" data-element_type=\"section\" data-e-type=\"section\">\n\t\t\t\t\t\t<div class=\"elementor-container elementor-column-gap-default\">\n\t\t\t\t\t<div class=\"elementor-column elementor-col-100 elementor-top-column elementor-element elementor-element-992f1ad\" data-id=\"992f1ad\" data-element_type=\"column\" data-e-type=\"column\">\n\t\t\t<div class=\"elementor-widget-wrap elementor-element-populated\">\n\t\t\t\t\t\t<div class=\"elementor-element elementor-element-2a0e7ff elementor-widget elementor-widget-text-editor\" data-id=\"2a0e7ff\" data-element_type=\"widget\" data-e-type=\"widget\" data-widget_type=\"text-editor.default\">\n\t\t\t\t<div class=\"elementor-widget-container\">\n\t\t\t\t\t\t\t\t\t<p><strong>L&rsquo;\u00e9lectrification du parc automobile fran\u00e7ais est en marche.<\/strong> Malgr\u00e9 <strong>quelques obstacles<\/strong>, tels que le prix et l&rsquo;autonomie, la <strong>tendance<\/strong> est clairement <strong>\u00e0 la hausse<\/strong>. Avec l&rsquo;<strong>augmentation de l&rsquo;offre<\/strong> de mod\u00e8les abordables et les <strong>incitations gouvernementales<\/strong>, la mobilit\u00e9 \u00e9lectrique est appel\u00e9e \u00e0 <strong>jouer un r\u00f4le pr\u00e9pond\u00e9rant dans les ann\u00e9es \u00e0 venir<\/strong><\/p>\t\t\t\t\t\t\t\t<\/div>\n\t\t\t\t<\/div>\n\t\t\t\t<div class=\"elementor-element elementor-element-ce1445b elementor-widget elementor-widget-text-editor\" data-id=\"ce1445b\" data-element_type=\"widget\" data-e-type=\"widget\" data-widget_type=\"text-editor.default\">\n\t\t\t\t<div class=\"elementor-widget-container\">\n\t\t\t\t\t\t\t\t\t<p><strong><span class=\"notion-enable-hover\" data-token-index=\"0\">Vous \u00eates une entreprise, un h\u00f4tel, un camping ou autre, et vous souhaitez installer des bornes de recharge sur votre parking ? Faites d\u00e8s maintenant une\u00a0<\/span><\/strong><span style=\"text-decoration: underline;\"><span class=\"notion-enable-hover\" data-token-index=\"1\"><a href=\"https:\/\/www.time2plug.com\/page\/#vousetes\">demande de simulation<\/a><\/span><span class=\"notion-enable-hover\" data-token-index=\"3\">\u00a0<\/span><\/span><strong><span class=\"notion-enable-hover\" data-token-index=\"3\">sur mesure et personnalis\u00e9e, adapt\u00e9e \u00e0 votre activit\u00e9 !<\/span><\/strong><\/p>\t\t\t\t\t\t\t\t<\/div>\n\t\t\t\t<\/div>\n\t\t\t\t\t<\/div>\n\t\t<\/div>\n\t\t\t\t\t<\/div>\n\t\t<\/section>\n\t\t\t\t<\/div>\n\t\t","protected":false},"excerpt":{"rendered":"<p>La transition vers la mobilit\u00e9 \u00e9lectrique prend de l&rsquo;ampleur en France, comme le confirment les chiffres de 2023. La croissance de l&rsquo;industrie automobile fran\u00e7aise est particuli\u00e8rement soutenue par les ventes de voitures enti\u00e8rement \u00e9lectriques et d&rsquo;hybrides rechargeables, surtout en \u00cele-de-France. Mais quels sont les moteurs de ce changement et quelle est la perception des consommateurs [&hellip;]<\/p>\n","protected":false},"author":15,"featured_media":13198,"comment_status":"open","ping_status":"open","sticky":false,"template":"","format":"standard","meta":{"_monsterinsights_skip_tracking":false,"_monsterinsights_sitenote_active":false,"_monsterinsights_sitenote_note":"","_monsterinsights_sitenote_category":0,"ocean_post_layout":"","ocean_both_sidebars_style":"","ocean_both_sidebars_content_width":0,"ocean_both_sidebars_sidebars_width":0,"ocean_sidebar":"","ocean_second_sidebar":"","ocean_disable_margins":"enable","ocean_add_body_class":"","ocean_shortcode_before_top_bar":"","ocean_shortcode_after_top_bar":"","ocean_shortcode_before_header":"","ocean_shortcode_after_header":"","ocean_has_shortcode":"","ocean_shortcode_after_title":"","ocean_shortcode_before_footer_widgets":"","ocean_shortcode_after_footer_widgets":"","ocean_shortcode_before_footer_bottom":"","ocean_shortcode_after_footer_bottom":"","ocean_display_top_bar":"default","ocean_display_header":"default","ocean_header_style":"","ocean_center_header_left_menu":"","ocean_custom_header_template":"","ocean_custom_logo":0,"ocean_custom_retina_logo":0,"ocean_custom_logo_max_width":0,"ocean_custom_logo_tablet_max_width":0,"ocean_custom_logo_mobile_max_width":0,"ocean_custom_logo_max_height":0,"ocean_custom_logo_tablet_max_height":0,"ocean_custom_logo_mobile_max_height":0,"ocean_header_custom_menu":"","ocean_menu_typo_font_family":"","ocean_menu_typo_font_subset":"","ocean_menu_typo_font_size":0,"ocean_menu_typo_font_size_tablet":0,"ocean_menu_typo_font_size_mobile":0,"ocean_menu_typo_font_size_unit":"px","ocean_menu_typo_font_weight":"","ocean_menu_typo_font_weight_tablet":"","ocean_menu_typo_font_weight_mobile":"","ocean_menu_typo_transform":"","ocean_menu_typo_transform_tablet":"","ocean_menu_typo_transform_mobile":"","ocean_menu_typo_line_height":0,"ocean_menu_typo_line_height_tablet":0,"ocean_menu_typo_line_height_mobile":0,"ocean_menu_typo_line_height_unit":"","ocean_menu_typo_spacing":0,"ocean_menu_typo_spacing_tablet":0,"ocean_menu_typo_spacing_mobile":0,"ocean_menu_typo_spacing_unit":"","ocean_menu_link_color":"","ocean_menu_link_color_hover":"","ocean_menu_link_color_active":"","ocean_menu_link_background":"","ocean_menu_link_hover_background":"","ocean_menu_link_active_background":"","ocean_menu_social_links_bg":"","ocean_menu_social_hover_links_bg":"","ocean_menu_social_links_color":"","ocean_menu_social_hover_links_color":"","ocean_disable_title":"default","ocean_disable_heading":"default","ocean_post_title":"","ocean_post_subheading":"","ocean_post_title_style":"","ocean_post_title_background_color":"","ocean_post_title_background":0,"ocean_post_title_bg_image_position":"","ocean_post_title_bg_image_attachment":"","ocean_post_title_bg_image_repeat":"","ocean_post_title_bg_image_size":"","ocean_post_title_height":0,"ocean_post_title_bg_overlay":0.5,"ocean_post_title_bg_overlay_color":"","ocean_disable_breadcrumbs":"default","ocean_breadcrumbs_color":"","ocean_breadcrumbs_separator_color":"","ocean_breadcrumbs_links_color":"","ocean_breadcrumbs_links_hover_color":"","ocean_display_footer_widgets":"default","ocean_display_footer_bottom":"default","ocean_custom_footer_template":"","osh_disable_topbar_sticky":"default","osh_disable_header_sticky":"default","osh_sticky_header_style":"default","osh_sticky_header_effect":"","osh_custom_sticky_logo":0,"osh_custom_retina_sticky_logo":0,"osh_custom_sticky_logo_height":0,"osh_background_color":"","osh_links_color":"","osh_links_hover_color":"","osh_links_active_color":"","osh_links_bg_color":"","osh_links_hover_bg_color":"","osh_links_active_bg_color":"","osh_menu_social_links_color":"","osh_menu_social_hover_links_color":"","ocean_post_oembed":"","ocean_post_self_hosted_media":"","ocean_post_video_embed":"","ocean_link_format":"","ocean_link_format_target":"self","ocean_quote_format":"","ocean_quote_format_link":"post","ocean_gallery_link_images":"on","ocean_gallery_id":[],"footnotes":""},"categories":[18,21,95],"tags":[],"class_list":["post-13192","post","type-post","status-publish","format-standard","has-post-thumbnail","hentry","category-actualite","category-rse","category-voiture-electrique","entry","has-media"],"yoast_head":"<!-- This site is optimized with the Yoast SEO plugin v27.4 - https:\/\/yoast.com\/product\/yoast-seo-wordpress\/ -->\n<title>L&#039;\u00e9volution des comportements des consommateurs en mati\u00e8re de mobilit\u00e9 \u00e9lectrique<\/title>\n<meta name=\"description\" content=\"Dans cet article, explorons l&#039;\u00e9volution des comportements des consommateurs en mati\u00e8re de mobilit\u00e9 \u00e9lectrique.\" \/>\n<meta name=\"robots\" content=\"index, follow, max-snippet:-1, max-image-preview:large, max-video-preview:-1\" \/>\n<link rel=\"canonical\" href=\"https:\/\/www.time2plug.com\/page\/levolution-des-comportements-des-consommateurs-en-matiere-de-mobilite-electrique\/\" \/>\n<meta property=\"og:locale\" content=\"fr_FR\" \/>\n<meta property=\"og:type\" content=\"article\" \/>\n<meta property=\"og:title\" content=\"L&#039;\u00e9volution des comportements des consommateurs en mati\u00e8re de mobilit\u00e9 \u00e9lectrique\" \/>\n<meta property=\"og:description\" content=\"Dans cet article, explorons l&#039;\u00e9volution des comportements des consommateurs en mati\u00e8re de mobilit\u00e9 \u00e9lectrique.\" \/>\n<meta property=\"og:url\" content=\"https:\/\/www.time2plug.com\/page\/levolution-des-comportements-des-consommateurs-en-matiere-de-mobilite-electrique\/\" \/>\n<meta property=\"og:site_name\" content=\"Time2plug\" \/>\n<meta property=\"article:published_time\" content=\"2024-04-30T11:42:24+00:00\" \/>\n<meta property=\"article:modified_time\" content=\"2024-05-14T09:46:57+00:00\" \/>\n<meta property=\"og:image\" content=\"https:\/\/www.time2plug.com\/page\/wp-content\/uploads\/2024\/04\/3d-electric-car-charging-station-scaled.jpg\" \/>\n\t<meta property=\"og:image:width\" content=\"2560\" \/>\n\t<meta property=\"og:image:height\" content=\"1440\" \/>\n\t<meta property=\"og:image:type\" content=\"image\/jpeg\" \/>\n<meta name=\"author\" content=\"Lou N\u00e9mard\" \/>\n<meta name=\"twitter:card\" content=\"summary_large_image\" \/>\n<meta name=\"twitter:label1\" content=\"\u00c9crit par\" \/>\n\t<meta name=\"twitter:data1\" content=\"Lou N\u00e9mard\" \/>\n\t<meta name=\"twitter:label2\" content=\"Dur\u00e9e de lecture estim\u00e9e\" \/>\n\t<meta name=\"twitter:data2\" content=\"3 minutes\" \/>\n<script type=\"application\/ld+json\" class=\"yoast-schema-graph\">{\"@context\":\"https:\\\/\\\/schema.org\",\"@graph\":[{\"@type\":\"Article\",\"@id\":\"https:\\\/\\\/www.time2plug.com\\\/page\\\/levolution-des-comportements-des-consommateurs-en-matiere-de-mobilite-electrique\\\/#article\",\"isPartOf\":{\"@id\":\"https:\\\/\\\/www.time2plug.com\\\/page\\\/levolution-des-comportements-des-consommateurs-en-matiere-de-mobilite-electrique\\\/\"},\"author\":{\"name\":\"Lou N\u00e9mard\",\"@id\":\"https:\\\/\\\/www.time2plug.com\\\/page\\\/#\\\/schema\\\/person\\\/539b6aabfd255f20a3b9456285b9c81a\"},\"headline\":\"L&rsquo;\u00e9volution des comportements des consommateurs en mati\u00e8re de mobilit\u00e9 \u00e9lectrique\",\"datePublished\":\"2024-04-30T11:42:24+00:00\",\"dateModified\":\"2024-05-14T09:46:57+00:00\",\"mainEntityOfPage\":{\"@id\":\"https:\\\/\\\/www.time2plug.com\\\/page\\\/levolution-des-comportements-des-consommateurs-en-matiere-de-mobilite-electrique\\\/\"},\"wordCount\":559,\"commentCount\":0,\"publisher\":{\"@id\":\"https:\\\/\\\/www.time2plug.com\\\/page\\\/#organization\"},\"image\":{\"@id\":\"https:\\\/\\\/www.time2plug.com\\\/page\\\/levolution-des-comportements-des-consommateurs-en-matiere-de-mobilite-electrique\\\/#primaryimage\"},\"thumbnailUrl\":\"https:\\\/\\\/www.time2plug.com\\\/page\\\/wp-content\\\/uploads\\\/2024\\\/04\\\/3d-electric-car-charging-station-scaled.jpg\",\"articleSection\":[\"Actualit\u00e9\",\"RSE\",\"Voiture \u00e9lectrique\"],\"inLanguage\":\"fr-FR\",\"potentialAction\":[{\"@type\":\"CommentAction\",\"name\":\"Comment\",\"target\":[\"https:\\\/\\\/www.time2plug.com\\\/page\\\/levolution-des-comportements-des-consommateurs-en-matiere-de-mobilite-electrique\\\/#respond\"]}]},{\"@type\":\"WebPage\",\"@id\":\"https:\\\/\\\/www.time2plug.com\\\/page\\\/levolution-des-comportements-des-consommateurs-en-matiere-de-mobilite-electrique\\\/\",\"url\":\"https:\\\/\\\/www.time2plug.com\\\/page\\\/levolution-des-comportements-des-consommateurs-en-matiere-de-mobilite-electrique\\\/\",\"name\":\"L'\u00e9volution des comportements des consommateurs en mati\u00e8re de mobilit\u00e9 \u00e9lectrique\",\"isPartOf\":{\"@id\":\"https:\\\/\\\/www.time2plug.com\\\/page\\\/#website\"},\"primaryImageOfPage\":{\"@id\":\"https:\\\/\\\/www.time2plug.com\\\/page\\\/levolution-des-comportements-des-consommateurs-en-matiere-de-mobilite-electrique\\\/#primaryimage\"},\"image\":{\"@id\":\"https:\\\/\\\/www.time2plug.com\\\/page\\\/levolution-des-comportements-des-consommateurs-en-matiere-de-mobilite-electrique\\\/#primaryimage\"},\"thumbnailUrl\":\"https:\\\/\\\/www.time2plug.com\\\/page\\\/wp-content\\\/uploads\\\/2024\\\/04\\\/3d-electric-car-charging-station-scaled.jpg\",\"datePublished\":\"2024-04-30T11:42:24+00:00\",\"dateModified\":\"2024-05-14T09:46:57+00:00\",\"description\":\"Dans cet article, explorons l'\u00e9volution des comportements des consommateurs en mati\u00e8re de mobilit\u00e9 \u00e9lectrique.\",\"breadcrumb\":{\"@id\":\"https:\\\/\\\/www.time2plug.com\\\/page\\\/levolution-des-comportements-des-consommateurs-en-matiere-de-mobilite-electrique\\\/#breadcrumb\"},\"inLanguage\":\"fr-FR\",\"potentialAction\":[{\"@type\":\"ReadAction\",\"target\":[\"https:\\\/\\\/www.time2plug.com\\\/page\\\/levolution-des-comportements-des-consommateurs-en-matiere-de-mobilite-electrique\\\/\"]}]},{\"@type\":\"ImageObject\",\"inLanguage\":\"fr-FR\",\"@id\":\"https:\\\/\\\/www.time2plug.com\\\/page\\\/levolution-des-comportements-des-consommateurs-en-matiere-de-mobilite-electrique\\\/#primaryimage\",\"url\":\"https:\\\/\\\/www.time2plug.com\\\/page\\\/wp-content\\\/uploads\\\/2024\\\/04\\\/3d-electric-car-charging-station-scaled.jpg\",\"contentUrl\":\"https:\\\/\\\/www.time2plug.com\\\/page\\\/wp-content\\\/uploads\\\/2024\\\/04\\\/3d-electric-car-charging-station-scaled.jpg\",\"width\":2560,\"height\":1440,\"caption\":\"Croquis d'une voiture a cot\u00e9 d'une borne de recharge\"},{\"@type\":\"BreadcrumbList\",\"@id\":\"https:\\\/\\\/www.time2plug.com\\\/page\\\/levolution-des-comportements-des-consommateurs-en-matiere-de-mobilite-electrique\\\/#breadcrumb\",\"itemListElement\":[{\"@type\":\"ListItem\",\"position\":1,\"name\":\"Accueil\",\"item\":\"https:\\\/\\\/www.time2plug.com\\\/page\\\/\"},{\"@type\":\"ListItem\",\"position\":2,\"name\":\"L&rsquo;\u00e9volution des comportements des consommateurs en mati\u00e8re de mobilit\u00e9 \u00e9lectrique\"}]},{\"@type\":\"WebSite\",\"@id\":\"https:\\\/\\\/www.time2plug.com\\\/page\\\/#website\",\"url\":\"https:\\\/\\\/www.time2plug.com\\\/page\\\/\",\"name\":\"Time2plug\",\"description\":\"Installation et gestion de bornes recharge pour voitures \u00e9lectriques\",\"publisher\":{\"@id\":\"https:\\\/\\\/www.time2plug.com\\\/page\\\/#organization\"},\"alternateName\":\"Bornes de recharge pour voitures \u00e9lectriques\",\"potentialAction\":[{\"@type\":\"SearchAction\",\"target\":{\"@type\":\"EntryPoint\",\"urlTemplate\":\"https:\\\/\\\/www.time2plug.com\\\/page\\\/?s={search_term_string}\"},\"query-input\":{\"@type\":\"PropertyValueSpecification\",\"valueRequired\":true,\"valueName\":\"search_term_string\"}}],\"inLanguage\":\"fr-FR\"},{\"@type\":\"Organization\",\"@id\":\"https:\\\/\\\/www.time2plug.com\\\/page\\\/#organization\",\"name\":\"Time2plug\",\"alternateName\":\"Bornes de recharge pour voitures \u00e9lectriques\",\"url\":\"https:\\\/\\\/www.time2plug.com\\\/page\\\/\",\"logo\":{\"@type\":\"ImageObject\",\"inLanguage\":\"fr-FR\",\"@id\":\"https:\\\/\\\/www.time2plug.com\\\/page\\\/#\\\/schema\\\/logo\\\/image\\\/\",\"url\":\"https:\\\/\\\/www.time2plug.com\\\/page\\\/wp-content\\\/uploads\\\/2025\\\/04\\\/T2P-Blanc_Background-Orange.png\",\"contentUrl\":\"https:\\\/\\\/www.time2plug.com\\\/page\\\/wp-content\\\/uploads\\\/2025\\\/04\\\/T2P-Blanc_Background-Orange.png\",\"width\":300,\"height\":300,\"caption\":\"Time2plug\"},\"image\":{\"@id\":\"https:\\\/\\\/www.time2plug.com\\\/page\\\/#\\\/schema\\\/logo\\\/image\\\/\"},\"sameAs\":[\"https:\\\/\\\/www.linkedin.com\\\/company\\\/time2plug\\\/\"]},{\"@type\":\"Person\",\"@id\":\"https:\\\/\\\/www.time2plug.com\\\/page\\\/#\\\/schema\\\/person\\\/539b6aabfd255f20a3b9456285b9c81a\",\"name\":\"Lou N\u00e9mard\",\"image\":{\"@type\":\"ImageObject\",\"inLanguage\":\"fr-FR\",\"@id\":\"https:\\\/\\\/secure.gravatar.com\\\/avatar\\\/916760b7331d513c0d331643a2db0b425c4f4d5e1ae0a0fd832b438a77018a43?s=96&d=mm&r=g\",\"url\":\"https:\\\/\\\/secure.gravatar.com\\\/avatar\\\/916760b7331d513c0d331643a2db0b425c4f4d5e1ae0a0fd832b438a77018a43?s=96&d=mm&r=g\",\"contentUrl\":\"https:\\\/\\\/secure.gravatar.com\\\/avatar\\\/916760b7331d513c0d331643a2db0b425c4f4d5e1ae0a0fd832b438a77018a43?s=96&d=mm&r=g\",\"caption\":\"Lou N\u00e9mard\"}}]}<\/script>\n<!-- \/ Yoast SEO plugin. -->","yoast_head_json":{"title":"L'\u00e9volution des comportements des consommateurs en mati\u00e8re de mobilit\u00e9 \u00e9lectrique","description":"Dans cet article, explorons l'\u00e9volution des comportements des consommateurs en mati\u00e8re de mobilit\u00e9 \u00e9lectrique.","robots":{"index":"index","follow":"follow","max-snippet":"max-snippet:-1","max-image-preview":"max-image-preview:large","max-video-preview":"max-video-preview:-1"},"canonical":"https:\/\/www.time2plug.com\/page\/levolution-des-comportements-des-consommateurs-en-matiere-de-mobilite-electrique\/","og_locale":"fr_FR","og_type":"article","og_title":"L'\u00e9volution des comportements des consommateurs en mati\u00e8re de mobilit\u00e9 \u00e9lectrique","og_description":"Dans cet article, explorons l'\u00e9volution des comportements des consommateurs en mati\u00e8re de mobilit\u00e9 \u00e9lectrique.","og_url":"https:\/\/www.time2plug.com\/page\/levolution-des-comportements-des-consommateurs-en-matiere-de-mobilite-electrique\/","og_site_name":"Time2plug","article_published_time":"2024-04-30T11:42:24+00:00","article_modified_time":"2024-05-14T09:46:57+00:00","og_image":[{"width":2560,"height":1440,"url":"https:\/\/www.time2plug.com\/page\/wp-content\/uploads\/2024\/04\/3d-electric-car-charging-station-scaled.jpg","type":"image\/jpeg"}],"author":"Lou N\u00e9mard","twitter_card":"summary_large_image","twitter_misc":{"\u00c9crit par":"Lou N\u00e9mard","Dur\u00e9e de lecture estim\u00e9e":"3 minutes"},"schema":{"@context":"https:\/\/schema.org","@graph":[{"@type":"Article","@id":"https:\/\/www.time2plug.com\/page\/levolution-des-comportements-des-consommateurs-en-matiere-de-mobilite-electrique\/#article","isPartOf":{"@id":"https:\/\/www.time2plug.com\/page\/levolution-des-comportements-des-consommateurs-en-matiere-de-mobilite-electrique\/"},"author":{"name":"Lou N\u00e9mard","@id":"https:\/\/www.time2plug.com\/page\/#\/schema\/person\/539b6aabfd255f20a3b9456285b9c81a"},"headline":"L&rsquo;\u00e9volution des comportements des consommateurs en mati\u00e8re de mobilit\u00e9 \u00e9lectrique","datePublished":"2024-04-30T11:42:24+00:00","dateModified":"2024-05-14T09:46:57+00:00","mainEntityOfPage":{"@id":"https:\/\/www.time2plug.com\/page\/levolution-des-comportements-des-consommateurs-en-matiere-de-mobilite-electrique\/"},"wordCount":559,"commentCount":0,"publisher":{"@id":"https:\/\/www.time2plug.com\/page\/#organization"},"image":{"@id":"https:\/\/www.time2plug.com\/page\/levolution-des-comportements-des-consommateurs-en-matiere-de-mobilite-electrique\/#primaryimage"},"thumbnailUrl":"https:\/\/www.time2plug.com\/page\/wp-content\/uploads\/2024\/04\/3d-electric-car-charging-station-scaled.jpg","articleSection":["Actualit\u00e9","RSE","Voiture \u00e9lectrique"],"inLanguage":"fr-FR","potentialAction":[{"@type":"CommentAction","name":"Comment","target":["https:\/\/www.time2plug.com\/page\/levolution-des-comportements-des-consommateurs-en-matiere-de-mobilite-electrique\/#respond"]}]},{"@type":"WebPage","@id":"https:\/\/www.time2plug.com\/page\/levolution-des-comportements-des-consommateurs-en-matiere-de-mobilite-electrique\/","url":"https:\/\/www.time2plug.com\/page\/levolution-des-comportements-des-consommateurs-en-matiere-de-mobilite-electrique\/","name":"L'\u00e9volution des comportements des consommateurs en mati\u00e8re de mobilit\u00e9 \u00e9lectrique","isPartOf":{"@id":"https:\/\/www.time2plug.com\/page\/#website"},"primaryImageOfPage":{"@id":"https:\/\/www.time2plug.com\/page\/levolution-des-comportements-des-consommateurs-en-matiere-de-mobilite-electrique\/#primaryimage"},"image":{"@id":"https:\/\/www.time2plug.com\/page\/levolution-des-comportements-des-consommateurs-en-matiere-de-mobilite-electrique\/#primaryimage"},"thumbnailUrl":"https:\/\/www.time2plug.com\/page\/wp-content\/uploads\/2024\/04\/3d-electric-car-charging-station-scaled.jpg","datePublished":"2024-04-30T11:42:24+00:00","dateModified":"2024-05-14T09:46:57+00:00","description":"Dans cet article, explorons l'\u00e9volution des comportements des consommateurs en mati\u00e8re de mobilit\u00e9 \u00e9lectrique.","breadcrumb":{"@id":"https:\/\/www.time2plug.com\/page\/levolution-des-comportements-des-consommateurs-en-matiere-de-mobilite-electrique\/#breadcrumb"},"inLanguage":"fr-FR","potentialAction":[{"@type":"ReadAction","target":["https:\/\/www.time2plug.com\/page\/levolution-des-comportements-des-consommateurs-en-matiere-de-mobilite-electrique\/"]}]},{"@type":"ImageObject","inLanguage":"fr-FR","@id":"https:\/\/www.time2plug.com\/page\/levolution-des-comportements-des-consommateurs-en-matiere-de-mobilite-electrique\/#primaryimage","url":"https:\/\/www.time2plug.com\/page\/wp-content\/uploads\/2024\/04\/3d-electric-car-charging-station-scaled.jpg","contentUrl":"https:\/\/www.time2plug.com\/page\/wp-content\/uploads\/2024\/04\/3d-electric-car-charging-station-scaled.jpg","width":2560,"height":1440,"caption":"Croquis d'une voiture a cot\u00e9 d'une borne de recharge"},{"@type":"BreadcrumbList","@id":"https:\/\/www.time2plug.com\/page\/levolution-des-comportements-des-consommateurs-en-matiere-de-mobilite-electrique\/#breadcrumb","itemListElement":[{"@type":"ListItem","position":1,"name":"Accueil","item":"https:\/\/www.time2plug.com\/page\/"},{"@type":"ListItem","position":2,"name":"L&rsquo;\u00e9volution des comportements des consommateurs en mati\u00e8re de mobilit\u00e9 \u00e9lectrique"}]},{"@type":"WebSite","@id":"https:\/\/www.time2plug.com\/page\/#website","url":"https:\/\/www.time2plug.com\/page\/","name":"Time2plug","description":"Installation et gestion de bornes recharge pour voitures \u00e9lectriques","publisher":{"@id":"https:\/\/www.time2plug.com\/page\/#organization"},"alternateName":"Bornes de recharge pour voitures \u00e9lectriques","potentialAction":[{"@type":"SearchAction","target":{"@type":"EntryPoint","urlTemplate":"https:\/\/www.time2plug.com\/page\/?s={search_term_string}"},"query-input":{"@type":"PropertyValueSpecification","valueRequired":true,"valueName":"search_term_string"}}],"inLanguage":"fr-FR"},{"@type":"Organization","@id":"https:\/\/www.time2plug.com\/page\/#organization","name":"Time2plug","alternateName":"Bornes de recharge pour voitures \u00e9lectriques","url":"https:\/\/www.time2plug.com\/page\/","logo":{"@type":"ImageObject","inLanguage":"fr-FR","@id":"https:\/\/www.time2plug.com\/page\/#\/schema\/logo\/image\/","url":"https:\/\/www.time2plug.com\/page\/wp-content\/uploads\/2025\/04\/T2P-Blanc_Background-Orange.png","contentUrl":"https:\/\/www.time2plug.com\/page\/wp-content\/uploads\/2025\/04\/T2P-Blanc_Background-Orange.png","width":300,"height":300,"caption":"Time2plug"},"image":{"@id":"https:\/\/www.time2plug.com\/page\/#\/schema\/logo\/image\/"},"sameAs":["https:\/\/www.linkedin.com\/company\/time2plug\/"]},{"@type":"Person","@id":"https:\/\/www.time2plug.com\/page\/#\/schema\/person\/539b6aabfd255f20a3b9456285b9c81a","name":"Lou N\u00e9mard","image":{"@type":"ImageObject","inLanguage":"fr-FR","@id":"https:\/\/secure.gravatar.com\/avatar\/916760b7331d513c0d331643a2db0b425c4f4d5e1ae0a0fd832b438a77018a43?s=96&d=mm&r=g","url":"https:\/\/secure.gravatar.com\/avatar\/916760b7331d513c0d331643a2db0b425c4f4d5e1ae0a0fd832b438a77018a43?s=96&d=mm&r=g","contentUrl":"https:\/\/secure.gravatar.com\/avatar\/916760b7331d513c0d331643a2db0b425c4f4d5e1ae0a0fd832b438a77018a43?s=96&d=mm&r=g","caption":"Lou N\u00e9mard"}}]}},"_links":{"self":[{"href":"https:\/\/www.time2plug.com\/page\/wp-json\/wp\/v2\/posts\/13192","targetHints":{"allow":["GET"]}}],"collection":[{"href":"https:\/\/www.time2plug.com\/page\/wp-json\/wp\/v2\/posts"}],"about":[{"href":"https:\/\/www.time2plug.com\/page\/wp-json\/wp\/v2\/types\/post"}],"author":[{"embeddable":true,"href":"https:\/\/www.time2plug.com\/page\/wp-json\/wp\/v2\/users\/15"}],"replies":[{"embeddable":true,"href":"https:\/\/www.time2plug.com\/page\/wp-json\/wp\/v2\/comments?post=13192"}],"version-history":[{"count":0,"href":"https:\/\/www.time2plug.com\/page\/wp-json\/wp\/v2\/posts\/13192\/revisions"}],"wp:featuredmedia":[{"embeddable":true,"href":"https:\/\/www.time2plug.com\/page\/wp-json\/wp\/v2\/media\/13198"}],"wp:attachment":[{"href":"https:\/\/www.time2plug.com\/page\/wp-json\/wp\/v2\/media?parent=13192"}],"wp:term":[{"taxonomy":"category","embeddable":true,"href":"https:\/\/www.time2plug.com\/page\/wp-json\/wp\/v2\/categories?post=13192"},{"taxonomy":"post_tag","embeddable":true,"href":"https:\/\/www.time2plug.com\/page\/wp-json\/wp\/v2\/tags?post=13192"}],"curies":[{"name":"wp","href":"https:\/\/api.w.org\/{rel}","templated":true}]}}