{"id":13429,"date":"2024-06-04T14:59:17","date_gmt":"2024-06-04T12:59:17","guid":{"rendered":"https:\/\/www.time2plug.com\/page\/?p=13429"},"modified":"2024-06-19T09:54:34","modified_gmt":"2024-06-19T07:54:34","slug":"deployer-10-000-bornes-un-defi-pour-lelectrification-des-camions","status":"publish","type":"post","link":"https:\/\/www.time2plug.com\/page\/deployer-10-000-bornes-un-defi-pour-lelectrification-des-camions\/","title":{"rendered":"D\u00e9ployer 10 000 bornes : un d\u00e9fi pour l&rsquo;\u00e9lectrification des camions."},"content":{"rendered":"\t\t<div data-elementor-type=\"wp-post\" data-elementor-id=\"13429\" class=\"elementor elementor-13429\" data-elementor-post-type=\"post\">\n\t\t\t\t\t\t<section class=\"elementor-section elementor-top-section elementor-element elementor-element-6fd04b4 elementor-section-boxed elementor-section-height-default elementor-section-height-default\" data-id=\"6fd04b4\" data-element_type=\"section\" data-e-type=\"section\">\n\t\t\t\t\t\t<div class=\"elementor-container elementor-column-gap-default\">\n\t\t\t\t\t<div class=\"elementor-column elementor-col-100 elementor-top-column elementor-element elementor-element-45e7aad\" data-id=\"45e7aad\" data-element_type=\"column\" data-e-type=\"column\">\n\t\t\t<div class=\"elementor-widget-wrap elementor-element-populated\">\n\t\t\t\t\t\t<div class=\"elementor-element elementor-element-0632aa5 elementor-widget elementor-widget-text-editor\" data-id=\"0632aa5\" data-element_type=\"widget\" data-e-type=\"widget\" data-widget_type=\"text-editor.default\">\n\t\t\t\t<div class=\"elementor-widget-container\">\n\t\t\t\t\t\t\t\t\t<p>D\u00e9ployer 10 000 bornes de recharge : un d\u00e9fi pour l&rsquo;\u00e9lectrification des camions en France d&rsquo;ici 2030<span class=\"notion-enable-hover\" data-token-index=\"0\">. Et <\/span>D\u00e9ployer 10 000 bornes de recharge : un d\u00e9fi pour l&rsquo;\u00e9lectrification des camions en France d&rsquo;ici 2035<span class=\"notion-enable-hover\" data-token-index=\"0\"><!-- notionvc: 7eb202b2-ab47-4acf-a54d-4a3ddfd08015 -->. Enfin <\/span>D\u00e9ployer 10 000 bornes de recharge : un d\u00e9fi pour l&rsquo;\u00e9lectrification des camions en France d&rsquo;ici 2035<\/p><p><span class=\"notion-enable-hover\" data-token-index=\"0\"><!-- notionvc: 7eb202b2-ab47-4acf-a54d-4a3ddfd08015 --><!-- notionvc: ecc5f106-a635-4b3c-a6c9-230f244c5525 --><\/span><!-- notionvc: ecc5f106-a635-4b3c-a6c9-230f244c5525 --><\/p>\t\t\t\t\t\t\t\t<\/div>\n\t\t\t\t<\/div>\n\t\t\t\t<div class=\"elementor-element elementor-element-0a0e849 elementor-widget elementor-widget-text-editor\" data-id=\"0a0e849\" data-element_type=\"widget\" data-e-type=\"widget\" data-widget_type=\"text-editor.default\">\n\t\t\t\t<div class=\"elementor-widget-container\">\n\t\t\t\t\t\t\t\t\t<p><strong>L&rsquo;\u00e9lectrification<\/strong> du <strong>secteur du transport<\/strong> pr\u00e9sente un <strong>d\u00e9fi de taille<\/strong> en mati\u00e8re<strong> d&rsquo;infrastructure.<\/strong> <span class=\"notion-enable-hover\" data-token-index=\"1\"><span style=\"text-decoration: underline;\"><strong><a href=\"https:\/\/www.vinci-autoroutes.com\/fr\/actualites\/environnement\/electrification-des-poids-lourds-enedis-totalenergies-vinci-autoroutes\/\">Une \u00e9tude r\u00e9cente men\u00e9e par Vinci Autoroutes<\/a>,<\/strong><\/span><\/span>\u00a0<strong>TotalEnergies, Enedis<\/strong> et les <strong>principaux acteurs de l&rsquo;industrie<\/strong> des<strong> poids lourds<\/strong> met en lumi\u00e8re la <strong>n\u00e9cessit\u00e9 d&rsquo;installer 10 000 bornes<\/strong> de recharge <strong>suppl\u00e9mentaires le long des routes fran\u00e7aises<\/strong> d&rsquo;ici <strong>2035<\/strong> pour <strong>accompagner<\/strong> le <strong>d\u00e9veloppement des camions \u00e9lectriques.<\/strong><\/p>\t\t\t\t\t\t\t\t<\/div>\n\t\t\t\t<\/div>\n\t\t\t\t\t<\/div>\n\t\t<\/div>\n\t\t\t\t\t<\/div>\n\t\t<\/section>\n\t\t\t\t<section class=\"elementor-section elementor-top-section elementor-element elementor-element-2620e2d elementor-section-boxed elementor-section-height-default elementor-section-height-default\" data-id=\"2620e2d\" data-element_type=\"section\" data-e-type=\"section\">\n\t\t\t\t\t\t<div class=\"elementor-container elementor-column-gap-default\">\n\t\t\t\t\t<div class=\"elementor-column elementor-col-100 elementor-top-column elementor-element elementor-element-6536bea\" data-id=\"6536bea\" data-element_type=\"column\" data-e-type=\"column\">\n\t\t\t<div class=\"elementor-widget-wrap elementor-element-populated\">\n\t\t\t\t\t\t<div class=\"elementor-element elementor-element-e965144 elementor-widget elementor-widget-text-editor\" data-id=\"e965144\" data-element_type=\"widget\" data-e-type=\"widget\" data-widget_type=\"text-editor.default\">\n\t\t\t\t<div class=\"elementor-widget-container\">\n\t\t\t\t\t\t\t\t\t<a style=\"color: #2e89a8;\" href=\"https:\/\/www.linkedin.com\/company\/time2plug\/mycompany\/?viewAsMember=true\"><b>Retrouvez-nous sur <span style=\"text-decoration: underline;\">Linkedin !<\/span><\/b>\n<\/a>\t\t\t\t\t\t\t\t<\/div>\n\t\t\t\t<\/div>\n\t\t\t\t\t<\/div>\n\t\t<\/div>\n\t\t\t\t\t<\/div>\n\t\t<\/section>\n\t\t\t\t<section class=\"elementor-section elementor-top-section elementor-element elementor-element-1e6e9e1 elementor-section-boxed elementor-section-height-default elementor-section-height-default\" data-id=\"1e6e9e1\" data-element_type=\"section\" data-e-type=\"section\">\n\t\t\t\t\t\t<div class=\"elementor-container elementor-column-gap-default\">\n\t\t\t\t\t<div class=\"elementor-column elementor-col-100 elementor-top-column elementor-element elementor-element-0d7d202\" data-id=\"0d7d202\" data-element_type=\"column\" data-e-type=\"column\">\n\t\t\t<div class=\"elementor-widget-wrap elementor-element-populated\">\n\t\t\t\t\t\t<div class=\"elementor-element elementor-element-e6a3e79 elementor-widget elementor-widget-heading\" data-id=\"e6a3e79\" data-element_type=\"widget\" data-e-type=\"widget\" data-widget_type=\"heading.default\">\n\t\t\t\t<div class=\"elementor-widget-container\">\n\t\t\t\t\t<h2 class=\"elementor-heading-title elementor-size-default\"><span role=\"img\" aria-label=\"\u26a1\" style=\",EmojiSymbols;line-height:1em;font-size:1em\">\u26a1<\/span> <span style=\"font-weight:600\">Un horizon \u00e9lectrique : projections pour 2035 <\/span><!-- notionvc: 53d9a246-82c0-42db-8196-b6fbb3bd7db7 --><\/h2>\t\t\t\t<\/div>\n\t\t\t\t<\/div>\n\t\t\t\t<div class=\"elementor-element elementor-element-ea31b61 elementor-widget elementor-widget-text-editor\" data-id=\"ea31b61\" data-element_type=\"widget\" data-e-type=\"widget\" data-widget_type=\"text-editor.default\">\n\t\t\t\t<div class=\"elementor-widget-container\">\n\t\t\t\t\t\t\t\t\t<p>Selon les <strong>projections<\/strong> de cette <strong>\u00e9tude<\/strong>, dans un <strong>sc\u00e9nario optimiste,<\/strong> <strong>30 % des poids lourds circulant sur les routes fran\u00e7aises seront \u00e9lectrifi\u00e9s d&rsquo;ici 2035.<\/strong>\u00a0Avec une <strong>\u00e9lectrification de 25,3 % des trajets longue distance.<\/strong> Cette <strong>transition<\/strong> n\u00e9cessitera une <strong>transformation majeure<\/strong> des <strong>infrastructures de recharge,<\/strong> notamment en ce qui concerne les <b>aires de stationnement. <\/b>Pour, par exemple, les <strong>pauses<\/strong> des chauffeurs.<!-- notionvc: 600f4f6d-8855-4d30-8cc7-554d2485d453 --><\/p>\t\t\t\t\t\t\t\t<\/div>\n\t\t\t\t<\/div>\n\t\t\t\t<div class=\"elementor-element elementor-element-99d878b elementor-widget elementor-widget-text-editor\" data-id=\"99d878b\" data-element_type=\"widget\" data-e-type=\"widget\" data-widget_type=\"text-editor.default\">\n\t\t\t\t<div class=\"elementor-widget-container\">\n\t\t\t\t\t\t\t\t\t<b> \u00c0 lire aussi :<span style=\"text-decoration: underline;\"><a style=\"color: #2e89a8;\" href=\"https:\/\/www.time2plug.com\/page\/electrification-des-flottes-de-vehicules-vers-un-avenir-durable\/\">\n\u00c9lectrification des flottes de v\u00e9hicules : Vers un avenir durable<\/a><\/span><\/b>\t\t\t\t\t\t\t\t<\/div>\n\t\t\t\t<\/div>\n\t\t\t\t\t<\/div>\n\t\t<\/div>\n\t\t\t\t\t<\/div>\n\t\t<\/section>\n\t\t\t\t<section class=\"elementor-section elementor-top-section elementor-element elementor-element-563123a elementor-section-boxed elementor-section-height-default elementor-section-height-default\" data-id=\"563123a\" data-element_type=\"section\" data-e-type=\"section\">\n\t\t\t\t\t\t<div class=\"elementor-container elementor-column-gap-default\">\n\t\t\t\t\t<div class=\"elementor-column elementor-col-100 elementor-top-column elementor-element elementor-element-c446f68\" data-id=\"c446f68\" data-element_type=\"column\" data-e-type=\"column\">\n\t\t\t<div class=\"elementor-widget-wrap elementor-element-populated\">\n\t\t\t\t\t\t<div class=\"elementor-element elementor-element-4f09571 elementor-widget__width-initial elementor-widget elementor-widget-heading\" data-id=\"4f09571\" data-element_type=\"widget\" data-e-type=\"widget\" data-widget_type=\"heading.default\">\n\t\t\t\t<div class=\"elementor-widget-container\">\n\t\t\t\t\t<h2 class=\"elementor-heading-title elementor-size-default\"><span role=\"img\" aria-label=\"\ud83d\udd0c\" style=\",EmojiSymbols;line-height:1em;font-size:1em\">\ud83d\udd0c<\/span> <span style=\"font-weight:600\">Besoin de recharge : transformation des aires de stationnement <\/span><\/h2>\t\t\t\t<\/div>\n\t\t\t\t<\/div>\n\t\t\t\t<div class=\"elementor-element elementor-element-4b45b51 elementor-widget elementor-widget-text-editor\" data-id=\"4b45b51\" data-element_type=\"widget\" data-e-type=\"widget\" data-widget_type=\"text-editor.default\">\n\t\t\t\t<div class=\"elementor-widget-container\">\n\t\t\t\t\t\t\t\t\t<p>En effet, <strong>apr\u00e8s<\/strong> avoir \u00e9t\u00e9 <strong>recharg\u00e9s au d\u00e9p\u00f4t<\/strong>, les camions \u00e9lectriques auront<strong> besoin de points de recharge le long de leur itin\u00e9raire.<\/strong> Ainsi, <b>10 000 bornes de recharge lentes (100 kW) et 2 200 bornes de recharge rapide (800 \u00e0 1 000 kW) devront \u00eatre d\u00e9ploy\u00e9es le long des grands axes routiers. <\/b>L&rsquo;objectif \u00e9tant de\u00a0r\u00e9pondre \u00e0 cette demande de plus en plus croissante.<\/p><p>Ces bornes devront \u00eatre install\u00e9es de mani\u00e8re \u00e0 ce qu&rsquo;au moins <strong>50 % des places de stationnement sur les aires soient \u00e9quip\u00e9es d&rsquo;ici 2035.<\/strong>\u00a0Avec jusqu&rsquo;\u00e0 <strong>58 bornes par aire sur les tron\u00e7ons les plus fr\u00e9quent\u00e9s.<\/strong><!-- notionvc: d07adbef-f9ca-4b96-bb59-3656f722e751 --><\/p>\t\t\t\t\t\t\t\t<\/div>\n\t\t\t\t<\/div>\n\t\t\t\t\t<\/div>\n\t\t<\/div>\n\t\t\t\t\t<\/div>\n\t\t<\/section>\n\t\t\t\t<section class=\"elementor-section elementor-top-section elementor-element elementor-element-04f2c6f elementor-section-boxed elementor-section-height-default elementor-section-height-default\" data-id=\"04f2c6f\" data-element_type=\"section\" data-e-type=\"section\">\n\t\t\t\t\t\t<div class=\"elementor-container elementor-column-gap-default\">\n\t\t\t\t\t<div class=\"elementor-column elementor-col-100 elementor-top-column elementor-element elementor-element-1f3ca37\" data-id=\"1f3ca37\" data-element_type=\"column\" data-e-type=\"column\">\n\t\t\t<div class=\"elementor-widget-wrap elementor-element-populated\">\n\t\t\t\t\t\t<div class=\"elementor-element elementor-element-d52e77a elementor-widget elementor-widget-image\" data-id=\"d52e77a\" data-element_type=\"widget\" data-e-type=\"widget\" data-widget_type=\"image.default\">\n\t\t\t\t<div class=\"elementor-widget-container\">\n\t\t\t\t\t\t\t\t\t\t\t\t<figure class=\"wp-caption\">\n\t\t\t\t\t\t\t\t\t\t<img fetchpriority=\"high\" decoding=\"async\" width=\"1024\" height=\"576\" src=\"https:\/\/www.time2plug.com\/page\/wp-content\/uploads\/2024\/05\/26125-1024x576.jpg\" class=\"attachment-large size-large wp-image-13431\" alt=\"Sch\u00e9ma d&#039;un camion qui se recharge\" srcset=\"https:\/\/www.time2plug.com\/page\/wp-content\/uploads\/2024\/05\/26125-1024x576.jpg 1024w, https:\/\/www.time2plug.com\/page\/wp-content\/uploads\/2024\/05\/26125-300x169.jpg 300w, https:\/\/www.time2plug.com\/page\/wp-content\/uploads\/2024\/05\/26125-768x432.jpg 768w, https:\/\/www.time2plug.com\/page\/wp-content\/uploads\/2024\/05\/26125-1536x864.jpg 1536w, https:\/\/www.time2plug.com\/page\/wp-content\/uploads\/2024\/05\/26125-2048x1152.jpg 2048w, https:\/\/www.time2plug.com\/page\/wp-content\/uploads\/2024\/05\/26125-800x450.jpg 800w\" sizes=\"(max-width: 1024px) 100vw, 1024px\" \/>\t\t\t\t\t\t\t\t\t\t\t<figcaption class=\"widget-image-caption wp-caption-text\">D\u00e9ployer 10 000 bornes de recharge : un d\u00e9fi pour l'\u00e9lectrification des camions en France d'ici 2035<\/figcaption>\n\t\t\t\t\t\t\t\t\t\t<\/figure>\n\t\t\t\t\t\t\t\t\t<\/div>\n\t\t\t\t<\/div>\n\t\t\t\t<div class=\"elementor-element elementor-element-51c3f21 elementor-widget__width-initial elementor-widget elementor-widget-heading\" data-id=\"51c3f21\" data-element_type=\"widget\" data-e-type=\"widget\" data-widget_type=\"heading.default\">\n\t\t\t\t<div class=\"elementor-widget-container\">\n\t\t\t\t\t<h2 class=\"elementor-heading-title elementor-size-default\"><span role=\"img\" aria-label=\"\ud83d\ude9a\" style=\",EmojiSymbols;line-height:1em;font-size:1em\">\ud83d\ude9a<\/span> <span style=\"font-weight:600\" class=\"notion-enable-hover\">Impact et d\u00e9fis : Cons\u00e9quences de l'\u00e9lectrification<\/span><!-- notionvc: a7ed9890-4d7e-4f48-901b-1d16b85cc5b3 --><\/h2>\t\t\t\t<\/div>\n\t\t\t\t<\/div>\n\t\t\t\t<div class=\"elementor-element elementor-element-4787408 elementor-widget elementor-widget-text-editor\" data-id=\"4787408\" data-element_type=\"widget\" data-e-type=\"widget\" data-widget_type=\"text-editor.default\">\n\t\t\t\t<div class=\"elementor-widget-container\">\n\t\t\t\t\t\t\t\t\t<p>Cependant, ce <strong>d\u00e9veloppement massif<\/strong> des infrastructures de recharge <strong>ne sera pas sans impact.<\/strong> En effet, la cr\u00e9ation de ces bornes pourrait entra\u00eener la<strong> suppression d&rsquo;une place de stationnement sur trois. <\/strong>Ce qui soul\u00e8ve des<strong> d\u00e9fis suppl\u00e9mentaires<\/strong> en termes d&rsquo;<strong>am\u00e9nagement urbain<\/strong> et d&rsquo;<strong>utilisation de l&rsquo;espace. <\/strong><\/p><p>Par ailleurs, cette \u00e9lectrification accrue du transport routier aura un <strong>impact significatif sur la demande d&rsquo;\u00e9lectricit\u00e9 en France.<\/strong> D&rsquo;ici 2035, la <strong>consommation d&rsquo;\u00e9lectricit\u00e9<\/strong> des <strong>poids lourds \u00e9lectriques<\/strong> en itin\u00e9rance pourrait<strong> atteindre<\/strong> jusqu&rsquo;\u00e0 <strong>3,5 t\u00e9rawattheures.<\/strong>\u00a0Repr\u00e9sentant <strong>environ 0,8 % de la consommation totale d&rsquo;\u00e9lectricit\u00e9 du pays en 2022.<\/strong><!-- notionvc: 201ed7c6-e96c-4980-ab87-fdf6fa312469 --><\/p>\t\t\t\t\t\t\t\t<\/div>\n\t\t\t\t<\/div>\n\t\t\t\t<div class=\"elementor-element elementor-element-f090018 elementor-widget__width-initial elementor-widget elementor-widget-heading\" data-id=\"f090018\" data-element_type=\"widget\" data-e-type=\"widget\" data-widget_type=\"heading.default\">\n\t\t\t\t<div class=\"elementor-widget-container\">\n\t\t\t\t\t<h2 class=\"elementor-heading-title elementor-size-default\"><span role=\"img\" aria-label=\"\ud83d\udca1\" style=\",EmojiSymbols;line-height:1em;font-size:1em\">\ud83d\udca1<\/span> <span style=\"font-weight:600\" class=\"notion-enable-hover\">Investissement n\u00e9cessaire : Pr\u00e9paration pour l'avenir <\/span><!-- notionvc: 1b4fcda7-09a7-40e7-9621-54037b93637f --><\/h2>\t\t\t\t<\/div>\n\t\t\t\t<\/div>\n\t\t\t\t<div class=\"elementor-element elementor-element-889641a elementor-widget__width-initial elementor-widget elementor-widget-text-editor\" data-id=\"889641a\" data-element_type=\"widget\" data-e-type=\"widget\" data-widget_type=\"text-editor.default\">\n\t\t\t\t<div class=\"elementor-widget-container\">\n\t\t\t\t\t\t\t\t\t<p>Pour <strong>relever ces d\u00e9fis<\/strong>, un <strong>investissement de 629 millions d&rsquo;euros<\/strong> dans le <strong>r\u00e9seau \u00e9lectrique<\/strong> est <strong>n\u00e9cessaire d&rsquo;ici 2035<\/strong>. Il est donc<strong> essentiel de planifier<\/strong> d\u00e8s maintenant cette <strong>transition vers une \u00e9lectrification plus large du transport routier. <\/strong>Tout cela\u00a0en <strong>collaboration avec les acteurs publics et priv\u00e9s concern\u00e9s.<\/strong><!-- notionvc: 5508109f-941f-4388-b353-0357e368811a --><\/p>\t\t\t\t\t\t\t\t<\/div>\n\t\t\t\t<\/div>\n\t\t\t\t<div class=\"elementor-element elementor-element-cec89cd elementor-widget elementor-widget-text-editor\" data-id=\"cec89cd\" data-element_type=\"widget\" data-e-type=\"widget\" data-widget_type=\"text-editor.default\">\n\t\t\t\t<div class=\"elementor-widget-container\">\n\t\t\t\t\t\t\t\t\t<b> \u00c0 lire aussi :<span style=\"text-decoration: underline;\"><a style=\"color: #2e89a8;\" href=\"https:\/\/www.time2plug.com\/page\/tout-savoir-sur-le-bonus-ecologique-en-2024\/\">\nTout savoir sur le bonus \u00e9cologique en 2024 !<\/a><\/span><\/b>\t\t\t\t\t\t\t\t<\/div>\n\t\t\t\t<\/div>\n\t\t\t\t<div class=\"elementor-element elementor-element-575596c elementor-widget__width-initial elementor-widget elementor-widget-heading\" data-id=\"575596c\" data-element_type=\"widget\" data-e-type=\"widget\" data-widget_type=\"heading.default\">\n\t\t\t\t<div class=\"elementor-widget-container\">\n\t\t\t\t\t<h2 class=\"elementor-heading-title elementor-size-default\"><span role=\"img\" aria-label=\"\ud83c\udf0d\" style=\",EmojiSymbols;line-height:1em;font-size:1em\">\ud83c\udf0d<\/span> <span style=\"font-weight:600\" class=\"notion-enable-hover\">Objectif gouvernemental : Vers une mobilit\u00e9 \u00e9lectrique g\u00e9n\u00e9ralis\u00e9e <\/span><!-- notionvc: edd592cb-aaee-4ae5-8932-e581019aaae5 --><\/h2>\t\t\t\t<\/div>\n\t\t\t\t<\/div>\n\t\t\t\t<div class=\"elementor-element elementor-element-e2a46c0 elementor-widget elementor-widget-text-editor\" data-id=\"e2a46c0\" data-element_type=\"widget\" data-e-type=\"widget\" data-widget_type=\"text-editor.default\">\n\t\t\t\t<div class=\"elementor-widget-container\">\n\t\t\t\t\t\t\t\t\t<p>Cette <strong>\u00e9volution<\/strong> s&rsquo;inscrit dans un <strong>contexte<\/strong> o\u00f9 le <strong>gouvernement fran\u00e7ais s&rsquo;est fix\u00e9 l&rsquo;objectif ambitieux d&rsquo;installer 400 000 bornes de recharge en activit\u00e9 d&rsquo;ici 2030.<\/strong><\/p><p>Avec la <strong>mont\u00e9e en puissance<\/strong> des v\u00e9hicules \u00e9lectriques et la <strong>n\u00e9cessit\u00e9 de d\u00e9velopper les infrastructures<\/strong> de recharge, il est crucial de <strong>mettre en place des mesures et des investissements adapt\u00e9s<\/strong> pour <strong>accompagner cette transition<\/strong> vers une mobilit\u00e9 plus durable.<!-- notionvc: 5483c32e-935f-4b2e-807d-1c2b89bb8dc2 --><\/p>\t\t\t\t\t\t\t\t<\/div>\n\t\t\t\t<\/div>\n\t\t\t\t\t<\/div>\n\t\t<\/div>\n\t\t\t\t\t<\/div>\n\t\t<\/section>\n\t\t\t\t<section class=\"elementor-section elementor-top-section elementor-element elementor-element-cec4207 elementor-section-boxed elementor-section-height-default elementor-section-height-default\" data-id=\"cec4207\" data-element_type=\"section\" data-e-type=\"section\">\n\t\t\t\t\t\t<div class=\"elementor-container elementor-column-gap-default\">\n\t\t\t\t\t<div class=\"elementor-column elementor-col-100 elementor-top-column elementor-element elementor-element-992f1ad\" data-id=\"992f1ad\" data-element_type=\"column\" data-e-type=\"column\">\n\t\t\t<div class=\"elementor-widget-wrap elementor-element-populated\">\n\t\t\t\t\t\t<div class=\"elementor-element elementor-element-39df3ef elementor-widget elementor-widget-text-editor\" data-id=\"39df3ef\" data-element_type=\"widget\" data-e-type=\"widget\" data-widget_type=\"text-editor.default\">\n\t\t\t\t<div class=\"elementor-widget-container\">\n\t\t\t\t\t\t\t\t\t<b><span class=\"notion-enable-hover\">Vous \u00eates une entreprise, un h\u00f4tel, un camping ou autre, et vous souhaitez installer des bornes de recharge sur votre parking ? Faites d\u00e8s maintenant une <\/span><span class=\"notion-enable-hover\" style=\"border-bottom-width: 0.05em; border-bottom-style: solid; font-style: italic;\">demande de simulation<\/span><span class=\"notion-enable-hover\">\u00a0sur mesure et personnalis\u00e9e, adapt\u00e9e \u00e0 votre activit\u00e9 !<\/span><\/b>\t\t\t\t\t\t\t\t<\/div>\n\t\t\t\t<\/div>\n\t\t\t\t\t<\/div>\n\t\t<\/div>\n\t\t\t\t\t<\/div>\n\t\t<\/section>\n\t\t\t\t<\/div>\n\t\t","protected":false},"excerpt":{"rendered":"<p>D\u00e9ployer 10 000 bornes de recharge : un d\u00e9fi pour l&rsquo;\u00e9lectrification des camions en France d&rsquo;ici 2030. Et D\u00e9ployer 10 000 bornes de recharge : un d\u00e9fi pour l&rsquo;\u00e9lectrification des camions en France d&rsquo;ici 2035. Enfin D\u00e9ployer 10 000 bornes de recharge : un d\u00e9fi pour l&rsquo;\u00e9lectrification des camions en France d&rsquo;ici 2035 L&rsquo;\u00e9lectrification du [&hellip;]<\/p>\n","protected":false},"author":15,"featured_media":13431,"comment_status":"open","ping_status":"open","sticky":false,"template":"","format":"standard","meta":{"_monsterinsights_skip_tracking":false,"_monsterinsights_sitenote_active":false,"_monsterinsights_sitenote_note":"","_monsterinsights_sitenote_category":0,"ocean_post_layout":"","ocean_both_sidebars_style":"","ocean_both_sidebars_content_width":0,"ocean_both_sidebars_sidebars_width":0,"ocean_sidebar":"","ocean_second_sidebar":"","ocean_disable_margins":"enable","ocean_add_body_class":"","ocean_shortcode_before_top_bar":"","ocean_shortcode_after_top_bar":"","ocean_shortcode_before_header":"","ocean_shortcode_after_header":"","ocean_has_shortcode":"","ocean_shortcode_after_title":"","ocean_shortcode_before_footer_widgets":"","ocean_shortcode_after_footer_widgets":"","ocean_shortcode_before_footer_bottom":"","ocean_shortcode_after_footer_bottom":"","ocean_display_top_bar":"default","ocean_display_header":"default","ocean_header_style":"","ocean_center_header_left_menu":"","ocean_custom_header_template":"","ocean_custom_logo":0,"ocean_custom_retina_logo":0,"ocean_custom_logo_max_width":0,"ocean_custom_logo_tablet_max_width":0,"ocean_custom_logo_mobile_max_width":0,"ocean_custom_logo_max_height":0,"ocean_custom_logo_tablet_max_height":0,"ocean_custom_logo_mobile_max_height":0,"ocean_header_custom_menu":"","ocean_menu_typo_font_family":"","ocean_menu_typo_font_subset":"","ocean_menu_typo_font_size":0,"ocean_menu_typo_font_size_tablet":0,"ocean_menu_typo_font_size_mobile":0,"ocean_menu_typo_font_size_unit":"px","ocean_menu_typo_font_weight":"","ocean_menu_typo_font_weight_tablet":"","ocean_menu_typo_font_weight_mobile":"","ocean_menu_typo_transform":"","ocean_menu_typo_transform_tablet":"","ocean_menu_typo_transform_mobile":"","ocean_menu_typo_line_height":0,"ocean_menu_typo_line_height_tablet":0,"ocean_menu_typo_line_height_mobile":0,"ocean_menu_typo_line_height_unit":"","ocean_menu_typo_spacing":0,"ocean_menu_typo_spacing_tablet":0,"ocean_menu_typo_spacing_mobile":0,"ocean_menu_typo_spacing_unit":"","ocean_menu_link_color":"","ocean_menu_link_color_hover":"","ocean_menu_link_color_active":"","ocean_menu_link_background":"","ocean_menu_link_hover_background":"","ocean_menu_link_active_background":"","ocean_menu_social_links_bg":"","ocean_menu_social_hover_links_bg":"","ocean_menu_social_links_color":"","ocean_menu_social_hover_links_color":"","ocean_disable_title":"default","ocean_disable_heading":"default","ocean_post_title":"","ocean_post_subheading":"","ocean_post_title_style":"","ocean_post_title_background_color":"","ocean_post_title_background":0,"ocean_post_title_bg_image_position":"","ocean_post_title_bg_image_attachment":"","ocean_post_title_bg_image_repeat":"","ocean_post_title_bg_image_size":"","ocean_post_title_height":0,"ocean_post_title_bg_overlay":0.5,"ocean_post_title_bg_overlay_color":"","ocean_disable_breadcrumbs":"default","ocean_breadcrumbs_color":"","ocean_breadcrumbs_separator_color":"","ocean_breadcrumbs_links_color":"","ocean_breadcrumbs_links_hover_color":"","ocean_display_footer_widgets":"default","ocean_display_footer_bottom":"default","ocean_custom_footer_template":"","osh_disable_topbar_sticky":"default","osh_disable_header_sticky":"default","osh_sticky_header_style":"default","osh_sticky_header_effect":"","osh_custom_sticky_logo":0,"osh_custom_retina_sticky_logo":0,"osh_custom_sticky_logo_height":0,"osh_background_color":"","osh_links_color":"","osh_links_hover_color":"","osh_links_active_color":"","osh_links_bg_color":"","osh_links_hover_bg_color":"","osh_links_active_bg_color":"","osh_menu_social_links_color":"","osh_menu_social_hover_links_color":"","ocean_post_oembed":"","ocean_post_self_hosted_media":"","ocean_post_video_embed":"","ocean_link_format":"","ocean_link_format_target":"self","ocean_quote_format":"","ocean_quote_format_link":"post","ocean_gallery_link_images":"on","ocean_gallery_id":[],"footnotes":""},"categories":[18,13,17,15,12,24,14,21],"tags":[],"class_list":["post-13429","post","type-post","status-publish","format-standard","has-post-thumbnail","hentry","category-actualite","category-campings","category-coproprietes","category-entreprises","category-hotels","category-installation-borne-de-recharge","category-restaurants","category-rse","entry","has-media"],"yoast_head":"<!-- This site is optimized with the Yoast SEO plugin v27.4 - https:\/\/yoast.com\/product\/yoast-seo-wordpress\/ -->\n<title>D\u00e9ployer 10 000 bornes : un d\u00e9fi pour l&#039;\u00e9lectrification des camions.<\/title>\n<meta name=\"description\" content=\"D\u00e9ployer 10 000 bornes de recharge d&#039;ici 2035 : un d\u00e9fi pour l&#039;\u00e9lectrification des camions en France. D\u00e9couvrez les enjeux de cette transition.\" \/>\n<meta name=\"robots\" content=\"index, follow, max-snippet:-1, max-image-preview:large, max-video-preview:-1\" \/>\n<link rel=\"canonical\" href=\"https:\/\/www.time2plug.com\/page\/deployer-10-000-bornes-un-defi-pour-lelectrification-des-camions\/\" \/>\n<meta property=\"og:locale\" content=\"fr_FR\" \/>\n<meta property=\"og:type\" content=\"article\" \/>\n<meta property=\"og:title\" content=\"D\u00e9ployer 10 000 bornes : un d\u00e9fi pour l&#039;\u00e9lectrification des camions.\" \/>\n<meta property=\"og:description\" content=\"D\u00e9ployer 10 000 bornes de recharge d&#039;ici 2035 : un d\u00e9fi pour l&#039;\u00e9lectrification des camions en France. D\u00e9couvrez les enjeux de cette transition.\" \/>\n<meta property=\"og:url\" content=\"https:\/\/www.time2plug.com\/page\/deployer-10-000-bornes-un-defi-pour-lelectrification-des-camions\/\" \/>\n<meta property=\"og:site_name\" content=\"Time2plug\" \/>\n<meta property=\"article:published_time\" content=\"2024-06-04T12:59:17+00:00\" \/>\n<meta property=\"article:modified_time\" content=\"2024-06-19T07:54:34+00:00\" \/>\n<meta property=\"og:image\" content=\"https:\/\/www.time2plug.com\/page\/wp-content\/uploads\/2024\/05\/26125-scaled.jpg\" \/>\n\t<meta property=\"og:image:width\" content=\"2560\" \/>\n\t<meta property=\"og:image:height\" content=\"1440\" \/>\n\t<meta property=\"og:image:type\" content=\"image\/jpeg\" \/>\n<meta name=\"author\" content=\"Lou N\u00e9mard\" \/>\n<meta name=\"twitter:card\" content=\"summary_large_image\" \/>\n<meta name=\"twitter:label1\" content=\"\u00c9crit par\" \/>\n\t<meta name=\"twitter:data1\" content=\"Lou N\u00e9mard\" \/>\n\t<meta name=\"twitter:label2\" content=\"Dur\u00e9e de lecture estim\u00e9e\" \/>\n\t<meta name=\"twitter:data2\" content=\"4 minutes\" \/>\n<script type=\"application\/ld+json\" class=\"yoast-schema-graph\">{\"@context\":\"https:\\\/\\\/schema.org\",\"@graph\":[{\"@type\":\"Article\",\"@id\":\"https:\\\/\\\/www.time2plug.com\\\/page\\\/deployer-10-000-bornes-un-defi-pour-lelectrification-des-camions\\\/#article\",\"isPartOf\":{\"@id\":\"https:\\\/\\\/www.time2plug.com\\\/page\\\/deployer-10-000-bornes-un-defi-pour-lelectrification-des-camions\\\/\"},\"author\":{\"name\":\"Lou N\u00e9mard\",\"@id\":\"https:\\\/\\\/www.time2plug.com\\\/page\\\/#\\\/schema\\\/person\\\/539b6aabfd255f20a3b9456285b9c81a\"},\"headline\":\"D\u00e9ployer 10 000 bornes : un d\u00e9fi pour l&rsquo;\u00e9lectrification des camions.\",\"datePublished\":\"2024-06-04T12:59:17+00:00\",\"dateModified\":\"2024-06-19T07:54:34+00:00\",\"mainEntityOfPage\":{\"@id\":\"https:\\\/\\\/www.time2plug.com\\\/page\\\/deployer-10-000-bornes-un-defi-pour-lelectrification-des-camions\\\/\"},\"wordCount\":643,\"commentCount\":0,\"publisher\":{\"@id\":\"https:\\\/\\\/www.time2plug.com\\\/page\\\/#organization\"},\"image\":{\"@id\":\"https:\\\/\\\/www.time2plug.com\\\/page\\\/deployer-10-000-bornes-un-defi-pour-lelectrification-des-camions\\\/#primaryimage\"},\"thumbnailUrl\":\"https:\\\/\\\/www.time2plug.com\\\/page\\\/wp-content\\\/uploads\\\/2024\\\/05\\\/26125-scaled.jpg\",\"articleSection\":[\"Actualit\u00e9\",\"Campings\",\"Copropri\u00e9t\u00e9s\",\"Entreprises\",\"H\u00f4tels\",\"Installation Borne de recharge\",\"Restaurants\",\"RSE\"],\"inLanguage\":\"fr-FR\",\"potentialAction\":[{\"@type\":\"CommentAction\",\"name\":\"Comment\",\"target\":[\"https:\\\/\\\/www.time2plug.com\\\/page\\\/deployer-10-000-bornes-un-defi-pour-lelectrification-des-camions\\\/#respond\"]}]},{\"@type\":\"WebPage\",\"@id\":\"https:\\\/\\\/www.time2plug.com\\\/page\\\/deployer-10-000-bornes-un-defi-pour-lelectrification-des-camions\\\/\",\"url\":\"https:\\\/\\\/www.time2plug.com\\\/page\\\/deployer-10-000-bornes-un-defi-pour-lelectrification-des-camions\\\/\",\"name\":\"D\u00e9ployer 10 000 bornes : un d\u00e9fi pour l'\u00e9lectrification des camions.\",\"isPartOf\":{\"@id\":\"https:\\\/\\\/www.time2plug.com\\\/page\\\/#website\"},\"primaryImageOfPage\":{\"@id\":\"https:\\\/\\\/www.time2plug.com\\\/page\\\/deployer-10-000-bornes-un-defi-pour-lelectrification-des-camions\\\/#primaryimage\"},\"image\":{\"@id\":\"https:\\\/\\\/www.time2plug.com\\\/page\\\/deployer-10-000-bornes-un-defi-pour-lelectrification-des-camions\\\/#primaryimage\"},\"thumbnailUrl\":\"https:\\\/\\\/www.time2plug.com\\\/page\\\/wp-content\\\/uploads\\\/2024\\\/05\\\/26125-scaled.jpg\",\"datePublished\":\"2024-06-04T12:59:17+00:00\",\"dateModified\":\"2024-06-19T07:54:34+00:00\",\"description\":\"D\u00e9ployer 10 000 bornes de recharge d'ici 2035 : un d\u00e9fi pour l'\u00e9lectrification des camions en France. D\u00e9couvrez les enjeux de cette transition.\",\"breadcrumb\":{\"@id\":\"https:\\\/\\\/www.time2plug.com\\\/page\\\/deployer-10-000-bornes-un-defi-pour-lelectrification-des-camions\\\/#breadcrumb\"},\"inLanguage\":\"fr-FR\",\"potentialAction\":[{\"@type\":\"ReadAction\",\"target\":[\"https:\\\/\\\/www.time2plug.com\\\/page\\\/deployer-10-000-bornes-un-defi-pour-lelectrification-des-camions\\\/\"]}]},{\"@type\":\"ImageObject\",\"inLanguage\":\"fr-FR\",\"@id\":\"https:\\\/\\\/www.time2plug.com\\\/page\\\/deployer-10-000-bornes-un-defi-pour-lelectrification-des-camions\\\/#primaryimage\",\"url\":\"https:\\\/\\\/www.time2plug.com\\\/page\\\/wp-content\\\/uploads\\\/2024\\\/05\\\/26125-scaled.jpg\",\"contentUrl\":\"https:\\\/\\\/www.time2plug.com\\\/page\\\/wp-content\\\/uploads\\\/2024\\\/05\\\/26125-scaled.jpg\",\"width\":2560,\"height\":1440,\"caption\":\"Truck of future, futuristic electric vehicle with modern engineering technologies isometric composition with infographic elements vector illustration\"},{\"@type\":\"BreadcrumbList\",\"@id\":\"https:\\\/\\\/www.time2plug.com\\\/page\\\/deployer-10-000-bornes-un-defi-pour-lelectrification-des-camions\\\/#breadcrumb\",\"itemListElement\":[{\"@type\":\"ListItem\",\"position\":1,\"name\":\"Accueil\",\"item\":\"https:\\\/\\\/www.time2plug.com\\\/page\\\/\"},{\"@type\":\"ListItem\",\"position\":2,\"name\":\"D\u00e9ployer 10 000 bornes : un d\u00e9fi pour l&rsquo;\u00e9lectrification des camions.\"}]},{\"@type\":\"WebSite\",\"@id\":\"https:\\\/\\\/www.time2plug.com\\\/page\\\/#website\",\"url\":\"https:\\\/\\\/www.time2plug.com\\\/page\\\/\",\"name\":\"Time2plug\",\"description\":\"Installation et gestion de bornes recharge pour voitures \u00e9lectriques\",\"publisher\":{\"@id\":\"https:\\\/\\\/www.time2plug.com\\\/page\\\/#organization\"},\"alternateName\":\"Bornes de recharge pour voitures \u00e9lectriques\",\"potentialAction\":[{\"@type\":\"SearchAction\",\"target\":{\"@type\":\"EntryPoint\",\"urlTemplate\":\"https:\\\/\\\/www.time2plug.com\\\/page\\\/?s={search_term_string}\"},\"query-input\":{\"@type\":\"PropertyValueSpecification\",\"valueRequired\":true,\"valueName\":\"search_term_string\"}}],\"inLanguage\":\"fr-FR\"},{\"@type\":\"Organization\",\"@id\":\"https:\\\/\\\/www.time2plug.com\\\/page\\\/#organization\",\"name\":\"Time2plug\",\"alternateName\":\"Bornes de recharge pour voitures \u00e9lectriques\",\"url\":\"https:\\\/\\\/www.time2plug.com\\\/page\\\/\",\"logo\":{\"@type\":\"ImageObject\",\"inLanguage\":\"fr-FR\",\"@id\":\"https:\\\/\\\/www.time2plug.com\\\/page\\\/#\\\/schema\\\/logo\\\/image\\\/\",\"url\":\"https:\\\/\\\/www.time2plug.com\\\/page\\\/wp-content\\\/uploads\\\/2025\\\/04\\\/T2P-Blanc_Background-Orange.png\",\"contentUrl\":\"https:\\\/\\\/www.time2plug.com\\\/page\\\/wp-content\\\/uploads\\\/2025\\\/04\\\/T2P-Blanc_Background-Orange.png\",\"width\":300,\"height\":300,\"caption\":\"Time2plug\"},\"image\":{\"@id\":\"https:\\\/\\\/www.time2plug.com\\\/page\\\/#\\\/schema\\\/logo\\\/image\\\/\"},\"sameAs\":[\"https:\\\/\\\/www.linkedin.com\\\/company\\\/time2plug\\\/\"]},{\"@type\":\"Person\",\"@id\":\"https:\\\/\\\/www.time2plug.com\\\/page\\\/#\\\/schema\\\/person\\\/539b6aabfd255f20a3b9456285b9c81a\",\"name\":\"Lou N\u00e9mard\",\"image\":{\"@type\":\"ImageObject\",\"inLanguage\":\"fr-FR\",\"@id\":\"https:\\\/\\\/secure.gravatar.com\\\/avatar\\\/916760b7331d513c0d331643a2db0b425c4f4d5e1ae0a0fd832b438a77018a43?s=96&d=mm&r=g\",\"url\":\"https:\\\/\\\/secure.gravatar.com\\\/avatar\\\/916760b7331d513c0d331643a2db0b425c4f4d5e1ae0a0fd832b438a77018a43?s=96&d=mm&r=g\",\"contentUrl\":\"https:\\\/\\\/secure.gravatar.com\\\/avatar\\\/916760b7331d513c0d331643a2db0b425c4f4d5e1ae0a0fd832b438a77018a43?s=96&d=mm&r=g\",\"caption\":\"Lou N\u00e9mard\"}}]}<\/script>\n<!-- \/ Yoast SEO plugin. -->","yoast_head_json":{"title":"D\u00e9ployer 10 000 bornes : un d\u00e9fi pour l'\u00e9lectrification des camions.","description":"D\u00e9ployer 10 000 bornes de recharge d'ici 2035 : un d\u00e9fi pour l'\u00e9lectrification des camions en France. D\u00e9couvrez les enjeux de cette transition.","robots":{"index":"index","follow":"follow","max-snippet":"max-snippet:-1","max-image-preview":"max-image-preview:large","max-video-preview":"max-video-preview:-1"},"canonical":"https:\/\/www.time2plug.com\/page\/deployer-10-000-bornes-un-defi-pour-lelectrification-des-camions\/","og_locale":"fr_FR","og_type":"article","og_title":"D\u00e9ployer 10 000 bornes : un d\u00e9fi pour l'\u00e9lectrification des camions.","og_description":"D\u00e9ployer 10 000 bornes de recharge d'ici 2035 : un d\u00e9fi pour l'\u00e9lectrification des camions en France. D\u00e9couvrez les enjeux de cette transition.","og_url":"https:\/\/www.time2plug.com\/page\/deployer-10-000-bornes-un-defi-pour-lelectrification-des-camions\/","og_site_name":"Time2plug","article_published_time":"2024-06-04T12:59:17+00:00","article_modified_time":"2024-06-19T07:54:34+00:00","og_image":[{"width":2560,"height":1440,"url":"https:\/\/www.time2plug.com\/page\/wp-content\/uploads\/2024\/05\/26125-scaled.jpg","type":"image\/jpeg"}],"author":"Lou N\u00e9mard","twitter_card":"summary_large_image","twitter_misc":{"\u00c9crit par":"Lou N\u00e9mard","Dur\u00e9e de lecture estim\u00e9e":"4 minutes"},"schema":{"@context":"https:\/\/schema.org","@graph":[{"@type":"Article","@id":"https:\/\/www.time2plug.com\/page\/deployer-10-000-bornes-un-defi-pour-lelectrification-des-camions\/#article","isPartOf":{"@id":"https:\/\/www.time2plug.com\/page\/deployer-10-000-bornes-un-defi-pour-lelectrification-des-camions\/"},"author":{"name":"Lou N\u00e9mard","@id":"https:\/\/www.time2plug.com\/page\/#\/schema\/person\/539b6aabfd255f20a3b9456285b9c81a"},"headline":"D\u00e9ployer 10 000 bornes : un d\u00e9fi pour l&rsquo;\u00e9lectrification des camions.","datePublished":"2024-06-04T12:59:17+00:00","dateModified":"2024-06-19T07:54:34+00:00","mainEntityOfPage":{"@id":"https:\/\/www.time2plug.com\/page\/deployer-10-000-bornes-un-defi-pour-lelectrification-des-camions\/"},"wordCount":643,"commentCount":0,"publisher":{"@id":"https:\/\/www.time2plug.com\/page\/#organization"},"image":{"@id":"https:\/\/www.time2plug.com\/page\/deployer-10-000-bornes-un-defi-pour-lelectrification-des-camions\/#primaryimage"},"thumbnailUrl":"https:\/\/www.time2plug.com\/page\/wp-content\/uploads\/2024\/05\/26125-scaled.jpg","articleSection":["Actualit\u00e9","Campings","Copropri\u00e9t\u00e9s","Entreprises","H\u00f4tels","Installation Borne de recharge","Restaurants","RSE"],"inLanguage":"fr-FR","potentialAction":[{"@type":"CommentAction","name":"Comment","target":["https:\/\/www.time2plug.com\/page\/deployer-10-000-bornes-un-defi-pour-lelectrification-des-camions\/#respond"]}]},{"@type":"WebPage","@id":"https:\/\/www.time2plug.com\/page\/deployer-10-000-bornes-un-defi-pour-lelectrification-des-camions\/","url":"https:\/\/www.time2plug.com\/page\/deployer-10-000-bornes-un-defi-pour-lelectrification-des-camions\/","name":"D\u00e9ployer 10 000 bornes : un d\u00e9fi pour l'\u00e9lectrification des camions.","isPartOf":{"@id":"https:\/\/www.time2plug.com\/page\/#website"},"primaryImageOfPage":{"@id":"https:\/\/www.time2plug.com\/page\/deployer-10-000-bornes-un-defi-pour-lelectrification-des-camions\/#primaryimage"},"image":{"@id":"https:\/\/www.time2plug.com\/page\/deployer-10-000-bornes-un-defi-pour-lelectrification-des-camions\/#primaryimage"},"thumbnailUrl":"https:\/\/www.time2plug.com\/page\/wp-content\/uploads\/2024\/05\/26125-scaled.jpg","datePublished":"2024-06-04T12:59:17+00:00","dateModified":"2024-06-19T07:54:34+00:00","description":"D\u00e9ployer 10 000 bornes de recharge d'ici 2035 : un d\u00e9fi pour l'\u00e9lectrification des camions en France. D\u00e9couvrez les enjeux de cette transition.","breadcrumb":{"@id":"https:\/\/www.time2plug.com\/page\/deployer-10-000-bornes-un-defi-pour-lelectrification-des-camions\/#breadcrumb"},"inLanguage":"fr-FR","potentialAction":[{"@type":"ReadAction","target":["https:\/\/www.time2plug.com\/page\/deployer-10-000-bornes-un-defi-pour-lelectrification-des-camions\/"]}]},{"@type":"ImageObject","inLanguage":"fr-FR","@id":"https:\/\/www.time2plug.com\/page\/deployer-10-000-bornes-un-defi-pour-lelectrification-des-camions\/#primaryimage","url":"https:\/\/www.time2plug.com\/page\/wp-content\/uploads\/2024\/05\/26125-scaled.jpg","contentUrl":"https:\/\/www.time2plug.com\/page\/wp-content\/uploads\/2024\/05\/26125-scaled.jpg","width":2560,"height":1440,"caption":"Truck of future, futuristic electric vehicle with modern engineering technologies isometric composition with infographic elements vector illustration"},{"@type":"BreadcrumbList","@id":"https:\/\/www.time2plug.com\/page\/deployer-10-000-bornes-un-defi-pour-lelectrification-des-camions\/#breadcrumb","itemListElement":[{"@type":"ListItem","position":1,"name":"Accueil","item":"https:\/\/www.time2plug.com\/page\/"},{"@type":"ListItem","position":2,"name":"D\u00e9ployer 10 000 bornes : un d\u00e9fi pour l&rsquo;\u00e9lectrification des camions."}]},{"@type":"WebSite","@id":"https:\/\/www.time2plug.com\/page\/#website","url":"https:\/\/www.time2plug.com\/page\/","name":"Time2plug","description":"Installation et gestion de bornes recharge pour voitures \u00e9lectriques","publisher":{"@id":"https:\/\/www.time2plug.com\/page\/#organization"},"alternateName":"Bornes de recharge pour voitures \u00e9lectriques","potentialAction":[{"@type":"SearchAction","target":{"@type":"EntryPoint","urlTemplate":"https:\/\/www.time2plug.com\/page\/?s={search_term_string}"},"query-input":{"@type":"PropertyValueSpecification","valueRequired":true,"valueName":"search_term_string"}}],"inLanguage":"fr-FR"},{"@type":"Organization","@id":"https:\/\/www.time2plug.com\/page\/#organization","name":"Time2plug","alternateName":"Bornes de recharge pour voitures \u00e9lectriques","url":"https:\/\/www.time2plug.com\/page\/","logo":{"@type":"ImageObject","inLanguage":"fr-FR","@id":"https:\/\/www.time2plug.com\/page\/#\/schema\/logo\/image\/","url":"https:\/\/www.time2plug.com\/page\/wp-content\/uploads\/2025\/04\/T2P-Blanc_Background-Orange.png","contentUrl":"https:\/\/www.time2plug.com\/page\/wp-content\/uploads\/2025\/04\/T2P-Blanc_Background-Orange.png","width":300,"height":300,"caption":"Time2plug"},"image":{"@id":"https:\/\/www.time2plug.com\/page\/#\/schema\/logo\/image\/"},"sameAs":["https:\/\/www.linkedin.com\/company\/time2plug\/"]},{"@type":"Person","@id":"https:\/\/www.time2plug.com\/page\/#\/schema\/person\/539b6aabfd255f20a3b9456285b9c81a","name":"Lou N\u00e9mard","image":{"@type":"ImageObject","inLanguage":"fr-FR","@id":"https:\/\/secure.gravatar.com\/avatar\/916760b7331d513c0d331643a2db0b425c4f4d5e1ae0a0fd832b438a77018a43?s=96&d=mm&r=g","url":"https:\/\/secure.gravatar.com\/avatar\/916760b7331d513c0d331643a2db0b425c4f4d5e1ae0a0fd832b438a77018a43?s=96&d=mm&r=g","contentUrl":"https:\/\/secure.gravatar.com\/avatar\/916760b7331d513c0d331643a2db0b425c4f4d5e1ae0a0fd832b438a77018a43?s=96&d=mm&r=g","caption":"Lou N\u00e9mard"}}]}},"_links":{"self":[{"href":"https:\/\/www.time2plug.com\/page\/wp-json\/wp\/v2\/posts\/13429","targetHints":{"allow":["GET"]}}],"collection":[{"href":"https:\/\/www.time2plug.com\/page\/wp-json\/wp\/v2\/posts"}],"about":[{"href":"https:\/\/www.time2plug.com\/page\/wp-json\/wp\/v2\/types\/post"}],"author":[{"embeddable":true,"href":"https:\/\/www.time2plug.com\/page\/wp-json\/wp\/v2\/users\/15"}],"replies":[{"embeddable":true,"href":"https:\/\/www.time2plug.com\/page\/wp-json\/wp\/v2\/comments?post=13429"}],"version-history":[{"count":0,"href":"https:\/\/www.time2plug.com\/page\/wp-json\/wp\/v2\/posts\/13429\/revisions"}],"wp:featuredmedia":[{"embeddable":true,"href":"https:\/\/www.time2plug.com\/page\/wp-json\/wp\/v2\/media\/13431"}],"wp:attachment":[{"href":"https:\/\/www.time2plug.com\/page\/wp-json\/wp\/v2\/media?parent=13429"}],"wp:term":[{"taxonomy":"category","embeddable":true,"href":"https:\/\/www.time2plug.com\/page\/wp-json\/wp\/v2\/categories?post=13429"},{"taxonomy":"post_tag","embeddable":true,"href":"https:\/\/www.time2plug.com\/page\/wp-json\/wp\/v2\/tags?post=13429"}],"curies":[{"name":"wp","href":"https:\/\/api.w.org\/{rel}","templated":true}]}}