{"id":15180,"date":"2024-11-12T16:07:52","date_gmt":"2024-11-12T15:07:52","guid":{"rendered":"https:\/\/www.time2plug.com\/page\/?p=15180"},"modified":"2024-11-12T16:07:53","modified_gmt":"2024-11-12T15:07:53","slug":"un-nouveau-record-en-france-146-771-bornes-de-recharge-accessibles-au-public","status":"publish","type":"post","link":"https:\/\/www.time2plug.com\/page\/un-nouveau-record-en-france-146-771-bornes-de-recharge-accessibles-au-public\/","title":{"rendered":"Un nouveau record en France : 146 771 bornes de recharge accessibles au public !"},"content":{"rendered":"\t\t<div data-elementor-type=\"wp-post\" data-elementor-id=\"15180\" class=\"elementor elementor-15180\" data-elementor-post-type=\"post\">\n\t\t\t\t\t\t<section class=\"elementor-section elementor-top-section elementor-element elementor-element-6fd04b4 elementor-section-boxed elementor-section-height-default elementor-section-height-default\" data-id=\"6fd04b4\" data-element_type=\"section\" data-e-type=\"section\">\n\t\t\t\t\t\t<div class=\"elementor-container elementor-column-gap-default\">\n\t\t\t\t\t<div class=\"elementor-column elementor-col-100 elementor-top-column elementor-element elementor-element-45e7aad\" data-id=\"45e7aad\" data-element_type=\"column\" data-e-type=\"column\">\n\t\t\t<div class=\"elementor-widget-wrap elementor-element-populated\">\n\t\t\t\t\t\t<div class=\"elementor-element elementor-element-0632aa5 elementor-widget elementor-widget-text-editor\" data-id=\"0632aa5\" data-element_type=\"widget\" data-e-type=\"widget\" data-widget_type=\"text-editor.default\">\n\t\t\t\t<div class=\"elementor-widget-container\">\n\t\t\t\t\t\t\t\t\t<p>Au 31 ao\u00fbt 2024, la France atteignait un nouveau cap historique avec <span class=\"notion-enable-hover\" data-token-index=\"1\">146 771 points de recharge<\/span> accessibles au public, soit une augmentation de <span class=\"notion-enable-hover\" data-token-index=\"3\">+36 % en un an<\/span>. Ces chiffres, issus du barom\u00e8tre r\u00e9alis\u00e9 par <span class=\"notion-enable-hover\" data-token-index=\"5\">l&rsquo;Avere-France<\/span> en collaboration avec le <span class=\"notion-enable-hover\" data-token-index=\"7\">Minist\u00e8re de la Transition \u00e9cologique et de la coh\u00e9sion des territoires. <\/span>Un nouveau record en France : 146 771 bornes de recharge accessibles au public. Ensuite Un nouveau record en France : 146 771 bornes de recharge accessibles au public. Enfin Un nouveau record en France : 146 771 bornes de recharge accessibles au public.\u00a0 <em>D\u2019abord; <\/em><em>d\u2019une part ; <\/em><em>en premier lieu ; <\/em><em>pour commencer ; <\/em><em>pour d\u00e9buter ; <\/em><em>premi\u00e8rement ; <\/em><em>en premier lieu ; <\/em><em>en tout premier lieu; <\/em><em>tout d\u2019abord<\/em><\/p>\t\t\t\t\t\t\t\t<\/div>\n\t\t\t\t<\/div>\n\t\t\t\t<div class=\"elementor-element elementor-element-0a0e849 elementor-widget elementor-widget-text-editor\" data-id=\"0a0e849\" data-element_type=\"widget\" data-e-type=\"widget\" data-widget_type=\"text-editor.default\">\n\t\t\t\t<div class=\"elementor-widget-container\">\n\t\t\t\t\t\t\t\t\t<p>Au 31 ao\u00fbt 2024, la France atteignait un nouveau cap historique avec <a href=\"https:\/\/www.avere-france.org\/publication\/barometre-146-771-points-de-recharge-ouverts-au-public-fin-aout-2024\/\"><span style=\"text-decoration: underline;\"><strong><span class=\"notion-enable-hover\" data-token-index=\"1\">146 771 points de recharge<\/span> accessibles au public<\/strong><\/span><\/a>, soit une augmentation de <span class=\"notion-enable-hover\" data-token-index=\"3\">+36 % en un an<\/span>. Ces chiffres, issus du barom\u00e8tre r\u00e9alis\u00e9 par <span class=\"notion-enable-hover\" data-token-index=\"5\">l&rsquo;<a href=\"https:\/\/www.avere-france.org\/\"><span style=\"text-decoration: underline;\"><strong>Avere-France<\/strong><\/span><\/a><\/span> en collaboration avec le <span class=\"notion-enable-hover\" data-token-index=\"7\"><a href=\"https:\/\/www.ecologie.gouv.fr\/\"><span style=\"text-decoration: underline;\"><strong>Minist\u00e8re de la Transition \u00e9cologique<\/strong><\/span><\/a> et de la <a href=\"https:\/\/agence-cohesion-territoires.gouv.fr\/\"><span style=\"text-decoration: underline;\"><strong>coh\u00e9sion des territoires<\/strong><\/span><\/a><\/span>, t\u00e9moignent du dynamisme du r\u00e9seau de recharge sur le territoire fran\u00e7ais, avec des infrastructures qui continuent de se multiplier pour accompagner l&rsquo;essor du march\u00e9 des v\u00e9hicules \u00e9lectriques.<!-- notionvc: 3fff65e9-c1bf-4276-99c3-70e5db5a69f6 --><\/p>\t\t\t\t\t\t\t\t<\/div>\n\t\t\t\t<\/div>\n\t\t\t\t\t<\/div>\n\t\t<\/div>\n\t\t\t\t\t<\/div>\n\t\t<\/section>\n\t\t\t\t<section class=\"elementor-section elementor-top-section elementor-element elementor-element-2620e2d elementor-section-boxed elementor-section-height-default elementor-section-height-default\" data-id=\"2620e2d\" data-element_type=\"section\" data-e-type=\"section\">\n\t\t\t\t\t\t<div class=\"elementor-container elementor-column-gap-default\">\n\t\t\t\t\t<div class=\"elementor-column elementor-col-100 elementor-top-column elementor-element elementor-element-6536bea\" data-id=\"6536bea\" data-element_type=\"column\" data-e-type=\"column\">\n\t\t\t<div class=\"elementor-widget-wrap elementor-element-populated\">\n\t\t\t\t\t\t<div class=\"elementor-element elementor-element-e965144 elementor-widget elementor-widget-text-editor\" data-id=\"e965144\" data-element_type=\"widget\" data-e-type=\"widget\" data-widget_type=\"text-editor.default\">\n\t\t\t\t<div class=\"elementor-widget-container\">\n\t\t\t\t\t\t\t\t\t<a style=\"color: #2e89a8;\" href=\"https:\/\/www.linkedin.com\/company\/time2plug\/mycompany\/?viewAsMember=true\"><b>Retrouvez-nous sur <span style=\"text-decoration: underline;\">Linkedin !<\/span><\/b>\n<\/a>\t\t\t\t\t\t\t\t<\/div>\n\t\t\t\t<\/div>\n\t\t\t\t<div class=\"elementor-element elementor-element-d52e77a elementor-widget elementor-widget-image\" data-id=\"d52e77a\" data-element_type=\"widget\" data-e-type=\"widget\" data-widget_type=\"image.default\">\n\t\t\t\t<div class=\"elementor-widget-container\">\n\t\t\t\t\t\t\t\t\t\t\t\t<figure class=\"wp-caption\">\n\t\t\t\t\t\t\t\t\t\t<img fetchpriority=\"high\" decoding=\"async\" width=\"1024\" height=\"576\" src=\"https:\/\/www.time2plug.com\/page\/wp-content\/uploads\/2024\/11\/electric-mobility-4158593_1920-1024x576.jpg\" class=\"attachment-large size-large wp-image-15182\" alt=\"Marquage au sol du cycle bonne de recharge\" srcset=\"https:\/\/www.time2plug.com\/page\/wp-content\/uploads\/2024\/11\/electric-mobility-4158593_1920-1024x576.jpg 1024w, https:\/\/www.time2plug.com\/page\/wp-content\/uploads\/2024\/11\/electric-mobility-4158593_1920-300x169.jpg 300w, https:\/\/www.time2plug.com\/page\/wp-content\/uploads\/2024\/11\/electric-mobility-4158593_1920-768x432.jpg 768w, https:\/\/www.time2plug.com\/page\/wp-content\/uploads\/2024\/11\/electric-mobility-4158593_1920-1536x864.jpg 1536w, https:\/\/www.time2plug.com\/page\/wp-content\/uploads\/2024\/11\/electric-mobility-4158593_1920-800x450.jpg 800w, https:\/\/www.time2plug.com\/page\/wp-content\/uploads\/2024\/11\/electric-mobility-4158593_1920.jpg 1920w\" sizes=\"(max-width: 1024px) 100vw, 1024px\" \/>\t\t\t\t\t\t\t\t\t\t\t<figcaption class=\"widget-image-caption wp-caption-text\">Un nouveau record en France : 146 771 bornes de recharge accessibles au public<\/figcaption>\n\t\t\t\t\t\t\t\t\t\t<\/figure>\n\t\t\t\t\t\t\t\t\t<\/div>\n\t\t\t\t<\/div>\n\t\t\t\t\t<\/div>\n\t\t<\/div>\n\t\t\t\t\t<\/div>\n\t\t<\/section>\n\t\t\t\t<section class=\"elementor-section elementor-top-section elementor-element elementor-element-1e6e9e1 elementor-section-boxed elementor-section-height-default elementor-section-height-default\" data-id=\"1e6e9e1\" data-element_type=\"section\" data-e-type=\"section\">\n\t\t\t\t\t\t<div class=\"elementor-container elementor-column-gap-default\">\n\t\t\t\t\t<div class=\"elementor-column elementor-col-100 elementor-top-column elementor-element elementor-element-0d7d202\" data-id=\"0d7d202\" data-element_type=\"column\" data-e-type=\"column\">\n\t\t\t<div class=\"elementor-widget-wrap elementor-element-populated\">\n\t\t\t\t\t\t<div class=\"elementor-element elementor-element-e6a3e79 elementor-widget elementor-widget-heading\" data-id=\"e6a3e79\" data-element_type=\"widget\" data-e-type=\"widget\" data-widget_type=\"heading.default\">\n\t\t\t\t<div class=\"elementor-widget-container\">\n\t\t\t\t\t<h2 class=\"elementor-heading-title elementor-size-default\">\ud83c\udf31 Un \u00e9t\u00e9 2024 sous le signe de l\u2019expansion<\/h2>\t\t\t\t<\/div>\n\t\t\t\t<\/div>\n\t\t\t\t<div class=\"elementor-element elementor-element-ea31b61 elementor-widget elementor-widget-text-editor\" data-id=\"ea31b61\" data-element_type=\"widget\" data-e-type=\"widget\" data-widget_type=\"text-editor.default\">\n\t\t\t\t<div class=\"elementor-widget-container\">\n\t\t\t\t\t\t\t\t\t<p>Apr\u00e8s un mois de juillet exceptionnel, marqu\u00e9 par l&rsquo;ajout de plus de <strong>10 000 nouvelles bornes<\/strong>, le mois d\u2019ao\u00fbt a poursuivi cette tendance avec <strong>3 093 installations suppl\u00e9mentaires<\/strong>. M\u00eame si ce rythme est l\u00e9g\u00e8rement inf\u00e9rieur \u00e0 celui de juillet, il reste remarquable, consolidant ainsi le <a href=\"https:\/\/www.maryautomobiles.fr\/etat-des-lieux-bornes-recharge-france-2024\"><span style=\"text-decoration: underline;\"><strong>parc national de bornes<\/strong> <\/span><\/a>\u00e0 un total de <strong>146 771 infrastructures<\/strong>. Cette croissance est d&rsquo;autant plus notable qu&rsquo;elle permet \u00e0 la France de d\u00e9passer d\u00e9j\u00e0, en seulement huit mois, le record de d\u00e9ploiement d\u2019infrastructures de recharge \u00e9tabli en 2022.<\/p><p>Ce d\u00e9veloppement rapide du r\u00e9seau s\u2019inscrit dans la <a href=\"https:\/\/www.info.gouv.fr\/politiques-prioritaires\/planifier-et-accelerer-la-transition-ecologique\"><span style=\"text-decoration: underline;\"><strong>strat\u00e9gie nationale pour acc\u00e9l\u00e9rer la transition \u00e9nerg\u00e9tique<\/strong> <\/span><\/a>et promouvoir une mobilit\u00e9 plus durable. Avec l\u2019ambition europ\u00e9enne de passer \u00e0 la neutralit\u00e9 carbone d\u2019ici 2050, et l\u2019<a href=\"https:\/\/guichetcartegrise.com\/blog\/interdiction-des-voitures-thermiques-en-2035-un-objectif-qui-sessouffle#:~:text=Des%20constructeurs%2C%20notamment%20ceux%20des,v%C3%A9hicules%20roulant%20aux%20%C3%A9nergies%20fossiles.\"><span style=\"text-decoration: underline;\"><strong>interdiction prochaine de la vente de v\u00e9hicules thermiques en 2035,<\/strong><\/span><\/a> les points de recharge publics deviennent des infrastructures essentielles \u00e0 la viabilit\u00e9 de la mobilit\u00e9 \u00e9lectrique pour tous.<\/p><p><!-- notionvc: 97241e1f-2c66-4144-9dde-f8b4a4a70a15 --><\/p>\t\t\t\t\t\t\t\t<\/div>\n\t\t\t\t<\/div>\n\t\t\t\t<div class=\"elementor-element elementor-element-7ff6f7e elementor-widget elementor-widget-heading\" data-id=\"7ff6f7e\" data-element_type=\"widget\" data-e-type=\"widget\" data-widget_type=\"heading.default\">\n\t\t\t\t<div class=\"elementor-widget-container\">\n\t\t\t\t\t<h2 class=\"elementor-heading-title elementor-size-default\">\u26a1 Disponibilit\u00e9 en forte am\u00e9lioration<\/h2>\t\t\t\t<\/div>\n\t\t\t\t<\/div>\n\t\t\t\t<div class=\"elementor-element elementor-element-ce1c519 elementor-widget elementor-widget-text-editor\" data-id=\"ce1c519\" data-element_type=\"widget\" data-e-type=\"widget\" data-widget_type=\"text-editor.default\">\n\t\t\t\t<div class=\"elementor-widget-container\">\n\t\t\t\t\t\t\t\t\t<p>L\u2019un des d\u00e9fis majeurs pour le secteur de l\u2019\u00e9lectromobilit\u00e9 est non seulement l\u2019installation de nouvelles bornes, mais aussi leur <strong>disponibilit\u00e9 et fiabilit\u00e9<\/strong>. Sur ce point, les efforts semblent porter leurs fruits : en ao\u00fbt, le <strong>taux de disponibilit\u00e9 g\u00e9n\u00e9ral<\/strong> des bornes s\u2019est \u00e9lev\u00e9 \u00e0 <strong>80 %<\/strong>, en l\u00e9g\u00e8re hausse par rapport aux mois pr\u00e9c\u00e9dents (+1 point). Cette tendance \u00e0 l\u2019am\u00e9lioration est encore plus marqu\u00e9e pour les <a href=\"https:\/\/chargeplus.totalenergies.com\/fr\/votre-nouvelle-carte-de-recharge-chargeplus\/?at_medium=display&amp;at_campaign=Chargeplus&amp;at_variant=generique&amp;at_format=SEA&amp;at_channel=Google&amp;gad_source=1&amp;gclid=Cj0KCQiAlsy5BhDeARIsABRc6ZvKuVMXMjbWLrCEjMJd1isqYuYflcsCKuppseIJMdzqn9VG14Bb0_IaAvtKEALw_wcB\"><strong><span style=\"text-decoration: underline;\">bornes de recharge<\/span> rapide <\/strong><\/a>(puissance sup\u00e9rieure \u00e0 50 kW) et<a href=\"https:\/\/evbox.com\/fr-fr\/lp\/recharge-rapide?utm_medium=ppc&amp;utm_campaign=Search+-+FR+-+Non-Brand&amp;utm_term=borne%20camion%20%C3%A9lectrique&amp;utm_source=adwords&amp;hsa_ad=704171656966&amp;hsa_kw=borne%20camion%20%C3%A9lectrique&amp;hsa_net=adwords&amp;hsa_tgt=kwd-2322392866052&amp;hsa_grp=159220607730&amp;hsa_src=g&amp;hsa_ver=3&amp;hsa_cam=11423062743&amp;hsa_mt=b&amp;hsa_acc=3506612698&amp;gad_source=1&amp;gclid=Cj0KCQiAlsy5BhDeARIsABRc6ZtmaKgbTfQzJNmOn4BeA5tKUTbM7Q21uj4nl3rxcT98VhMto-KYOZ8aAkJ3EALw_wcB\"><span style=\"text-decoration: underline;\"><strong> ultra-rapide <\/strong><\/span><\/a>(plus de 150 kW), avec des taux de disponibilit\u00e9 atteignant respectivement <strong>87 % (+11 pts)<\/strong> et <strong>85 % (+10 pts)<\/strong>.<\/p><p>Non seulement le nombre de bornes augmente, mais que la fiabilit\u00e9 et la disponibilit\u00e9 du r\u00e9seau s\u2019am\u00e9liorent \u00e9galement, r\u00e9duisant ainsi les risques de pannes ou d\u2019indisponibilit\u00e9 pour les utilisateurs. Cela constitue un point critique pour encourager l\u2019adoption massive des v\u00e9hicules \u00e9lectriques, en particulier pour les longs trajets et les arr\u00eats rapides en itin\u00e9rance.<\/p><p><!-- notionvc: 624071ad-5dcc-4e24-9f54-d35a0a94cfa5 --><\/p>\t\t\t\t\t\t\t\t<\/div>\n\t\t\t\t<\/div>\n\t\t\t\t<div class=\"elementor-element elementor-element-cec89cd elementor-widget elementor-widget-text-editor\" data-id=\"cec89cd\" data-element_type=\"widget\" data-e-type=\"widget\" data-widget_type=\"text-editor.default\">\n\t\t\t\t<div class=\"elementor-widget-container\">\n\t\t\t\t\t\t\t\t\t<strong>\u00c0 <\/strong><b>lire aussi : <span style=\"text-decoration: underline;\"><a style=\"color: #2e89a8; text-decoration: underline;\" href=\"https:\/\/www.time2plug.com\/page\/5-exigences-legales-pour-les-equipements-des-places-pmr-dans-les-entreprises\/\">5 \u00e9xigences l\u00e9gales pour les \u00e9quipements des places PMR dans les entreprises.<\/a><\/span><\/b>\t\t\t\t\t\t\t\t<\/div>\n\t\t\t\t<\/div>\n\t\t\t\t<div class=\"elementor-element elementor-element-02fe0a3 elementor-widget elementor-widget-heading\" data-id=\"02fe0a3\" data-element_type=\"widget\" data-e-type=\"widget\" data-widget_type=\"heading.default\">\n\t\t\t\t<div class=\"elementor-widget-container\">\n\t\t\t\t\t<h2 class=\"elementor-heading-title elementor-size-default\">\ud83d\ude80 Un r\u00e9seau qui r\u00e9pond aux besoins croissants des \u00e9lectromobilistes<\/h2>\t\t\t\t<\/div>\n\t\t\t\t<\/div>\n\t\t\t\t<div class=\"elementor-element elementor-element-4efd9e6 elementor-widget elementor-widget-text-editor\" data-id=\"4efd9e6\" data-element_type=\"widget\" data-e-type=\"widget\" data-widget_type=\"text-editor.default\">\n\t\t\t\t<div class=\"elementor-widget-container\">\n\t\t\t\t\t\t\t\t\t<p>Avec cette croissance impressionnante du r\u00e9seau, les <strong>\u00e9lectromobilistes<\/strong> ont pu voyager sereinement cet \u00e9t\u00e9, un point cl\u00e9 soulign\u00e9 par <strong>Cl\u00e9ment Molizon<\/strong>, d\u00e9l\u00e9gu\u00e9 g\u00e9n\u00e9ral de l\u2019Avere-France. Selon lui, \u00ab\u00a0les infrastructures \u00e9taient pr\u00e9sentes en nombre suffisant et ont connu des taux de fr\u00e9quentation record\u00a0\u00bb. Le <strong>taux de fr\u00e9quentation des bornes<\/strong> a en effet atteint des niveaux sans pr\u00e9c\u00e9dent, en partie gr\u00e2ce aux vacances estivales et aux d\u00e9placements massifs des vacanciers. Ces bons r\u00e9sultats rassurent sur la capacit\u00e9 du r\u00e9seau \u00e0 soutenir une utilisation croissante dans les ann\u00e9es \u00e0 venir.<\/p><p>En effet, le succ\u00e8s des infrastructures de recharge rapide et ultra-rapide d\u00e9montre que la transition vers l\u2019\u00e9lectromobilit\u00e9 se d\u00e9roule sans heurts, et que les bornes sont capables de r\u00e9pondre \u00e0 des <strong>demandes en forte hausse<\/strong>, m\u00eame lors des p\u00e9riodes de pic de circulation.<\/p><p><!-- notionvc: 2cbab545-634e-474d-ab7c-5b763072a677 --><\/p><p><!-- notionvc: b67ae529-c9b7-4da8-8cb5-0d12f1295150 --><\/p>\t\t\t\t\t\t\t\t<\/div>\n\t\t\t\t<\/div>\n\t\t\t\t<div class=\"elementor-element elementor-element-fff55e3 elementor-widget elementor-widget-heading\" data-id=\"fff55e3\" data-element_type=\"widget\" data-e-type=\"widget\" data-widget_type=\"heading.default\">\n\t\t\t\t<div class=\"elementor-widget-container\">\n\t\t\t\t\t<h2 class=\"elementor-heading-title elementor-size-default\">\ud83d\udcca Un regard sur les d\u00e9fis \u00e0 venir<\/h2>\t\t\t\t<\/div>\n\t\t\t\t<\/div>\n\t\t\t\t<div class=\"elementor-element elementor-element-a97345d elementor-widget elementor-widget-text-editor\" data-id=\"a97345d\" data-element_type=\"widget\" data-e-type=\"widget\" data-widget_type=\"text-editor.default\">\n\t\t\t\t<div class=\"elementor-widget-container\">\n\t\t\t\t\t\t\t\t\t<p>Si ces chiffres t\u00e9moignent de r\u00e9els progr\u00e8s, des d\u00e9fis subsistent. Pour atteindre les objectifs fix\u00e9s par la <a href=\"https:\/\/commission.europa.eu\/index_fr\"><span style=\"text-decoration: underline;\"><strong>Commission europ\u00e9enne<\/strong><\/span><\/a>, la France devra intensifier ses efforts en mati\u00e8re de d\u00e9ploiement d\u2019infrastructures de recharge. Notamment dans certaines zones rurales et p\u00e9riurbaines encore mal desservies. De plus, la question de la standardisation des bornes, ainsi que la <a href=\"https:\/\/leblogmobilitybusiness.totalenergies.com\/marche-tendances\/recharge-des-vehicules-electriques-enfin-le-paiement-par-carte-bancaire\/\"><span style=\"text-decoration: underline;\"><strong>simplification des modes de paiement pour les usagers<\/strong><\/span><\/a>, reste un enjeu pour harmoniser l\u2019acc\u00e8s \u00e0 la recharge sur tout le territoire.<\/p><p>\u00c0 cela s\u2019ajoute le d\u00e9fi de l\u2019<a href=\"https:\/\/fr.wikipedia.org\/wiki\/Interop%C3%A9rabilit%C3%A9\"><span style=\"text-decoration: underline;\"><strong>interop\u00e9rabilit\u00e9<\/strong><\/span><\/a>. Bien que des initiatives comme <a href=\"https:\/\/www.gireve.com\/fr\/accueil\/\"><span style=\"text-decoration: underline;\"><strong>GIREVE<\/strong><\/span><\/a> facilitent la connexion entre diff\u00e9rents r\u00e9seaux de recharge. Les \u00e9lectromobilistes peuvent encore rencontrer des difficult\u00e9s pour utiliser certaines bornes en dehors de leur op\u00e9rateur principal. La mise en place d\u2019un r\u00e9seau v\u00e9ritablement fluide, o\u00f9 chaque conducteur de v\u00e9hicule \u00e9lectrique pourrait acc\u00e9der facilement \u00e0 n&rsquo;importe quelle borne, reste donc un objectif \u00e0 atteindre.<\/p><p><!-- notionvc: c77735bb-c9e4-4682-a643-b22da10729ac --><\/p>\t\t\t\t\t\t\t\t<\/div>\n\t\t\t\t<\/div>\n\t\t\t\t<div class=\"elementor-element elementor-element-fbfa58a elementor-widget elementor-widget-text-editor\" data-id=\"fbfa58a\" data-element_type=\"widget\" data-e-type=\"widget\" data-widget_type=\"text-editor.default\">\n\t\t\t\t<div class=\"elementor-widget-container\">\n\t\t\t\t\t\t\t\t\t<strong>\u00c0 <\/strong><b>lire aussi : <span style=\"text-decoration: underline;\"><a style=\"color: #2e89a8; text-decoration: underline;\" href=\"https:\/\/www.time2plug.com\/page\/superviser-les-bornes-de-recharge-pour-un-impact-environnemental-durable\/\">Superviser les bornes de recharge pour un impact environnementale durable ! <\/a><\/span><\/b>\t\t\t\t\t\t\t\t<\/div>\n\t\t\t\t<\/div>\n\t\t\t\t<div class=\"elementor-element elementor-element-2639dca elementor-widget elementor-widget-heading\" data-id=\"2639dca\" data-element_type=\"widget\" data-e-type=\"widget\" data-widget_type=\"heading.default\">\n\t\t\t\t<div class=\"elementor-widget-container\">\n\t\t\t\t\t<h2 class=\"elementor-heading-title elementor-size-default\">\ud83d\udd2e Perspectives pour 2025 et au-del\u00e0<\/h2>\t\t\t\t<\/div>\n\t\t\t\t<\/div>\n\t\t\t\t<div class=\"elementor-element elementor-element-7a340d6 elementor-widget elementor-widget-text-editor\" data-id=\"7a340d6\" data-element_type=\"widget\" data-e-type=\"widget\" data-widget_type=\"text-editor.default\">\n\t\t\t\t<div class=\"elementor-widget-container\">\n\t\t\t\t\t\t\t\t\t<p>Avec une telle acc\u00e9l\u00e9ration du d\u00e9ploiement des infrastructures, il est l\u00e9gitime d\u2019envisager que la France puisse atteindre et m\u00eame d\u00e9passer les <strong>200 000 points de recharge publics<\/strong> d\u2019ici fin 2025. Toutefois, la vitesse \u00e0 laquelle ces infrastructures seront implant\u00e9es d\u00e9pendra des politiques publiques. Mais aussi des investissements priv\u00e9s et des innovations technologiques \u00e0 venir.<\/p><p>Pour l\u2019instant, les signaux sont positifs : l\u2019adoption des v\u00e9hicules \u00e9lectriques continue d\u2019augmenter, et le gouvernement fran\u00e7ais, ainsi que les acteurs priv\u00e9s, montrent un r\u00e9el engagement \u00e0 renforcer le maillage du territoire en points de recharge. Le d\u00e9veloppement d\u2019un r\u00e9seau accessible, fiable et \u00e0 forte capacit\u00e9 sera essentiel pour rassurer les futurs conducteurs et garantir une transition \u00e9nerg\u00e9tique r\u00e9ussie.<\/p><p><!-- notionvc: c92705bc-3547-4019-af94-9af1f0d8e24a --><\/p>\t\t\t\t\t\t\t\t<\/div>\n\t\t\t\t<\/div>\n\t\t\t\t<div class=\"elementor-element elementor-element-1409f42 elementor-widget elementor-widget-text-editor\" data-id=\"1409f42\" data-element_type=\"widget\" data-e-type=\"widget\" data-widget_type=\"text-editor.default\">\n\t\t\t\t<div class=\"elementor-widget-container\">\n\t\t\t\t\t\t\t\t\t<strong>\u00c0 <\/strong><b>lire aussi : <span style=\"text-decoration: underline;\"><a style=\"color: #2e89a8; text-decoration: underline;\" href=\"https:\/\/www.time2plug.com\/page\/la-supervision-chez-time2plug\/\">Le supervision chez Time2plug<\/a><\/span><\/b>\t\t\t\t\t\t\t\t<\/div>\n\t\t\t\t<\/div>\n\t\t\t\t\t<\/div>\n\t\t<\/div>\n\t\t\t\t\t<\/div>\n\t\t<\/section>\n\t\t\t\t<section class=\"elementor-section elementor-top-section elementor-element elementor-element-04f2c6f elementor-section-boxed elementor-section-height-default elementor-section-height-default\" data-id=\"04f2c6f\" data-element_type=\"section\" data-e-type=\"section\">\n\t\t\t\t\t\t<div class=\"elementor-container elementor-column-gap-default\">\n\t\t\t\t\t<div class=\"elementor-column elementor-col-100 elementor-top-column elementor-element elementor-element-1f3ca37\" data-id=\"1f3ca37\" data-element_type=\"column\" data-e-type=\"column\">\n\t\t\t<div class=\"elementor-widget-wrap elementor-element-populated\">\n\t\t\t\t\t\t<div class=\"elementor-element elementor-element-5c25fd5 elementor-widget__width-initial elementor-widget elementor-widget-text-editor\" data-id=\"5c25fd5\" data-element_type=\"widget\" data-e-type=\"widget\" data-widget_type=\"text-editor.default\">\n\t\t\t\t<div class=\"elementor-widget-container\">\n\t\t\t\t\t\t\t\t\t<p>Les <strong>146 771 points de recharge<\/strong> disponibles au public en France t\u00e9moignent d\u2019un r\u00e9seau en constante expansion, capable de soutenir une mobilit\u00e9 \u00e9lectrique en pleine croissance. Si des d\u00e9fis subsistent, notamment en mati\u00e8re de couverture et de disponibilit\u00e9, les avanc\u00e9es de 2024 montrent que la transition \u00e9nerg\u00e9tique et l\u2019adoption des v\u00e9hicules \u00e9lectriques se d\u00e9roulent \u00e0 un rythme encourageant.<\/p><p>Avec un nombre record de bornes install\u00e9es, une fiabilit\u00e9 accrue et une fr\u00e9quentation en hausse, tout porte \u00e0 croire que la France est en bonne voie pour devenir un leader europ\u00e9en de la mobilit\u00e9 durable. L\u2019ann\u00e9e 2024 marque une \u00e9tape cl\u00e9, mais l&rsquo;avenir r\u00e9serve encore de nombreuses opportunit\u00e9s pour am\u00e9liorer et densifier le r\u00e9seau de recharge national.<\/p><p><!-- notionvc: a0c01f31-59f9-42b2-a507-3272e96f171c --><\/p>\t\t\t\t\t\t\t\t<\/div>\n\t\t\t\t<\/div>\n\t\t\t\t\t<\/div>\n\t\t<\/div>\n\t\t\t\t\t<\/div>\n\t\t<\/section>\n\t\t\t\t<section class=\"elementor-section elementor-top-section elementor-element elementor-element-79fdf06 elementor-section-full_width elementor-section-height-default elementor-section-height-default\" data-id=\"79fdf06\" data-element_type=\"section\" data-e-type=\"section\">\n\t\t\t\t\t\t<div class=\"elementor-container elementor-column-gap-default\">\n\t\t\t\t\t<div class=\"elementor-column elementor-col-100 elementor-top-column elementor-element elementor-element-a9c6955\" data-id=\"a9c6955\" data-element_type=\"column\" data-e-type=\"column\">\n\t\t\t<div class=\"elementor-widget-wrap elementor-element-populated\">\n\t\t\t\t\t\t<div class=\"elementor-element elementor-element-277a47e elementor-align-center elementor-widget elementor-widget-button\" data-id=\"277a47e\" data-element_type=\"widget\" data-e-type=\"widget\" data-widget_type=\"button.default\">\n\t\t\t\t<div class=\"elementor-widget-container\">\n\t\t\t\t\t\t\t\t\t<div class=\"elementor-button-wrapper\">\n\t\t\t\t\t<a class=\"elementor-button elementor-button-link elementor-size-sm\" href=\"https:\/\/www.time2plug.com\/page\/#vousetes\">\n\t\t\t\t\t\t<span class=\"elementor-button-content-wrapper\">\n\t\t\t\t\t\t\t\t\t<span class=\"elementor-button-text\">Demander une simulation<\/span>\n\t\t\t\t\t<\/span>\n\t\t\t\t\t<\/a>\n\t\t\t\t<\/div>\n\t\t\t\t\t\t\t\t<\/div>\n\t\t\t\t<\/div>\n\t\t\t\t\t<\/div>\n\t\t<\/div>\n\t\t\t\t\t<\/div>\n\t\t<\/section>\n\t\t\t\t<\/div>\n\t\t","protected":false},"excerpt":{"rendered":"<p>Au 31 ao\u00fbt 2024, la France atteignait un nouveau cap historique avec 146 771 points de recharge accessibles au public, soit une augmentation de +36 % en un an. Ces chiffres, issus du barom\u00e8tre r\u00e9alis\u00e9 par l&rsquo;Avere-France en collaboration avec le Minist\u00e8re de la Transition \u00e9cologique et de la coh\u00e9sion des territoires. Un nouveau record [&hellip;]<\/p>\n","protected":false},"author":15,"featured_media":15182,"comment_status":"open","ping_status":"open","sticky":false,"template":"","format":"standard","meta":{"_monsterinsights_skip_tracking":false,"_monsterinsights_sitenote_active":false,"_monsterinsights_sitenote_note":"","_monsterinsights_sitenote_category":0,"ocean_post_layout":"","ocean_both_sidebars_style":"","ocean_both_sidebars_content_width":0,"ocean_both_sidebars_sidebars_width":0,"ocean_sidebar":"","ocean_second_sidebar":"","ocean_disable_margins":"enable","ocean_add_body_class":"","ocean_shortcode_before_top_bar":"","ocean_shortcode_after_top_bar":"","ocean_shortcode_before_header":"","ocean_shortcode_after_header":"","ocean_has_shortcode":"","ocean_shortcode_after_title":"","ocean_shortcode_before_footer_widgets":"","ocean_shortcode_after_footer_widgets":"","ocean_shortcode_before_footer_bottom":"","ocean_shortcode_after_footer_bottom":"","ocean_display_top_bar":"default","ocean_display_header":"default","ocean_header_style":"","ocean_center_header_left_menu":"","ocean_custom_header_template":"","ocean_custom_logo":0,"ocean_custom_retina_logo":0,"ocean_custom_logo_max_width":0,"ocean_custom_logo_tablet_max_width":0,"ocean_custom_logo_mobile_max_width":0,"ocean_custom_logo_max_height":0,"ocean_custom_logo_tablet_max_height":0,"ocean_custom_logo_mobile_max_height":0,"ocean_header_custom_menu":"","ocean_menu_typo_font_family":"","ocean_menu_typo_font_subset":"","ocean_menu_typo_font_size":0,"ocean_menu_typo_font_size_tablet":0,"ocean_menu_typo_font_size_mobile":0,"ocean_menu_typo_font_size_unit":"px","ocean_menu_typo_font_weight":"","ocean_menu_typo_font_weight_tablet":"","ocean_menu_typo_font_weight_mobile":"","ocean_menu_typo_transform":"","ocean_menu_typo_transform_tablet":"","ocean_menu_typo_transform_mobile":"","ocean_menu_typo_line_height":0,"ocean_menu_typo_line_height_tablet":0,"ocean_menu_typo_line_height_mobile":0,"ocean_menu_typo_line_height_unit":"","ocean_menu_typo_spacing":0,"ocean_menu_typo_spacing_tablet":0,"ocean_menu_typo_spacing_mobile":0,"ocean_menu_typo_spacing_unit":"","ocean_menu_link_color":"","ocean_menu_link_color_hover":"","ocean_menu_link_color_active":"","ocean_menu_link_background":"","ocean_menu_link_hover_background":"","ocean_menu_link_active_background":"","ocean_menu_social_links_bg":"","ocean_menu_social_hover_links_bg":"","ocean_menu_social_links_color":"","ocean_menu_social_hover_links_color":"","ocean_disable_title":"default","ocean_disable_heading":"default","ocean_post_title":"","ocean_post_subheading":"","ocean_post_title_style":"","ocean_post_title_background_color":"","ocean_post_title_background":0,"ocean_post_title_bg_image_position":"","ocean_post_title_bg_image_attachment":"","ocean_post_title_bg_image_repeat":"","ocean_post_title_bg_image_size":"","ocean_post_title_height":0,"ocean_post_title_bg_overlay":0.5,"ocean_post_title_bg_overlay_color":"","ocean_disable_breadcrumbs":"default","ocean_breadcrumbs_color":"","ocean_breadcrumbs_separator_color":"","ocean_breadcrumbs_links_color":"","ocean_breadcrumbs_links_hover_color":"","ocean_display_footer_widgets":"default","ocean_display_footer_bottom":"default","ocean_custom_footer_template":"","osh_disable_topbar_sticky":"default","osh_disable_header_sticky":"default","osh_sticky_header_style":"default","osh_sticky_header_effect":"","osh_custom_sticky_logo":0,"osh_custom_retina_sticky_logo":0,"osh_custom_sticky_logo_height":0,"osh_background_color":"","osh_links_color":"","osh_links_hover_color":"","osh_links_active_color":"","osh_links_bg_color":"","osh_links_hover_bg_color":"","osh_links_active_bg_color":"","osh_menu_social_links_color":"","osh_menu_social_hover_links_color":"","ocean_post_oembed":"","ocean_post_self_hosted_media":"","ocean_post_video_embed":"","ocean_link_format":"","ocean_link_format_target":"self","ocean_quote_format":"","ocean_quote_format_link":"post","ocean_gallery_link_images":"on","ocean_gallery_id":[],"footnotes":""},"categories":[18,24],"tags":[],"class_list":["post-15180","post","type-post","status-publish","format-standard","has-post-thumbnail","hentry","category-actualite","category-installation-borne-de-recharge","entry","has-media"],"yoast_head":"<!-- This site is optimized with the Yoast SEO plugin v27.4 - https:\/\/yoast.com\/product\/yoast-seo-wordpress\/ -->\n<title>Un nouveau record en France : 146 771 bornes de recharge accessibles au public !<\/title>\n<meta name=\"description\" content=\"Un nouveau record en France : 146 771 bornes de recharge accessibles au public au 31 ao\u00fbt 2024, soit une augmentation de 36 % en un an.\" \/>\n<meta name=\"robots\" content=\"index, follow, max-snippet:-1, max-image-preview:large, max-video-preview:-1\" \/>\n<link rel=\"canonical\" href=\"https:\/\/www.time2plug.com\/page\/un-nouveau-record-en-france-146-771-bornes-de-recharge-accessibles-au-public\/\" \/>\n<meta property=\"og:locale\" content=\"fr_FR\" \/>\n<meta property=\"og:type\" content=\"article\" \/>\n<meta property=\"og:title\" content=\"Un nouveau record en France : 146 771 bornes de recharge accessibles au public !\" \/>\n<meta property=\"og:description\" content=\"Un nouveau record en France : 146 771 bornes de recharge accessibles au public au 31 ao\u00fbt 2024, soit une augmentation de 36 % en un an.\" \/>\n<meta property=\"og:url\" content=\"https:\/\/www.time2plug.com\/page\/un-nouveau-record-en-france-146-771-bornes-de-recharge-accessibles-au-public\/\" \/>\n<meta property=\"og:site_name\" content=\"Time2plug\" \/>\n<meta property=\"article:published_time\" content=\"2024-11-12T15:07:52+00:00\" \/>\n<meta property=\"article:modified_time\" content=\"2024-11-12T15:07:53+00:00\" \/>\n<meta property=\"og:image\" content=\"https:\/\/www.time2plug.com\/page\/wp-content\/uploads\/2024\/11\/electric-mobility-4158593_1920.jpg\" \/>\n\t<meta property=\"og:image:width\" content=\"1920\" \/>\n\t<meta property=\"og:image:height\" content=\"1080\" \/>\n\t<meta property=\"og:image:type\" content=\"image\/jpeg\" \/>\n<meta name=\"author\" content=\"Lou N\u00e9mard\" \/>\n<meta name=\"twitter:card\" content=\"summary_large_image\" \/>\n<meta name=\"twitter:label1\" content=\"\u00c9crit par\" \/>\n\t<meta name=\"twitter:data1\" content=\"Lou N\u00e9mard\" \/>\n\t<meta name=\"twitter:label2\" content=\"Dur\u00e9e de lecture estim\u00e9e\" \/>\n\t<meta name=\"twitter:data2\" content=\"6 minutes\" \/>\n<script type=\"application\/ld+json\" class=\"yoast-schema-graph\">{\"@context\":\"https:\\\/\\\/schema.org\",\"@graph\":[{\"@type\":\"Article\",\"@id\":\"https:\\\/\\\/www.time2plug.com\\\/page\\\/un-nouveau-record-en-france-146-771-bornes-de-recharge-accessibles-au-public\\\/#article\",\"isPartOf\":{\"@id\":\"https:\\\/\\\/www.time2plug.com\\\/page\\\/un-nouveau-record-en-france-146-771-bornes-de-recharge-accessibles-au-public\\\/\"},\"author\":{\"name\":\"Lou N\u00e9mard\",\"@id\":\"https:\\\/\\\/www.time2plug.com\\\/page\\\/#\\\/schema\\\/person\\\/539b6aabfd255f20a3b9456285b9c81a\"},\"headline\":\"Un nouveau record en France : 146 771 bornes de recharge accessibles au public !\",\"datePublished\":\"2024-11-12T15:07:52+00:00\",\"dateModified\":\"2024-11-12T15:07:53+00:00\",\"mainEntityOfPage\":{\"@id\":\"https:\\\/\\\/www.time2plug.com\\\/page\\\/un-nouveau-record-en-france-146-771-bornes-de-recharge-accessibles-au-public\\\/\"},\"wordCount\":1180,\"commentCount\":0,\"publisher\":{\"@id\":\"https:\\\/\\\/www.time2plug.com\\\/page\\\/#organization\"},\"image\":{\"@id\":\"https:\\\/\\\/www.time2plug.com\\\/page\\\/un-nouveau-record-en-france-146-771-bornes-de-recharge-accessibles-au-public\\\/#primaryimage\"},\"thumbnailUrl\":\"https:\\\/\\\/www.time2plug.com\\\/page\\\/wp-content\\\/uploads\\\/2024\\\/11\\\/electric-mobility-4158593_1920.jpg\",\"articleSection\":[\"Actualit\u00e9\",\"Installation Borne de recharge\"],\"inLanguage\":\"fr-FR\",\"potentialAction\":[{\"@type\":\"CommentAction\",\"name\":\"Comment\",\"target\":[\"https:\\\/\\\/www.time2plug.com\\\/page\\\/un-nouveau-record-en-france-146-771-bornes-de-recharge-accessibles-au-public\\\/#respond\"]}]},{\"@type\":\"WebPage\",\"@id\":\"https:\\\/\\\/www.time2plug.com\\\/page\\\/un-nouveau-record-en-france-146-771-bornes-de-recharge-accessibles-au-public\\\/\",\"url\":\"https:\\\/\\\/www.time2plug.com\\\/page\\\/un-nouveau-record-en-france-146-771-bornes-de-recharge-accessibles-au-public\\\/\",\"name\":\"Un nouveau record en France : 146 771 bornes de recharge accessibles au public !\",\"isPartOf\":{\"@id\":\"https:\\\/\\\/www.time2plug.com\\\/page\\\/#website\"},\"primaryImageOfPage\":{\"@id\":\"https:\\\/\\\/www.time2plug.com\\\/page\\\/un-nouveau-record-en-france-146-771-bornes-de-recharge-accessibles-au-public\\\/#primaryimage\"},\"image\":{\"@id\":\"https:\\\/\\\/www.time2plug.com\\\/page\\\/un-nouveau-record-en-france-146-771-bornes-de-recharge-accessibles-au-public\\\/#primaryimage\"},\"thumbnailUrl\":\"https:\\\/\\\/www.time2plug.com\\\/page\\\/wp-content\\\/uploads\\\/2024\\\/11\\\/electric-mobility-4158593_1920.jpg\",\"datePublished\":\"2024-11-12T15:07:52+00:00\",\"dateModified\":\"2024-11-12T15:07:53+00:00\",\"description\":\"Un nouveau record en France : 146 771 bornes de recharge accessibles au public au 31 ao\u00fbt 2024, soit une augmentation de 36 % en un an.\",\"breadcrumb\":{\"@id\":\"https:\\\/\\\/www.time2plug.com\\\/page\\\/un-nouveau-record-en-france-146-771-bornes-de-recharge-accessibles-au-public\\\/#breadcrumb\"},\"inLanguage\":\"fr-FR\",\"potentialAction\":[{\"@type\":\"ReadAction\",\"target\":[\"https:\\\/\\\/www.time2plug.com\\\/page\\\/un-nouveau-record-en-france-146-771-bornes-de-recharge-accessibles-au-public\\\/\"]}]},{\"@type\":\"ImageObject\",\"inLanguage\":\"fr-FR\",\"@id\":\"https:\\\/\\\/www.time2plug.com\\\/page\\\/un-nouveau-record-en-france-146-771-bornes-de-recharge-accessibles-au-public\\\/#primaryimage\",\"url\":\"https:\\\/\\\/www.time2plug.com\\\/page\\\/wp-content\\\/uploads\\\/2024\\\/11\\\/electric-mobility-4158593_1920.jpg\",\"contentUrl\":\"https:\\\/\\\/www.time2plug.com\\\/page\\\/wp-content\\\/uploads\\\/2024\\\/11\\\/electric-mobility-4158593_1920.jpg\",\"width\":1920,\"height\":1080,\"caption\":\"Un nouveau record en France : 146 771 bornes de recharge accessibles au public\"},{\"@type\":\"BreadcrumbList\",\"@id\":\"https:\\\/\\\/www.time2plug.com\\\/page\\\/un-nouveau-record-en-france-146-771-bornes-de-recharge-accessibles-au-public\\\/#breadcrumb\",\"itemListElement\":[{\"@type\":\"ListItem\",\"position\":1,\"name\":\"Accueil\",\"item\":\"https:\\\/\\\/www.time2plug.com\\\/page\\\/\"},{\"@type\":\"ListItem\",\"position\":2,\"name\":\"Un nouveau record en France : 146 771 bornes de recharge accessibles au public !\"}]},{\"@type\":\"WebSite\",\"@id\":\"https:\\\/\\\/www.time2plug.com\\\/page\\\/#website\",\"url\":\"https:\\\/\\\/www.time2plug.com\\\/page\\\/\",\"name\":\"Time2plug\",\"description\":\"Installation et gestion de bornes recharge pour voitures \u00e9lectriques\",\"publisher\":{\"@id\":\"https:\\\/\\\/www.time2plug.com\\\/page\\\/#organization\"},\"alternateName\":\"Bornes de recharge pour voitures \u00e9lectriques\",\"potentialAction\":[{\"@type\":\"SearchAction\",\"target\":{\"@type\":\"EntryPoint\",\"urlTemplate\":\"https:\\\/\\\/www.time2plug.com\\\/page\\\/?s={search_term_string}\"},\"query-input\":{\"@type\":\"PropertyValueSpecification\",\"valueRequired\":true,\"valueName\":\"search_term_string\"}}],\"inLanguage\":\"fr-FR\"},{\"@type\":\"Organization\",\"@id\":\"https:\\\/\\\/www.time2plug.com\\\/page\\\/#organization\",\"name\":\"Time2plug\",\"alternateName\":\"Bornes de recharge pour voitures \u00e9lectriques\",\"url\":\"https:\\\/\\\/www.time2plug.com\\\/page\\\/\",\"logo\":{\"@type\":\"ImageObject\",\"inLanguage\":\"fr-FR\",\"@id\":\"https:\\\/\\\/www.time2plug.com\\\/page\\\/#\\\/schema\\\/logo\\\/image\\\/\",\"url\":\"https:\\\/\\\/www.time2plug.com\\\/page\\\/wp-content\\\/uploads\\\/2025\\\/04\\\/T2P-Blanc_Background-Orange.png\",\"contentUrl\":\"https:\\\/\\\/www.time2plug.com\\\/page\\\/wp-content\\\/uploads\\\/2025\\\/04\\\/T2P-Blanc_Background-Orange.png\",\"width\":300,\"height\":300,\"caption\":\"Time2plug\"},\"image\":{\"@id\":\"https:\\\/\\\/www.time2plug.com\\\/page\\\/#\\\/schema\\\/logo\\\/image\\\/\"},\"sameAs\":[\"https:\\\/\\\/www.linkedin.com\\\/company\\\/time2plug\\\/\"]},{\"@type\":\"Person\",\"@id\":\"https:\\\/\\\/www.time2plug.com\\\/page\\\/#\\\/schema\\\/person\\\/539b6aabfd255f20a3b9456285b9c81a\",\"name\":\"Lou N\u00e9mard\",\"image\":{\"@type\":\"ImageObject\",\"inLanguage\":\"fr-FR\",\"@id\":\"https:\\\/\\\/secure.gravatar.com\\\/avatar\\\/916760b7331d513c0d331643a2db0b425c4f4d5e1ae0a0fd832b438a77018a43?s=96&d=mm&r=g\",\"url\":\"https:\\\/\\\/secure.gravatar.com\\\/avatar\\\/916760b7331d513c0d331643a2db0b425c4f4d5e1ae0a0fd832b438a77018a43?s=96&d=mm&r=g\",\"contentUrl\":\"https:\\\/\\\/secure.gravatar.com\\\/avatar\\\/916760b7331d513c0d331643a2db0b425c4f4d5e1ae0a0fd832b438a77018a43?s=96&d=mm&r=g\",\"caption\":\"Lou N\u00e9mard\"}}]}<\/script>\n<!-- \/ Yoast SEO plugin. -->","yoast_head_json":{"title":"Un nouveau record en France : 146 771 bornes de recharge accessibles au public !","description":"Un nouveau record en France : 146 771 bornes de recharge accessibles au public au 31 ao\u00fbt 2024, soit une augmentation de 36 % en un an.","robots":{"index":"index","follow":"follow","max-snippet":"max-snippet:-1","max-image-preview":"max-image-preview:large","max-video-preview":"max-video-preview:-1"},"canonical":"https:\/\/www.time2plug.com\/page\/un-nouveau-record-en-france-146-771-bornes-de-recharge-accessibles-au-public\/","og_locale":"fr_FR","og_type":"article","og_title":"Un nouveau record en France : 146 771 bornes de recharge accessibles au public !","og_description":"Un nouveau record en France : 146 771 bornes de recharge accessibles au public au 31 ao\u00fbt 2024, soit une augmentation de 36 % en un an.","og_url":"https:\/\/www.time2plug.com\/page\/un-nouveau-record-en-france-146-771-bornes-de-recharge-accessibles-au-public\/","og_site_name":"Time2plug","article_published_time":"2024-11-12T15:07:52+00:00","article_modified_time":"2024-11-12T15:07:53+00:00","og_image":[{"width":1920,"height":1080,"url":"https:\/\/www.time2plug.com\/page\/wp-content\/uploads\/2024\/11\/electric-mobility-4158593_1920.jpg","type":"image\/jpeg"}],"author":"Lou N\u00e9mard","twitter_card":"summary_large_image","twitter_misc":{"\u00c9crit par":"Lou N\u00e9mard","Dur\u00e9e de lecture estim\u00e9e":"6 minutes"},"schema":{"@context":"https:\/\/schema.org","@graph":[{"@type":"Article","@id":"https:\/\/www.time2plug.com\/page\/un-nouveau-record-en-france-146-771-bornes-de-recharge-accessibles-au-public\/#article","isPartOf":{"@id":"https:\/\/www.time2plug.com\/page\/un-nouveau-record-en-france-146-771-bornes-de-recharge-accessibles-au-public\/"},"author":{"name":"Lou N\u00e9mard","@id":"https:\/\/www.time2plug.com\/page\/#\/schema\/person\/539b6aabfd255f20a3b9456285b9c81a"},"headline":"Un nouveau record en France : 146 771 bornes de recharge accessibles au public !","datePublished":"2024-11-12T15:07:52+00:00","dateModified":"2024-11-12T15:07:53+00:00","mainEntityOfPage":{"@id":"https:\/\/www.time2plug.com\/page\/un-nouveau-record-en-france-146-771-bornes-de-recharge-accessibles-au-public\/"},"wordCount":1180,"commentCount":0,"publisher":{"@id":"https:\/\/www.time2plug.com\/page\/#organization"},"image":{"@id":"https:\/\/www.time2plug.com\/page\/un-nouveau-record-en-france-146-771-bornes-de-recharge-accessibles-au-public\/#primaryimage"},"thumbnailUrl":"https:\/\/www.time2plug.com\/page\/wp-content\/uploads\/2024\/11\/electric-mobility-4158593_1920.jpg","articleSection":["Actualit\u00e9","Installation Borne de recharge"],"inLanguage":"fr-FR","potentialAction":[{"@type":"CommentAction","name":"Comment","target":["https:\/\/www.time2plug.com\/page\/un-nouveau-record-en-france-146-771-bornes-de-recharge-accessibles-au-public\/#respond"]}]},{"@type":"WebPage","@id":"https:\/\/www.time2plug.com\/page\/un-nouveau-record-en-france-146-771-bornes-de-recharge-accessibles-au-public\/","url":"https:\/\/www.time2plug.com\/page\/un-nouveau-record-en-france-146-771-bornes-de-recharge-accessibles-au-public\/","name":"Un nouveau record en France : 146 771 bornes de recharge accessibles au public !","isPartOf":{"@id":"https:\/\/www.time2plug.com\/page\/#website"},"primaryImageOfPage":{"@id":"https:\/\/www.time2plug.com\/page\/un-nouveau-record-en-france-146-771-bornes-de-recharge-accessibles-au-public\/#primaryimage"},"image":{"@id":"https:\/\/www.time2plug.com\/page\/un-nouveau-record-en-france-146-771-bornes-de-recharge-accessibles-au-public\/#primaryimage"},"thumbnailUrl":"https:\/\/www.time2plug.com\/page\/wp-content\/uploads\/2024\/11\/electric-mobility-4158593_1920.jpg","datePublished":"2024-11-12T15:07:52+00:00","dateModified":"2024-11-12T15:07:53+00:00","description":"Un nouveau record en France : 146 771 bornes de recharge accessibles au public au 31 ao\u00fbt 2024, soit une augmentation de 36 % en un an.","breadcrumb":{"@id":"https:\/\/www.time2plug.com\/page\/un-nouveau-record-en-france-146-771-bornes-de-recharge-accessibles-au-public\/#breadcrumb"},"inLanguage":"fr-FR","potentialAction":[{"@type":"ReadAction","target":["https:\/\/www.time2plug.com\/page\/un-nouveau-record-en-france-146-771-bornes-de-recharge-accessibles-au-public\/"]}]},{"@type":"ImageObject","inLanguage":"fr-FR","@id":"https:\/\/www.time2plug.com\/page\/un-nouveau-record-en-france-146-771-bornes-de-recharge-accessibles-au-public\/#primaryimage","url":"https:\/\/www.time2plug.com\/page\/wp-content\/uploads\/2024\/11\/electric-mobility-4158593_1920.jpg","contentUrl":"https:\/\/www.time2plug.com\/page\/wp-content\/uploads\/2024\/11\/electric-mobility-4158593_1920.jpg","width":1920,"height":1080,"caption":"Un nouveau record en France : 146 771 bornes de recharge accessibles au public"},{"@type":"BreadcrumbList","@id":"https:\/\/www.time2plug.com\/page\/un-nouveau-record-en-france-146-771-bornes-de-recharge-accessibles-au-public\/#breadcrumb","itemListElement":[{"@type":"ListItem","position":1,"name":"Accueil","item":"https:\/\/www.time2plug.com\/page\/"},{"@type":"ListItem","position":2,"name":"Un nouveau record en France : 146 771 bornes de recharge accessibles au public !"}]},{"@type":"WebSite","@id":"https:\/\/www.time2plug.com\/page\/#website","url":"https:\/\/www.time2plug.com\/page\/","name":"Time2plug","description":"Installation et gestion de bornes recharge pour voitures \u00e9lectriques","publisher":{"@id":"https:\/\/www.time2plug.com\/page\/#organization"},"alternateName":"Bornes de recharge pour voitures \u00e9lectriques","potentialAction":[{"@type":"SearchAction","target":{"@type":"EntryPoint","urlTemplate":"https:\/\/www.time2plug.com\/page\/?s={search_term_string}"},"query-input":{"@type":"PropertyValueSpecification","valueRequired":true,"valueName":"search_term_string"}}],"inLanguage":"fr-FR"},{"@type":"Organization","@id":"https:\/\/www.time2plug.com\/page\/#organization","name":"Time2plug","alternateName":"Bornes de recharge pour voitures \u00e9lectriques","url":"https:\/\/www.time2plug.com\/page\/","logo":{"@type":"ImageObject","inLanguage":"fr-FR","@id":"https:\/\/www.time2plug.com\/page\/#\/schema\/logo\/image\/","url":"https:\/\/www.time2plug.com\/page\/wp-content\/uploads\/2025\/04\/T2P-Blanc_Background-Orange.png","contentUrl":"https:\/\/www.time2plug.com\/page\/wp-content\/uploads\/2025\/04\/T2P-Blanc_Background-Orange.png","width":300,"height":300,"caption":"Time2plug"},"image":{"@id":"https:\/\/www.time2plug.com\/page\/#\/schema\/logo\/image\/"},"sameAs":["https:\/\/www.linkedin.com\/company\/time2plug\/"]},{"@type":"Person","@id":"https:\/\/www.time2plug.com\/page\/#\/schema\/person\/539b6aabfd255f20a3b9456285b9c81a","name":"Lou N\u00e9mard","image":{"@type":"ImageObject","inLanguage":"fr-FR","@id":"https:\/\/secure.gravatar.com\/avatar\/916760b7331d513c0d331643a2db0b425c4f4d5e1ae0a0fd832b438a77018a43?s=96&d=mm&r=g","url":"https:\/\/secure.gravatar.com\/avatar\/916760b7331d513c0d331643a2db0b425c4f4d5e1ae0a0fd832b438a77018a43?s=96&d=mm&r=g","contentUrl":"https:\/\/secure.gravatar.com\/avatar\/916760b7331d513c0d331643a2db0b425c4f4d5e1ae0a0fd832b438a77018a43?s=96&d=mm&r=g","caption":"Lou N\u00e9mard"}}]}},"_links":{"self":[{"href":"https:\/\/www.time2plug.com\/page\/wp-json\/wp\/v2\/posts\/15180","targetHints":{"allow":["GET"]}}],"collection":[{"href":"https:\/\/www.time2plug.com\/page\/wp-json\/wp\/v2\/posts"}],"about":[{"href":"https:\/\/www.time2plug.com\/page\/wp-json\/wp\/v2\/types\/post"}],"author":[{"embeddable":true,"href":"https:\/\/www.time2plug.com\/page\/wp-json\/wp\/v2\/users\/15"}],"replies":[{"embeddable":true,"href":"https:\/\/www.time2plug.com\/page\/wp-json\/wp\/v2\/comments?post=15180"}],"version-history":[{"count":0,"href":"https:\/\/www.time2plug.com\/page\/wp-json\/wp\/v2\/posts\/15180\/revisions"}],"wp:featuredmedia":[{"embeddable":true,"href":"https:\/\/www.time2plug.com\/page\/wp-json\/wp\/v2\/media\/15182"}],"wp:attachment":[{"href":"https:\/\/www.time2plug.com\/page\/wp-json\/wp\/v2\/media?parent=15180"}],"wp:term":[{"taxonomy":"category","embeddable":true,"href":"https:\/\/www.time2plug.com\/page\/wp-json\/wp\/v2\/categories?post=15180"},{"taxonomy":"post_tag","embeddable":true,"href":"https:\/\/www.time2plug.com\/page\/wp-json\/wp\/v2\/tags?post=15180"}],"curies":[{"name":"wp","href":"https:\/\/api.w.org\/{rel}","templated":true}]}}