{"id":15895,"date":"2025-02-24T09:51:46","date_gmt":"2025-02-24T08:51:46","guid":{"rendered":"https:\/\/www.time2plug.com\/page\/?p=15895"},"modified":"2025-02-24T09:51:47","modified_gmt":"2025-02-24T08:51:47","slug":"supervision-energetique-comment-allier-renouvelables-et-recharge-electrique-avec-efficacite","status":"publish","type":"post","link":"https:\/\/www.time2plug.com\/page\/supervision-energetique-comment-allier-renouvelables-et-recharge-electrique-avec-efficacite\/","title":{"rendered":"Supervision \u00e9nerg\u00e9tique : comment allier renouvelables et recharge \u00e9lectrique avec efficacit\u00e9 ?"},"content":{"rendered":"\t\t<div data-elementor-type=\"wp-post\" data-elementor-id=\"15895\" class=\"elementor elementor-15895\" data-elementor-post-type=\"post\">\n\t\t\t\t\t\t<section class=\"elementor-section elementor-top-section elementor-element elementor-element-6fd04b4 elementor-section-boxed elementor-section-height-default elementor-section-height-default\" data-id=\"6fd04b4\" data-element_type=\"section\" data-e-type=\"section\">\n\t\t\t\t\t\t<div class=\"elementor-container elementor-column-gap-default\">\n\t\t\t\t\t<div class=\"elementor-column elementor-col-100 elementor-top-column elementor-element elementor-element-45e7aad\" data-id=\"45e7aad\" data-element_type=\"column\" data-e-type=\"column\">\n\t\t\t<div class=\"elementor-widget-wrap elementor-element-populated\">\n\t\t\t\t\t\t<div class=\"elementor-element elementor-element-0632aa5 elementor-widget elementor-widget-text-editor\" data-id=\"0632aa5\" data-element_type=\"widget\" data-e-type=\"widget\" data-widget_type=\"text-editor.default\">\n\t\t\t\t<div class=\"elementor-widget-container\">\n\t\t\t\t\t\t\t\t\t<p data-pm-slice=\"1 1 []\">De toute \u00e9vidence, l\u2019avancement vers un avenir plus durable rev\u00eat un besoin fondamental d\u2019opter pour l&rsquo;int\u00e9gration de sources d\u2019\u00e9nergies renouvelables, mais aussi des infrastructures de recharge pour les v\u00e9hicules \u00e9lectriques. <span class=\"notion-enable-hover\" data-token-index=\"0\">Supervision \u00e9nerg\u00e9tique : comment allier renouvelables et recharge \u00e9lectrique avec efficacit\u00e9 ? Ensuite Supervision \u00e9nerg\u00e9tique : comment allier renouvelables et recharge \u00e9lectrique avec efficacit\u00e9 ? Enfin Supervision \u00e9nerg\u00e9tique : comment allier renouvelables et recharge \u00e9lectrique avec efficacit\u00e9 ?<\/span><em>\u00a0D\u2019abord; <\/em><em>d\u2019une part ; <\/em><em>en premier lieu ; <\/em><em>pour commencer ; <\/em><em>pour d\u00e9buter ; <\/em><em>premi\u00e8rement ; <\/em><em>en premier lieu ; <\/em><em>en tout premier lieu; <\/em><em>tout d\u2019abord<\/em><\/p>\t\t\t\t\t\t\t\t<\/div>\n\t\t\t\t<\/div>\n\t\t\t\t<div class=\"elementor-element elementor-element-0a0e849 elementor-widget elementor-widget-text-editor\" data-id=\"0a0e849\" data-element_type=\"widget\" data-e-type=\"widget\" data-widget_type=\"text-editor.default\">\n\t\t\t\t<div class=\"elementor-widget-container\">\n\t\t\t\t\t\t\t\t\t<p>De toute \u00e9vidence, l\u2019avancement vers un avenir plus durable rev\u00eat un besoin fondamental d\u2019opter pour l&rsquo;int\u00e9gration de sources d\u2019\u00e9nergies renouvelables, mais aussi des infrastructures de recharge pour les v\u00e9hicules \u00e9lectriques. Par cons\u00e9quent, il existe des d\u00e9fis technologiques et des ajustements \u00e0 faire d\u2019un point de vue strat\u00e9gique. Ces d\u00e9fis sont li\u00e9s principalement \u00e0 la surveillance des r\u00e9seaux, \u00e0 la gestion de la demande en p\u00e9riode de pointe, et au r\u00f4le crucial des syst\u00e8mes de stockage. Et justement, nous explorons ces diff\u00e9rents aspects dans cet article afin de mieux comprendre l&rsquo;importance de cette conciliation.<\/p>\t\t\t\t\t\t\t\t<\/div>\n\t\t\t\t<\/div>\n\t\t\t\t\t<\/div>\n\t\t<\/div>\n\t\t\t\t\t<\/div>\n\t\t<\/section>\n\t\t\t\t<section class=\"elementor-section elementor-top-section elementor-element elementor-element-2620e2d elementor-section-boxed elementor-section-height-default elementor-section-height-default\" data-id=\"2620e2d\" data-element_type=\"section\" data-e-type=\"section\">\n\t\t\t\t\t\t<div class=\"elementor-container elementor-column-gap-default\">\n\t\t\t\t\t<div class=\"elementor-column elementor-col-100 elementor-top-column elementor-element elementor-element-6536bea\" data-id=\"6536bea\" data-element_type=\"column\" data-e-type=\"column\">\n\t\t\t<div class=\"elementor-widget-wrap elementor-element-populated\">\n\t\t\t\t\t\t<div class=\"elementor-element elementor-element-e965144 elementor-widget elementor-widget-text-editor\" data-id=\"e965144\" data-element_type=\"widget\" data-e-type=\"widget\" data-widget_type=\"text-editor.default\">\n\t\t\t\t<div class=\"elementor-widget-container\">\n\t\t\t\t\t\t\t\t\t<p><a style=\"color: #2e89a8;\" href=\"https:\/\/www.linkedin.com\/company\/time2plug\/mycompany\/?viewAsMember=true\"><b>Retrouvez-nous sur <span style=\"text-decoration: underline;\">Linkedin !<\/span><\/b><br \/><\/a><\/p>\t\t\t\t\t\t\t\t<\/div>\n\t\t\t\t<\/div>\n\t\t\t\t<div class=\"elementor-element elementor-element-d52e77a elementor-widget elementor-widget-image\" data-id=\"d52e77a\" data-element_type=\"widget\" data-e-type=\"widget\" data-widget_type=\"image.default\">\n\t\t\t\t<div class=\"elementor-widget-container\">\n\t\t\t\t\t\t\t\t\t\t\t\t<figure class=\"wp-caption\">\n\t\t\t\t\t\t\t\t\t\t<img fetchpriority=\"high\" decoding=\"async\" width=\"1024\" height=\"576\" src=\"https:\/\/www.time2plug.com\/page\/wp-content\/uploads\/2025\/02\/innovative-battery-technology-abstract-concept-illustration-1024x576.jpg\" class=\"attachment-large size-large wp-image-15898\" alt=\"illustration conceptuelle abstraite sur la technologie innovante des batteries, mettant en sc\u00e8ne une grande pile bleue, une ampoule symbolisant une id\u00e9e ou une innovation, des engrenages \u00e9voquant le progr\u00e8s technologique, et une personne montant une \u00e9chelle pour interagir avec ces \u00e9l\u00e9ments.\" srcset=\"https:\/\/www.time2plug.com\/page\/wp-content\/uploads\/2025\/02\/innovative-battery-technology-abstract-concept-illustration-1024x576.jpg 1024w, https:\/\/www.time2plug.com\/page\/wp-content\/uploads\/2025\/02\/innovative-battery-technology-abstract-concept-illustration-300x169.jpg 300w, https:\/\/www.time2plug.com\/page\/wp-content\/uploads\/2025\/02\/innovative-battery-technology-abstract-concept-illustration-768x432.jpg 768w, https:\/\/www.time2plug.com\/page\/wp-content\/uploads\/2025\/02\/innovative-battery-technology-abstract-concept-illustration-1536x864.jpg 1536w, https:\/\/www.time2plug.com\/page\/wp-content\/uploads\/2025\/02\/innovative-battery-technology-abstract-concept-illustration-2048x1152.jpg 2048w, https:\/\/www.time2plug.com\/page\/wp-content\/uploads\/2025\/02\/innovative-battery-technology-abstract-concept-illustration-800x450.jpg 800w\" sizes=\"(max-width: 1024px) 100vw, 1024px\" \/>\t\t\t\t\t\t\t\t\t\t\t<figcaption class=\"widget-image-caption wp-caption-text\"><\/figcaption>\n\t\t\t\t\t\t\t\t\t\t<\/figure>\n\t\t\t\t\t\t\t\t\t<\/div>\n\t\t\t\t<\/div>\n\t\t\t\t\t<\/div>\n\t\t<\/div>\n\t\t\t\t\t<\/div>\n\t\t<\/section>\n\t\t\t\t<section class=\"elementor-section elementor-top-section elementor-element elementor-element-1e6e9e1 elementor-section-boxed elementor-section-height-default elementor-section-height-default\" data-id=\"1e6e9e1\" data-element_type=\"section\" data-e-type=\"section\">\n\t\t\t\t\t\t<div class=\"elementor-container elementor-column-gap-default\">\n\t\t\t\t\t<div class=\"elementor-column elementor-col-100 elementor-top-column elementor-element elementor-element-0d7d202\" data-id=\"0d7d202\" data-element_type=\"column\" data-e-type=\"column\">\n\t\t\t<div class=\"elementor-widget-wrap elementor-element-populated\">\n\t\t\t\t\t\t<div class=\"elementor-element elementor-element-8be07f9 elementor-widget elementor-widget-heading\" data-id=\"8be07f9\" data-element_type=\"widget\" data-e-type=\"widget\" data-widget_type=\"heading.default\">\n\t\t\t\t<div class=\"elementor-widget-container\">\n\t\t\t\t\t<h2 class=\"elementor-heading-title elementor-size-default\">\u2600\ufe0f Supervision d\u2019un r\u00e9seau int\u00e9grant l\u2019\u00e9nergie solaire et \u00e9olienne<\/h2>\t\t\t\t<\/div>\n\t\t\t\t<\/div>\n\t\t\t\t<div class=\"elementor-element elementor-element-ea31b61 elementor-widget elementor-widget-text-editor\" data-id=\"ea31b61\" data-element_type=\"widget\" data-e-type=\"widget\" data-widget_type=\"text-editor.default\">\n\t\t\t\t<div class=\"elementor-widget-container\">\n\t\t\t\t\t\t\t\t\t<p>Deux \u00e9l\u00e9ments essentiels sont \u00e0 la base des \u00e9nergies renouvelables, \u00e0 savoir l\u2019\u00e9nergie solaire et l\u2019\u00e9nergie \u00e9olienne. Cependant, leur caract\u00e8re intermittent rend difficile la gestion et la pr\u00e9vision. Afin de superviser convenablement un r\u00e9seau qui int\u00e8gre ces sources d\u2019\u00e9nergie, plusieurs technologies et solutions sont d\u00e9ploy\u00e9es :<\/p><ul><li><a href=\"https:\/\/www.energy.gov\/\"><strong>Syst\u00e8mes de gestion de l\u2019\u00e9nergie (EMS)<\/strong> <\/a>: Ces syst\u00e8mes collectent en temps r\u00e9el des donn\u00e9es sur la production et la consommation d\u2019\u00e9nergie. Souvent \u00e0 partir d\u2019algorithmes d\u2019intelligence artificielle. Principalement pour \u00e9quilibrer efficacement l\u2019offre et la demande.<\/li><li><strong>Pr\u00e9visions bas\u00e9es sur des donn\u00e9es m\u00e9t\u00e9orologiques<\/strong> : Les technologies de pr\u00e9vision m\u00e9t\u00e9o exploitent des mod\u00e8les m\u00e9t\u00e9orologiques avanc\u00e9s et sophistiqu\u00e9s pour anticiper les variations de production \u00e9olienne et solaire. Ils sont indispensables pour l\u2019ajustement dynamique des r\u00e9seaux.<\/li><li><a href=\"https:\/\/www.energy.gov\/electricity-insights\"><strong>R\u00e9seaux intelligents (Smart Grids)<\/strong><\/a> : Les r\u00e9seaux intelligents reposent sur l&rsquo;int\u00e9gration des <a href=\"https:\/\/www.ip-systemes.com\/quest-ce-quun-capteur-connect-iot.html\"><span style=\"text-decoration: underline;\"><strong>capteurs IoT<\/strong><\/span><\/a> (Internet des objets) et des r\u00e9seaux de communication. Ils permettent de surveiller le r\u00e9seau et r\u00e9agir \u00e0 sa dynamique en temps r\u00e9el.<\/li><\/ul><p><!-- notionvc: ba9da7d8-a79c-4f19-bf73-483faf0686dc --><\/p>\t\t\t\t\t\t\t\t<\/div>\n\t\t\t\t<\/div>\n\t\t\t\t<div class=\"elementor-element elementor-element-00f1430 elementor-widget elementor-widget-heading\" data-id=\"00f1430\" data-element_type=\"widget\" data-e-type=\"widget\" data-widget_type=\"heading.default\">\n\t\t\t\t<div class=\"elementor-widget-container\">\n\t\t\t\t\t<h2 class=\"elementor-heading-title elementor-size-default\">\u26a1\ufe0f Gestion des pics de demande dans un contexte de production intermittente<\/h2>\t\t\t\t<\/div>\n\t\t\t\t<\/div>\n\t\t\t\t<div class=\"elementor-element elementor-element-1a1cbce elementor-widget elementor-widget-text-editor\" data-id=\"1a1cbce\" data-element_type=\"widget\" data-e-type=\"widget\" data-widget_type=\"text-editor.default\">\n\t\t\t\t<div class=\"elementor-widget-container\">\n\t\t\t\t\t\t\t\t\t<p>Depuis plusieurs ann\u00e9es, une pression suppl\u00e9mentaire est appliqu\u00e9e sur le r\u00e9seau \u00e9lectrique fran\u00e7ais et mondial. Principalement en raison de l\u2019introduction de v\u00e9hicules \u00e9lectriques et d\u2019appareils connect\u00e9s. Les pics de demande, combin\u00e9s \u00e0 une production intermittente, n\u00e9cessitent une ou des solutions adaptatives, et cela passe par :<\/p><ul><li><strong>R\u00e9ponse \u00e0 la demande (Demand Response)<\/strong> : Ce m\u00e9canisme oblige les consommateurs utilisant le r\u00e9seau \u00e0 r\u00e9duire ou \u00e0 augmenter leur consommation en fonction des besoins du r\u00e9seau. Par exemple, les v\u00e9hicules \u00e9lectriques peuvent \u00eatre charg\u00e9s lorsque la demande est la plus faible. Ce syst\u00e8me est d&rsquo;ailleurs d\u00e9j\u00e0 utilis\u00e9 dans de nombreux pays dans le monde afin de stabiliser la consommation.<\/li><li><a href=\"https:\/\/www.energie-info.fr\/fiche_pratique\/quest-ce-quune-offre-a-tarification-dynamique\/#:~:text=L'article%20L332%2D7%20du,journaliers%20et%20infra%2Djournaliers%20%C2%BB.\"><span style=\"text-decoration: underline;\"><strong>Tarification dynamique<\/strong> :<\/span><\/a> Les tarifs d\u2019\u00e9lectricit\u00e9, quant \u00e0 eux, varient selon les p\u00e9riodes de la journ\u00e9e pour encourager une consommation dite \u00e9quilibr\u00e9e. Cependant, ces mod\u00e8les sont toujours en cours de d\u00e9veloppement dans de nombreuses r\u00e9gions. Sans oublier que leur efficacit\u00e9 d\u00e9pend surtout de la sensibilisation et du bon vouloir des utilisateurs.<\/li><li><span style=\"text-decoration: underline;\"><a href=\"https:\/\/microgridknowledge.com\/\"><strong>Microgrids<\/strong><\/a> <\/span>: Enfin, ces micror\u00e9seaux, eux, peuvent fonctionner de mani\u00e8re autonome et exploiter les \u00e9nergies renouvelables localement. L&rsquo;objectif est de r\u00e9pondre \u00e0 des pics locaux de demande. Les microgrids r\u00e9duisent \u00e9galement la d\u00e9pendance au r\u00e9seau principal.<\/li><\/ul><p><!-- notionvc: fdd7d2b9-b655-48a9-b1da-f9629fa2c289 --><\/p>\t\t\t\t\t\t\t\t<\/div>\n\t\t\t\t<\/div>\n\t\t\t\t<div class=\"elementor-element elementor-element-fbfa58a elementor-widget elementor-widget-text-editor\" data-id=\"fbfa58a\" data-element_type=\"widget\" data-e-type=\"widget\" data-widget_type=\"text-editor.default\">\n\t\t\t\t<div class=\"elementor-widget-container\">\n\t\t\t\t\t\t\t\t\t<strong>\u00c0 <\/strong><b>lire aussi : <span style=\"text-decoration: underline;\"><a style=\"color: #2e89a8; text-decoration: underline;\" href=\"https:\/\/www.time2plug.com\/page\/supervision-des-bornes-de-recharge-reglementation-normes-et-evolutions-en-2025\/\">Supervision des bornes de recharge : r\u00e9glementation, normes et \u00e9volutions en 2025. <\/a><\/span><\/b>\t\t\t\t\t\t\t\t<\/div>\n\t\t\t\t<\/div>\n\t\t\t\t<div class=\"elementor-element elementor-element-e6a3e79 elementor-widget elementor-widget-heading\" data-id=\"e6a3e79\" data-element_type=\"widget\" data-e-type=\"widget\" data-widget_type=\"heading.default\">\n\t\t\t\t<div class=\"elementor-widget-container\">\n\t\t\t\t\t<h2 class=\"elementor-heading-title elementor-size-default\">\ud83d\udd0c Int\u00e9gration des infrastructures de recharge dans les r\u00e9seaux \u00e9lectriques<\/h2>\t\t\t\t<\/div>\n\t\t\t\t<\/div>\n\t\t\t\t<div class=\"elementor-element elementor-element-9a2a5dd elementor-widget elementor-widget-text-editor\" data-id=\"9a2a5dd\" data-element_type=\"widget\" data-e-type=\"widget\" data-widget_type=\"text-editor.default\">\n\t\t\t\t<div class=\"elementor-widget-container\">\n\t\t\t\t\t\t\t\t\t<p>Le d\u00e9veloppement rapide des v\u00e9hicules \u00e9lectriques n\u00e9cessite une adaptation des infrastructures \u00e9nerg\u00e9tiques pour \u00e9viter une surcharge des r\u00e9seaux. Mais aussi garantir un approvisionnement stable en \u00e9lectricit\u00e9. Voici les strat\u00e9gies et technologies qui permettent l\u2019int\u00e9gration efficace de ces bornes dans les r\u00e9seaux \u00e9lectriques :<\/p><ul><li><h6><strong>Recharge intelligente (Smart Charging)<\/strong> :<\/h6><\/li><\/ul><p>Il s\u2019agit ici d\u2019adapter la recharge des v\u00e9hicules \u00e9lectriques \u00e0 l\u2019\u00e9tat du r\u00e9seau et aux besoins \u00e9nerg\u00e9tiques sur le moment. L\u2019IA et d&rsquo;autres algorithmes pr\u00e9dictifs, dans cette situation, permettent aux bornes de moduler la puissance de recharge pour lisser la demande.<\/p><ul><li><h6><strong>Recharge bidirectionnelle (Vehicle-to-Grid, V2G)<\/strong> :\u00a0<\/h6><\/li><\/ul><p>La technologie V2G (Vehicle-to-Grid) transforme les VE en batteries mobiles. En principe, elles sont capables de renvoyer de l\u2019\u00e9nergie au r\u00e9seau lorsque cela est n\u00e9cessaire. Ce mod\u00e8le, encore en phase pilote dans certains pays, pourrait r\u00e9volutionner l\u2019interaction entre les VE et les r\u00e9seaux. Elle est consid\u00e9r\u00e9e comme une assez bonne solution pour les pics de consommation et la stabilisation du r\u00e9seau.<\/p><ul><li><h6><strong>D\u00e9ploiement strat\u00e9gique des bornes :<\/strong><\/h6><\/li><\/ul><p>Il est plus qu&rsquo;important de r\u00e9fl\u00e9chir d\u00e8s le d\u00e9but \u00e0 l\u2019emplacement des bornes. Sans oublier, la r\u00e9partition des utilisateurs et aux capacit\u00e9s du r\u00e9seau \u00e9lectrique local. En effet, selon leur emplacement, les bornes peuvent rapidement surcharger le r\u00e9seau. Les points de recharge rapides, par exemple, bien que tr\u00e8s pratiques, peuvent, sans solutions sp\u00e9ciales, entra\u00eener des pics de consommation beaucoup trop importants.<\/p><p>L\u2019int\u00e9gration harmonieuse des infrastructures de recharge dans les r\u00e9seaux \u00e9lectriques est une \u00e9tape essentielle. Elle n&rsquo;est pas forc\u00e9ment \u00e9vidente \u00e0 mettre en place. Ainsi, la collaboration entre les distributeurs d\u2019\u00e9nergie, les exploitants et les autorit\u00e9s est cruciale pour la transition.<\/p><p><!-- notionvc: 8fbda7c8-485b-4348-8db4-9a1d24bdb598 --><\/p>\t\t\t\t\t\t\t\t<\/div>\n\t\t\t\t<\/div>\n\t\t\t\t<div class=\"elementor-element elementor-element-4ba4e05 elementor-widget elementor-widget-heading\" data-id=\"4ba4e05\" data-element_type=\"widget\" data-e-type=\"widget\" data-widget_type=\"heading.default\">\n\t\t\t\t<div class=\"elementor-widget-container\">\n\t\t\t\t\t<h2 class=\"elementor-heading-title elementor-size-default\">\ud83d\udee2\ufe0f Le r\u00f4le des syst\u00e8mes de stockage dans la stabilit\u00e9 du r\u00e9seau<\/h2>\t\t\t\t<\/div>\n\t\t\t\t<\/div>\n\t\t\t\t<div class=\"elementor-element elementor-element-ce1c519 elementor-widget elementor-widget-text-editor\" data-id=\"ce1c519\" data-element_type=\"widget\" data-e-type=\"widget\" data-widget_type=\"text-editor.default\">\n\t\t\t\t<div class=\"elementor-widget-container\">\n\t\t\t\t\t\t\t\t\t<p>N&rsquo;oublions pas les batteries et technologies de stockage qui jouent un r\u00f4le essentiel dans cette fameuse stabilisation des r\u00e9seaux tout en int\u00e9grant des sources d\u2019\u00e9nergie intermittentes :<\/p><ul><li><a href=\"https:\/\/www.irena.org\/\"><span style=\"text-decoration: underline;\"><strong>Stockage \u00e0 grande \u00e9chelle<\/strong><\/span><\/a> : Des fermes de batteries au lithium ou \u00e0 flux peuvent tout \u00e0 fait stocker l\u2019\u00e9nergie suppl\u00e9mentaire produite lorsque ces centrales re\u00e7oivent le plus de lumi\u00e8re du soleil ou de vent pour une utilisation ult\u00e9rieure. Ces installations sont tr\u00e8s r\u00e9actives, car elles stockent des quantit\u00e9s importantes d\u2019\u00e9nergie, leur offrant une bonne dose de flexibilit\u00e9.<\/li><li><strong>Syst\u00e8mes hybrides<\/strong> : En combinant plusieurs technologies de stockage diff\u00e9rentes, comme les batteries, les volants d\u2019inertie ou m\u00eame l&rsquo;hydrog\u00e8ne, on peut r\u00e9pondre rapidement \u00e0 un large \u00e9ventail de besoins en temps de r\u00e9activit\u00e9 et en capacit\u00e9.<\/li><\/ul><p><!-- notionvc: e12a3c99-0780-4fab-8486-618807316a74 --><\/p>\t\t\t\t\t\t\t\t<\/div>\n\t\t\t\t<\/div>\n\t\t\t\t<div class=\"elementor-element elementor-element-ee2edf1 elementor-widget elementor-widget-text-editor\" data-id=\"ee2edf1\" data-element_type=\"widget\" data-e-type=\"widget\" data-widget_type=\"text-editor.default\">\n\t\t\t\t<div class=\"elementor-widget-container\">\n\t\t\t\t\t\t\t\t\t<strong>\u00c0 <\/strong><b>lire aussi : <span style=\"text-decoration: underline;\"><a style=\"color: #2e89a8; text-decoration: underline;\" href=\"https:\/\/www.time2plug.com\/page\/les-defis-de-lelectrification-dans-les-zones-rurales-quelles-solutions\/\">Les d\u00e9fis de l&rsquo;\u00e9lectrification dans les zones rurales : quelles solutions ? <\/a><\/span><\/b>\t\t\t\t\t\t\t\t<\/div>\n\t\t\t\t<\/div>\n\t\t\t\t<div class=\"elementor-element elementor-element-6b08821 elementor-widget elementor-widget-heading\" data-id=\"6b08821\" data-element_type=\"widget\" data-e-type=\"widget\" data-widget_type=\"heading.default\">\n\t\t\t\t<div class=\"elementor-widget-container\">\n\t\t\t\t\t<h2 class=\"elementor-heading-title elementor-size-default\">\ud83c\udfd9\ufe0f Vers des villes plus r\u00e9silientes gr\u00e2ce \u00e0 la gestion \u00e9nerg\u00e9tique intelligente<\/h2>\t\t\t\t<\/div>\n\t\t\t\t<\/div>\n\t\t\t\t<div class=\"elementor-element elementor-element-224b21e elementor-widget elementor-widget-text-editor\" data-id=\"224b21e\" data-element_type=\"widget\" data-e-type=\"widget\" data-widget_type=\"text-editor.default\">\n\t\t\t\t<div class=\"elementor-widget-container\">\n\t\t\t\t\t\t\t\t\t<p>Le changement climatique et l\u2019\u00e9lectrification croissante repr\u00e9sentent un d\u00e9fi pour tout le monde. Mais principalement pour les villes qui cherchent \u00e0 bien g\u00e9rer leur \u00e9nergie. Surtout qu&rsquo;elles doivent s\u2019adapter et mettre en \u0153uvre des solutions intelligentes pour satisfaire les besoins des citoyens. En fin de compte, ces solutions peuvent mieux am\u00e9liorer la r\u00e9silience g\u00e9n\u00e9rale de leurs infrastructures, tout en s\u2019effor\u00e7ant d\u2019\u00eatre aussi efficaces que possible sur le plan de l\u2019\u00e9nergie. Cela peut \u00eatre r\u00e9alis\u00e9, entre autres, en utilisant :<\/p><ul><li><strong>Les microgrids urbains<\/strong> : En tant que r\u00e9seaux \u00e9lectriques autonomes et d\u00e9centralis\u00e9s, les microgrids urbains sont aliment\u00e9s directement par des \u00e9nergies renouvelables et sont dot\u00e9s de capacit\u00e9s de stockage. Ils permettent, en plus de renforcer la s\u00e9curit\u00e9 \u00e9nerg\u00e9tique des villes, d&rsquo;approvisionner, ind\u00e9pendamment du r\u00e9seau principal, des quartiers entiers en \u00e9lectricit\u00e9 lors de pannes de courant et d\u2019autres syst\u00e8mes de secours.<\/li><li><strong>L\u2019intelligence artificielle pour l\u2019optimisation \u00e9nerg\u00e9tique<\/strong> : Une autre fa\u00e7on de le faire est d\u2019utiliser l\u2019intelligence artificielle pour transformer les algorithmes d\u2019apprentissage automatique en gestionnaires efficaces de l\u2019\u00e9nergie, en utilisant les habitudes de consommation pass\u00e9es et futures, les param\u00e8tres m\u00e9t\u00e9o et d\u2019autres facteurs pour minimiser le gaspillage.<\/li><li><strong>Les b\u00e2timents \u00e0 \u00e9nergie positive<\/strong> : D\u2019autres options incluent les b\u00e2timents \u00e0 \u00e9nergie positive, ce qui signifie que ces derniers produisent plus d\u2019\u00e9nergie qu\u2019ils n\u2019en consomment. Ils sont activement promus gr\u00e2ce \u00e0 des subsides et des r\u00e9ductions d\u2019imp\u00f4ts. Ils y parviennent principalement gr\u00e2ce \u00e0 des panneaux solaires, des syst\u00e8mes de stockage et une gestion intelligente. Ces b\u00e2timents contribuent \u00e0 all\u00e9ger la charge sur le r\u00e9seau.<\/li><\/ul><p>De plus, les villes intelligentes et r\u00e9silientes sont une partie de la r\u00e9ponse \u00e0 nos questions. Gr\u00e2ce aux infrastructures de recharge de mieux en mieux int\u00e9gr\u00e9es, aux sources d\u2019\u00e9nergie renouvelable et aux solutions de gestion avanc\u00e9es, nombreuses sont les villes qui peuvent maintenir leur empreinte carbone plus basse tout en s\u2019assurant qu\u2019elles peuvent recevoir et distribuer l\u2019\u00e9lectricit\u00e9 de mani\u00e8re stable et \u00e9conome en \u00e9nergie.<\/p><p><!-- notionvc: 47a02c96-cb85-4b3b-ba22-ed8936359788 --><\/p>\t\t\t\t\t\t\t\t<\/div>\n\t\t\t\t<\/div>\n\t\t\t\t<div class=\"elementor-element elementor-element-7ff6f7e elementor-widget elementor-widget-heading\" data-id=\"7ff6f7e\" data-element_type=\"widget\" data-e-type=\"widget\" data-widget_type=\"heading.default\">\n\t\t\t\t<div class=\"elementor-widget-container\">\n\t\t\t\t\t<h2 class=\"elementor-heading-title elementor-size-default\">\ud83d\udd0d Enjeux et perspectives<\/h2>\t\t\t\t<\/div>\n\t\t\t\t<\/div>\n\t\t\t\t<div class=\"elementor-element elementor-element-06dd48d elementor-widget elementor-widget-text-editor\" data-id=\"06dd48d\" data-element_type=\"widget\" data-e-type=\"widget\" data-widget_type=\"text-editor.default\">\n\t\t\t\t<div class=\"elementor-widget-container\">\n\t\t\t\t\t\t\t\t\t<p>Les d\u00e9fis technologiques et r\u00e9glementaires sont importants, mais les opportunit\u00e9s le sont tout autant. Par exemple, les innovations dans les mat\u00e9riaux pour batteries, comme les batteries \u00e0 \u00e9tat solide, promettent une densit\u00e9 \u00e9nerg\u00e9tique et une dur\u00e9e de vie accrues. En parall\u00e8le, les <a href=\"https:\/\/www.iea.org\/\"><span style=\"text-decoration: underline;\"><strong>initiatives gouvernementales<\/strong><\/span><\/a> pour acc\u00e9l\u00e9rer l\u2019installation de bornes de recharge et de r\u00e9seaux intelligents se multiplient.<!-- notionvc: 313c5edd-63d3-47bc-87fb-6aa5dc3257f9 --><\/p><p><!-- notionvc: f3cbb293-b624-45f1-a51e-4c7e62bb9651 --><\/p>\t\t\t\t\t\t\t\t<\/div>\n\t\t\t\t<\/div>\n\t\t\t\t<div class=\"elementor-element elementor-element-f7eef03 elementor-widget elementor-widget-text-editor\" data-id=\"f7eef03\" data-element_type=\"widget\" data-e-type=\"widget\" data-widget_type=\"text-editor.default\">\n\t\t\t\t<div class=\"elementor-widget-container\">\n\t\t\t\t\t\t\t\t\t<p><span style=\"font-size: 14px; font-style: normal; font-variant-ligatures: normal; font-variant-caps: normal; font-family: Poppins, sans-serif; font-weight: 600; color: #2e89a8;\">\u00c0\u00a0<\/span><span style=\"font-size: 14px; font-style: normal; font-variant-ligatures: normal; font-variant-caps: normal; font-family: Poppins, sans-serif; font-weight: bold; color: #2e89a8;\">lire aussi :\u00a0<\/span><b style=\"font-size: 14px;\"><span style=\"text-decoration-line: underline;\"><a style=\"color: #2e89a8;\" href=\"https:\/\/www.time2plug.com\/page\/la-supervision-chez-time2plug\/\">Le supervision chez Time2plug<\/a>\u00a0<\/span><\/b><\/p>\t\t\t\t\t\t\t\t<\/div>\n\t\t\t\t<\/div>\n\t\t\t\t<div class=\"elementor-element elementor-element-d6919aa elementor-widget elementor-widget-text-editor\" data-id=\"d6919aa\" data-element_type=\"widget\" data-e-type=\"widget\" data-widget_type=\"text-editor.default\">\n\t\t\t\t<div class=\"elementor-widget-container\">\n\t\t\t\t\t\t\t\t\t<p>L\u2019int\u00e9gration des \u00e9nergies renouvelables et des bornes de recharge est une \u00e9tape cruciale vers la d\u00e9carbonation de nos soci\u00e9t\u00e9s. Une supervision avanc\u00e9e, une gestion adaptative des pics de demande, et l\u2019utilisation strat\u00e9gique des syst\u00e8mes de stockage sont les \u00e9l\u00e9ments cl\u00e9s pour garantir la stabilit\u00e9 et l\u2019efficacit\u00e9 des r\u00e9seaux \u00e9lectriques de demain. Cela exige une collaboration accrue entre les technologues, les gestionnaires de r\u00e9seaux et les consommateurs pour relever ces d\u00e9fis complexes.<\/p><p>Pour aller plus loin, vous pouvez consulter des ressources compl\u00e9mentaires sur<strong><span style=\"text-decoration: underline;\"> <a href=\"https:\/\/www.irena.org\/\">IRENA<\/a><\/span>, <span style=\"text-decoration: underline;\"><a href=\"https:\/\/www.iea.org\/\">l\u2019IEA<\/a><\/span><\/strong>, ou<span style=\"text-decoration: underline;\"><strong> <a href=\"https:\/\/www.smartgrid.gov\/\">SmartGrid.gov<\/a><\/strong><\/span>.<\/p><p><!-- notionvc: 24a89d3e-003b-4b1b-be40-b0efb76efb66 --><\/p><p>\ud83d\udce9\u00a0<strong>Envie d\u2019en savoir plus\u00a0? Contactez-nous d\u00e8s aujourd\u2019hui pour d\u00e9couvrir nos solutions sur mesure et faire de votre \u00e9tablissement une destination incontournable.<\/strong><\/p><p><!-- notionvc: 29a7a85f-e32c-4ff4-883f-8b6fa22c1c04 --><\/p>\t\t\t\t\t\t\t\t<\/div>\n\t\t\t\t<\/div>\n\t\t\t\t\t<\/div>\n\t\t<\/div>\n\t\t\t\t\t<\/div>\n\t\t<\/section>\n\t\t\t\t<section class=\"elementor-section elementor-top-section elementor-element elementor-element-be2771b elementor-section-full_width elementor-section-height-default elementor-section-height-default\" data-id=\"be2771b\" data-element_type=\"section\" data-e-type=\"section\" data-settings=\"{&quot;background_background&quot;:&quot;classic&quot;}\">\n\t\t\t\t\t\t\t<div class=\"elementor-background-overlay\"><\/div>\n\t\t\t\t\t\t\t<div class=\"elementor-container elementor-column-gap-default\">\n\t\t\t\t\t<div class=\"elementor-column elementor-col-33 elementor-top-column elementor-element elementor-element-0e672a6\" data-id=\"0e672a6\" data-element_type=\"column\" data-e-type=\"column\">\n\t\t\t<div class=\"elementor-widget-wrap elementor-element-populated\">\n\t\t\t\t\t\t<div class=\"elementor-element elementor-element-879dd9a elementor-widget elementor-widget-image\" data-id=\"879dd9a\" data-element_type=\"widget\" data-e-type=\"widget\" data-widget_type=\"image.default\">\n\t\t\t\t<div class=\"elementor-widget-container\">\n\t\t\t\t\t\t\t\t\t\t\t\t\t\t\t<img decoding=\"async\" width=\"451\" height=\"480\" src=\"https:\/\/www.time2plug.com\/page\/wp-content\/uploads\/2025\/01\/Template-Nouvel-arrivant-1-1.png\" class=\"attachment-large size-large wp-image-15725\" alt=\"Ic\u00f4ne isom\u00e9trique de voiture isol\u00e9e sur fond blanc. V\u00e9hicule pour le transport de passagers, berline blanche avec vitres teint\u00e9es noires, voiture priv\u00e9e avec ombres et reflets.\" srcset=\"https:\/\/www.time2plug.com\/page\/wp-content\/uploads\/2025\/01\/Template-Nouvel-arrivant-1-1.png 451w, https:\/\/www.time2plug.com\/page\/wp-content\/uploads\/2025\/01\/Template-Nouvel-arrivant-1-1-282x300.png 282w\" sizes=\"(max-width: 451px) 100vw, 451px\" \/>\t\t\t\t\t\t\t\t\t\t\t\t\t\t\t<\/div>\n\t\t\t\t<\/div>\n\t\t\t\t\t<\/div>\n\t\t<\/div>\n\t\t\t\t<div class=\"elementor-column elementor-col-33 elementor-top-column elementor-element elementor-element-c9e3507\" data-id=\"c9e3507\" data-element_type=\"column\" data-e-type=\"column\">\n\t\t\t<div class=\"elementor-widget-wrap elementor-element-populated\">\n\t\t\t\t\t\t<div class=\"elementor-element elementor-element-83cb526 elementor-widget__width-initial elementor-widget elementor-widget-text-editor\" data-id=\"83cb526\" data-element_type=\"widget\" data-e-type=\"widget\" data-widget_type=\"text-editor.default\">\n\t\t\t\t<div class=\"elementor-widget-container\">\n\t\t\t\t\t\t\t\t\t<h3>Besoin d\u2019\u00e9quiper votre parking avec une solution de recharge ?<\/h3><p>Contactez-nous d\u00e8s aujourd\u2019hui pour installer une station de recharge\u00a0adapt\u00e9e \u00e0 vos besoins !\u26a1<\/p>\t\t\t\t\t\t\t\t<\/div>\n\t\t\t\t<\/div>\n\t\t\t\t\t<\/div>\n\t\t<\/div>\n\t\t\t\t<div class=\"elementor-column elementor-col-33 elementor-top-column elementor-element elementor-element-61cf275\" data-id=\"61cf275\" data-element_type=\"column\" data-e-type=\"column\">\n\t\t\t<div class=\"elementor-widget-wrap elementor-element-populated\">\n\t\t\t\t\t\t<div class=\"elementor-element elementor-element-8f3f6c3 elementor-align-justify elementor-widget elementor-widget-button\" data-id=\"8f3f6c3\" data-element_type=\"widget\" data-e-type=\"widget\" data-widget_type=\"button.default\">\n\t\t\t\t<div class=\"elementor-widget-container\">\n\t\t\t\t\t\t\t\t\t<div class=\"elementor-button-wrapper\">\n\t\t\t\t\t<a class=\"elementor-button elementor-button-link elementor-size-sm\" href=\"https:\/\/www.time2plug.com\/page\/borne-de-recharge-pour-entreprises\/\">\n\t\t\t\t\t\t<span class=\"elementor-button-content-wrapper\">\n\t\t\t\t\t\t\t\t\t<span class=\"elementor-button-text\">Demandez une simulation<\/span>\n\t\t\t\t\t<\/span>\n\t\t\t\t\t<\/a>\n\t\t\t\t<\/div>\n\t\t\t\t\t\t\t\t<\/div>\n\t\t\t\t<\/div>\n\t\t\t\t\t<\/div>\n\t\t<\/div>\n\t\t\t\t\t<\/div>\n\t\t<\/section>\n\t\t\t\t<\/div>\n\t\t","protected":false},"excerpt":{"rendered":"<p>De toute \u00e9vidence, l\u2019avancement vers un avenir plus durable rev\u00eat un besoin fondamental d\u2019opter pour l&rsquo;int\u00e9gration de sources d\u2019\u00e9nergies renouvelables, mais aussi des infrastructures de recharge pour les v\u00e9hicules \u00e9lectriques. Supervision \u00e9nerg\u00e9tique : comment allier renouvelables et recharge \u00e9lectrique avec efficacit\u00e9 ? Ensuite Supervision \u00e9nerg\u00e9tique : comment allier renouvelables et recharge \u00e9lectrique avec efficacit\u00e9 ? [&hellip;]<\/p>\n","protected":false},"author":15,"featured_media":15898,"comment_status":"open","ping_status":"open","sticky":false,"template":"","format":"standard","meta":{"_monsterinsights_skip_tracking":false,"_monsterinsights_sitenote_active":false,"_monsterinsights_sitenote_note":"","_monsterinsights_sitenote_category":0,"ocean_post_layout":"","ocean_both_sidebars_style":"","ocean_both_sidebars_content_width":0,"ocean_both_sidebars_sidebars_width":0,"ocean_sidebar":"","ocean_second_sidebar":"","ocean_disable_margins":"enable","ocean_add_body_class":"","ocean_shortcode_before_top_bar":"","ocean_shortcode_after_top_bar":"","ocean_shortcode_before_header":"","ocean_shortcode_after_header":"","ocean_has_shortcode":"","ocean_shortcode_after_title":"","ocean_shortcode_before_footer_widgets":"","ocean_shortcode_after_footer_widgets":"","ocean_shortcode_before_footer_bottom":"","ocean_shortcode_after_footer_bottom":"","ocean_display_top_bar":"default","ocean_display_header":"default","ocean_header_style":"","ocean_center_header_left_menu":"","ocean_custom_header_template":"","ocean_custom_logo":0,"ocean_custom_retina_logo":0,"ocean_custom_logo_max_width":0,"ocean_custom_logo_tablet_max_width":0,"ocean_custom_logo_mobile_max_width":0,"ocean_custom_logo_max_height":0,"ocean_custom_logo_tablet_max_height":0,"ocean_custom_logo_mobile_max_height":0,"ocean_header_custom_menu":"","ocean_menu_typo_font_family":"","ocean_menu_typo_font_subset":"","ocean_menu_typo_font_size":0,"ocean_menu_typo_font_size_tablet":0,"ocean_menu_typo_font_size_mobile":0,"ocean_menu_typo_font_size_unit":"px","ocean_menu_typo_font_weight":"","ocean_menu_typo_font_weight_tablet":"","ocean_menu_typo_font_weight_mobile":"","ocean_menu_typo_transform":"","ocean_menu_typo_transform_tablet":"","ocean_menu_typo_transform_mobile":"","ocean_menu_typo_line_height":0,"ocean_menu_typo_line_height_tablet":0,"ocean_menu_typo_line_height_mobile":0,"ocean_menu_typo_line_height_unit":"","ocean_menu_typo_spacing":0,"ocean_menu_typo_spacing_tablet":0,"ocean_menu_typo_spacing_mobile":0,"ocean_menu_typo_spacing_unit":"","ocean_menu_link_color":"","ocean_menu_link_color_hover":"","ocean_menu_link_color_active":"","ocean_menu_link_background":"","ocean_menu_link_hover_background":"","ocean_menu_link_active_background":"","ocean_menu_social_links_bg":"","ocean_menu_social_hover_links_bg":"","ocean_menu_social_links_color":"","ocean_menu_social_hover_links_color":"","ocean_disable_title":"default","ocean_disable_heading":"default","ocean_post_title":"","ocean_post_subheading":"","ocean_post_title_style":"","ocean_post_title_background_color":"","ocean_post_title_background":0,"ocean_post_title_bg_image_position":"","ocean_post_title_bg_image_attachment":"","ocean_post_title_bg_image_repeat":"","ocean_post_title_bg_image_size":"","ocean_post_title_height":0,"ocean_post_title_bg_overlay":0.5,"ocean_post_title_bg_overlay_color":"","ocean_disable_breadcrumbs":"default","ocean_breadcrumbs_color":"","ocean_breadcrumbs_separator_color":"","ocean_breadcrumbs_links_color":"","ocean_breadcrumbs_links_hover_color":"","ocean_display_footer_widgets":"default","ocean_display_footer_bottom":"default","ocean_custom_footer_template":"","osh_disable_topbar_sticky":"default","osh_disable_header_sticky":"default","osh_sticky_header_style":"default","osh_sticky_header_effect":"","osh_custom_sticky_logo":0,"osh_custom_retina_sticky_logo":0,"osh_custom_sticky_logo_height":0,"osh_background_color":"","osh_links_color":"","osh_links_hover_color":"","osh_links_active_color":"","osh_links_bg_color":"","osh_links_hover_bg_color":"","osh_links_active_bg_color":"","osh_menu_social_links_color":"","osh_menu_social_hover_links_color":"","ocean_post_oembed":"","ocean_post_self_hosted_media":"","ocean_post_video_embed":"","ocean_link_format":"","ocean_link_format_target":"self","ocean_quote_format":"","ocean_quote_format_link":"post","ocean_gallery_link_images":"on","ocean_gallery_id":[],"footnotes":""},"categories":[18,13,15,12,24,14,21],"tags":[],"class_list":["post-15895","post","type-post","status-publish","format-standard","has-post-thumbnail","hentry","category-actualite","category-campings","category-entreprises","category-hotels","category-installation-borne-de-recharge","category-restaurants","category-rse","entry","has-media"],"yoast_head":"<!-- This site is optimized with the Yoast SEO plugin v27.4 - https:\/\/yoast.com\/product\/yoast-seo-wordpress\/ -->\n<title>Supervision \u00e9nerg\u00e9tique : comment allier renouvelables et recharge \u00e9lectrique avec efficacit\u00e9 ?<\/title>\n<meta name=\"description\" content=\"Supervision \u00e9nerg\u00e9tique : comment allier renouvelables et recharge \u00e9lectrique avec efficacit\u00e9 ? Les cl\u00e9s d\u2019une gestion optimis\u00e9e et durable !\" \/>\n<meta name=\"robots\" content=\"index, follow, max-snippet:-1, max-image-preview:large, max-video-preview:-1\" \/>\n<link rel=\"canonical\" href=\"https:\/\/www.time2plug.com\/page\/supervision-energetique-comment-allier-renouvelables-et-recharge-electrique-avec-efficacite\/\" \/>\n<meta property=\"og:locale\" content=\"fr_FR\" \/>\n<meta property=\"og:type\" content=\"article\" \/>\n<meta property=\"og:title\" content=\"Supervision \u00e9nerg\u00e9tique : comment allier renouvelables et recharge \u00e9lectrique avec efficacit\u00e9 ?\" \/>\n<meta property=\"og:description\" content=\"Supervision \u00e9nerg\u00e9tique : comment allier renouvelables et recharge \u00e9lectrique avec efficacit\u00e9 ? Les cl\u00e9s d\u2019une gestion optimis\u00e9e et durable !\" \/>\n<meta property=\"og:url\" content=\"https:\/\/www.time2plug.com\/page\/supervision-energetique-comment-allier-renouvelables-et-recharge-electrique-avec-efficacite\/\" \/>\n<meta property=\"og:site_name\" content=\"Time2plug\" \/>\n<meta property=\"article:published_time\" content=\"2025-02-24T08:51:46+00:00\" \/>\n<meta property=\"article:modified_time\" content=\"2025-02-24T08:51:47+00:00\" \/>\n<meta property=\"og:image\" content=\"https:\/\/www.time2plug.com\/page\/wp-content\/uploads\/2025\/02\/innovative-battery-technology-abstract-concept-illustration-scaled.jpg\" \/>\n\t<meta property=\"og:image:width\" content=\"2560\" \/>\n\t<meta property=\"og:image:height\" content=\"1440\" \/>\n\t<meta property=\"og:image:type\" content=\"image\/jpeg\" \/>\n<meta name=\"author\" content=\"Lou N\u00e9mard\" \/>\n<meta name=\"twitter:card\" content=\"summary_large_image\" \/>\n<meta name=\"twitter:label1\" content=\"\u00c9crit par\" \/>\n\t<meta name=\"twitter:data1\" content=\"Lou N\u00e9mard\" \/>\n\t<meta name=\"twitter:label2\" content=\"Dur\u00e9e de lecture estim\u00e9e\" \/>\n\t<meta name=\"twitter:data2\" content=\"9 minutes\" \/>\n<script type=\"application\/ld+json\" class=\"yoast-schema-graph\">{\"@context\":\"https:\\\/\\\/schema.org\",\"@graph\":[{\"@type\":\"Article\",\"@id\":\"https:\\\/\\\/www.time2plug.com\\\/page\\\/supervision-energetique-comment-allier-renouvelables-et-recharge-electrique-avec-efficacite\\\/#article\",\"isPartOf\":{\"@id\":\"https:\\\/\\\/www.time2plug.com\\\/page\\\/supervision-energetique-comment-allier-renouvelables-et-recharge-electrique-avec-efficacite\\\/\"},\"author\":{\"name\":\"Lou N\u00e9mard\",\"@id\":\"https:\\\/\\\/www.time2plug.com\\\/page\\\/#\\\/schema\\\/person\\\/539b6aabfd255f20a3b9456285b9c81a\"},\"headline\":\"Supervision \u00e9nerg\u00e9tique : comment allier renouvelables et recharge \u00e9lectrique avec efficacit\u00e9 ?\",\"datePublished\":\"2025-02-24T08:51:46+00:00\",\"dateModified\":\"2025-02-24T08:51:47+00:00\",\"mainEntityOfPage\":{\"@id\":\"https:\\\/\\\/www.time2plug.com\\\/page\\\/supervision-energetique-comment-allier-renouvelables-et-recharge-electrique-avec-efficacite\\\/\"},\"wordCount\":1762,\"commentCount\":0,\"publisher\":{\"@id\":\"https:\\\/\\\/www.time2plug.com\\\/page\\\/#organization\"},\"image\":{\"@id\":\"https:\\\/\\\/www.time2plug.com\\\/page\\\/supervision-energetique-comment-allier-renouvelables-et-recharge-electrique-avec-efficacite\\\/#primaryimage\"},\"thumbnailUrl\":\"https:\\\/\\\/www.time2plug.com\\\/page\\\/wp-content\\\/uploads\\\/2025\\\/02\\\/innovative-battery-technology-abstract-concept-illustration-scaled.jpg\",\"articleSection\":[\"Actualit\u00e9\",\"Campings\",\"Entreprises\",\"H\u00f4tels\",\"Installation Borne de recharge\",\"Restaurants\",\"RSE\"],\"inLanguage\":\"fr-FR\",\"potentialAction\":[{\"@type\":\"CommentAction\",\"name\":\"Comment\",\"target\":[\"https:\\\/\\\/www.time2plug.com\\\/page\\\/supervision-energetique-comment-allier-renouvelables-et-recharge-electrique-avec-efficacite\\\/#respond\"]}]},{\"@type\":\"WebPage\",\"@id\":\"https:\\\/\\\/www.time2plug.com\\\/page\\\/supervision-energetique-comment-allier-renouvelables-et-recharge-electrique-avec-efficacite\\\/\",\"url\":\"https:\\\/\\\/www.time2plug.com\\\/page\\\/supervision-energetique-comment-allier-renouvelables-et-recharge-electrique-avec-efficacite\\\/\",\"name\":\"Supervision \u00e9nerg\u00e9tique : comment allier renouvelables et recharge \u00e9lectrique avec efficacit\u00e9 ?\",\"isPartOf\":{\"@id\":\"https:\\\/\\\/www.time2plug.com\\\/page\\\/#website\"},\"primaryImageOfPage\":{\"@id\":\"https:\\\/\\\/www.time2plug.com\\\/page\\\/supervision-energetique-comment-allier-renouvelables-et-recharge-electrique-avec-efficacite\\\/#primaryimage\"},\"image\":{\"@id\":\"https:\\\/\\\/www.time2plug.com\\\/page\\\/supervision-energetique-comment-allier-renouvelables-et-recharge-electrique-avec-efficacite\\\/#primaryimage\"},\"thumbnailUrl\":\"https:\\\/\\\/www.time2plug.com\\\/page\\\/wp-content\\\/uploads\\\/2025\\\/02\\\/innovative-battery-technology-abstract-concept-illustration-scaled.jpg\",\"datePublished\":\"2025-02-24T08:51:46+00:00\",\"dateModified\":\"2025-02-24T08:51:47+00:00\",\"description\":\"Supervision \u00e9nerg\u00e9tique : comment allier renouvelables et recharge \u00e9lectrique avec efficacit\u00e9 ? Les cl\u00e9s d\u2019une gestion optimis\u00e9e et durable !\",\"breadcrumb\":{\"@id\":\"https:\\\/\\\/www.time2plug.com\\\/page\\\/supervision-energetique-comment-allier-renouvelables-et-recharge-electrique-avec-efficacite\\\/#breadcrumb\"},\"inLanguage\":\"fr-FR\",\"potentialAction\":[{\"@type\":\"ReadAction\",\"target\":[\"https:\\\/\\\/www.time2plug.com\\\/page\\\/supervision-energetique-comment-allier-renouvelables-et-recharge-electrique-avec-efficacite\\\/\"]}]},{\"@type\":\"ImageObject\",\"inLanguage\":\"fr-FR\",\"@id\":\"https:\\\/\\\/www.time2plug.com\\\/page\\\/supervision-energetique-comment-allier-renouvelables-et-recharge-electrique-avec-efficacite\\\/#primaryimage\",\"url\":\"https:\\\/\\\/www.time2plug.com\\\/page\\\/wp-content\\\/uploads\\\/2025\\\/02\\\/innovative-battery-technology-abstract-concept-illustration-scaled.jpg\",\"contentUrl\":\"https:\\\/\\\/www.time2plug.com\\\/page\\\/wp-content\\\/uploads\\\/2025\\\/02\\\/innovative-battery-technology-abstract-concept-illustration-scaled.jpg\",\"width\":2560,\"height\":1440,\"caption\":\"Innovative battery technology abstract concept vector illustration. Energy saving technology, battery creation, innovative science project, economy, eco-friendly fast charging abstract metaphor.\"},{\"@type\":\"BreadcrumbList\",\"@id\":\"https:\\\/\\\/www.time2plug.com\\\/page\\\/supervision-energetique-comment-allier-renouvelables-et-recharge-electrique-avec-efficacite\\\/#breadcrumb\",\"itemListElement\":[{\"@type\":\"ListItem\",\"position\":1,\"name\":\"Accueil\",\"item\":\"https:\\\/\\\/www.time2plug.com\\\/page\\\/\"},{\"@type\":\"ListItem\",\"position\":2,\"name\":\"Supervision \u00e9nerg\u00e9tique : comment allier renouvelables et recharge \u00e9lectrique avec efficacit\u00e9 ?\"}]},{\"@type\":\"WebSite\",\"@id\":\"https:\\\/\\\/www.time2plug.com\\\/page\\\/#website\",\"url\":\"https:\\\/\\\/www.time2plug.com\\\/page\\\/\",\"name\":\"Time2plug\",\"description\":\"Installation et gestion de bornes recharge pour voitures \u00e9lectriques\",\"publisher\":{\"@id\":\"https:\\\/\\\/www.time2plug.com\\\/page\\\/#organization\"},\"alternateName\":\"Bornes de recharge pour voitures \u00e9lectriques\",\"potentialAction\":[{\"@type\":\"SearchAction\",\"target\":{\"@type\":\"EntryPoint\",\"urlTemplate\":\"https:\\\/\\\/www.time2plug.com\\\/page\\\/?s={search_term_string}\"},\"query-input\":{\"@type\":\"PropertyValueSpecification\",\"valueRequired\":true,\"valueName\":\"search_term_string\"}}],\"inLanguage\":\"fr-FR\"},{\"@type\":\"Organization\",\"@id\":\"https:\\\/\\\/www.time2plug.com\\\/page\\\/#organization\",\"name\":\"Time2plug\",\"alternateName\":\"Bornes de recharge pour voitures \u00e9lectriques\",\"url\":\"https:\\\/\\\/www.time2plug.com\\\/page\\\/\",\"logo\":{\"@type\":\"ImageObject\",\"inLanguage\":\"fr-FR\",\"@id\":\"https:\\\/\\\/www.time2plug.com\\\/page\\\/#\\\/schema\\\/logo\\\/image\\\/\",\"url\":\"https:\\\/\\\/www.time2plug.com\\\/page\\\/wp-content\\\/uploads\\\/2025\\\/04\\\/T2P-Blanc_Background-Orange.png\",\"contentUrl\":\"https:\\\/\\\/www.time2plug.com\\\/page\\\/wp-content\\\/uploads\\\/2025\\\/04\\\/T2P-Blanc_Background-Orange.png\",\"width\":300,\"height\":300,\"caption\":\"Time2plug\"},\"image\":{\"@id\":\"https:\\\/\\\/www.time2plug.com\\\/page\\\/#\\\/schema\\\/logo\\\/image\\\/\"},\"sameAs\":[\"https:\\\/\\\/www.linkedin.com\\\/company\\\/time2plug\\\/\"]},{\"@type\":\"Person\",\"@id\":\"https:\\\/\\\/www.time2plug.com\\\/page\\\/#\\\/schema\\\/person\\\/539b6aabfd255f20a3b9456285b9c81a\",\"name\":\"Lou N\u00e9mard\",\"image\":{\"@type\":\"ImageObject\",\"inLanguage\":\"fr-FR\",\"@id\":\"https:\\\/\\\/secure.gravatar.com\\\/avatar\\\/916760b7331d513c0d331643a2db0b425c4f4d5e1ae0a0fd832b438a77018a43?s=96&d=mm&r=g\",\"url\":\"https:\\\/\\\/secure.gravatar.com\\\/avatar\\\/916760b7331d513c0d331643a2db0b425c4f4d5e1ae0a0fd832b438a77018a43?s=96&d=mm&r=g\",\"contentUrl\":\"https:\\\/\\\/secure.gravatar.com\\\/avatar\\\/916760b7331d513c0d331643a2db0b425c4f4d5e1ae0a0fd832b438a77018a43?s=96&d=mm&r=g\",\"caption\":\"Lou N\u00e9mard\"}}]}<\/script>\n<!-- \/ Yoast SEO plugin. -->","yoast_head_json":{"title":"Supervision \u00e9nerg\u00e9tique : comment allier renouvelables et recharge \u00e9lectrique avec efficacit\u00e9 ?","description":"Supervision \u00e9nerg\u00e9tique : comment allier renouvelables et recharge \u00e9lectrique avec efficacit\u00e9 ? Les cl\u00e9s d\u2019une gestion optimis\u00e9e et durable !","robots":{"index":"index","follow":"follow","max-snippet":"max-snippet:-1","max-image-preview":"max-image-preview:large","max-video-preview":"max-video-preview:-1"},"canonical":"https:\/\/www.time2plug.com\/page\/supervision-energetique-comment-allier-renouvelables-et-recharge-electrique-avec-efficacite\/","og_locale":"fr_FR","og_type":"article","og_title":"Supervision \u00e9nerg\u00e9tique : comment allier renouvelables et recharge \u00e9lectrique avec efficacit\u00e9 ?","og_description":"Supervision \u00e9nerg\u00e9tique : comment allier renouvelables et recharge \u00e9lectrique avec efficacit\u00e9 ? Les cl\u00e9s d\u2019une gestion optimis\u00e9e et durable !","og_url":"https:\/\/www.time2plug.com\/page\/supervision-energetique-comment-allier-renouvelables-et-recharge-electrique-avec-efficacite\/","og_site_name":"Time2plug","article_published_time":"2025-02-24T08:51:46+00:00","article_modified_time":"2025-02-24T08:51:47+00:00","og_image":[{"width":2560,"height":1440,"url":"https:\/\/www.time2plug.com\/page\/wp-content\/uploads\/2025\/02\/innovative-battery-technology-abstract-concept-illustration-scaled.jpg","type":"image\/jpeg"}],"author":"Lou N\u00e9mard","twitter_card":"summary_large_image","twitter_misc":{"\u00c9crit par":"Lou N\u00e9mard","Dur\u00e9e de lecture estim\u00e9e":"9 minutes"},"schema":{"@context":"https:\/\/schema.org","@graph":[{"@type":"Article","@id":"https:\/\/www.time2plug.com\/page\/supervision-energetique-comment-allier-renouvelables-et-recharge-electrique-avec-efficacite\/#article","isPartOf":{"@id":"https:\/\/www.time2plug.com\/page\/supervision-energetique-comment-allier-renouvelables-et-recharge-electrique-avec-efficacite\/"},"author":{"name":"Lou N\u00e9mard","@id":"https:\/\/www.time2plug.com\/page\/#\/schema\/person\/539b6aabfd255f20a3b9456285b9c81a"},"headline":"Supervision \u00e9nerg\u00e9tique : comment allier renouvelables et recharge \u00e9lectrique avec efficacit\u00e9 ?","datePublished":"2025-02-24T08:51:46+00:00","dateModified":"2025-02-24T08:51:47+00:00","mainEntityOfPage":{"@id":"https:\/\/www.time2plug.com\/page\/supervision-energetique-comment-allier-renouvelables-et-recharge-electrique-avec-efficacite\/"},"wordCount":1762,"commentCount":0,"publisher":{"@id":"https:\/\/www.time2plug.com\/page\/#organization"},"image":{"@id":"https:\/\/www.time2plug.com\/page\/supervision-energetique-comment-allier-renouvelables-et-recharge-electrique-avec-efficacite\/#primaryimage"},"thumbnailUrl":"https:\/\/www.time2plug.com\/page\/wp-content\/uploads\/2025\/02\/innovative-battery-technology-abstract-concept-illustration-scaled.jpg","articleSection":["Actualit\u00e9","Campings","Entreprises","H\u00f4tels","Installation Borne de recharge","Restaurants","RSE"],"inLanguage":"fr-FR","potentialAction":[{"@type":"CommentAction","name":"Comment","target":["https:\/\/www.time2plug.com\/page\/supervision-energetique-comment-allier-renouvelables-et-recharge-electrique-avec-efficacite\/#respond"]}]},{"@type":"WebPage","@id":"https:\/\/www.time2plug.com\/page\/supervision-energetique-comment-allier-renouvelables-et-recharge-electrique-avec-efficacite\/","url":"https:\/\/www.time2plug.com\/page\/supervision-energetique-comment-allier-renouvelables-et-recharge-electrique-avec-efficacite\/","name":"Supervision \u00e9nerg\u00e9tique : comment allier renouvelables et recharge \u00e9lectrique avec efficacit\u00e9 ?","isPartOf":{"@id":"https:\/\/www.time2plug.com\/page\/#website"},"primaryImageOfPage":{"@id":"https:\/\/www.time2plug.com\/page\/supervision-energetique-comment-allier-renouvelables-et-recharge-electrique-avec-efficacite\/#primaryimage"},"image":{"@id":"https:\/\/www.time2plug.com\/page\/supervision-energetique-comment-allier-renouvelables-et-recharge-electrique-avec-efficacite\/#primaryimage"},"thumbnailUrl":"https:\/\/www.time2plug.com\/page\/wp-content\/uploads\/2025\/02\/innovative-battery-technology-abstract-concept-illustration-scaled.jpg","datePublished":"2025-02-24T08:51:46+00:00","dateModified":"2025-02-24T08:51:47+00:00","description":"Supervision \u00e9nerg\u00e9tique : comment allier renouvelables et recharge \u00e9lectrique avec efficacit\u00e9 ? Les cl\u00e9s d\u2019une gestion optimis\u00e9e et durable !","breadcrumb":{"@id":"https:\/\/www.time2plug.com\/page\/supervision-energetique-comment-allier-renouvelables-et-recharge-electrique-avec-efficacite\/#breadcrumb"},"inLanguage":"fr-FR","potentialAction":[{"@type":"ReadAction","target":["https:\/\/www.time2plug.com\/page\/supervision-energetique-comment-allier-renouvelables-et-recharge-electrique-avec-efficacite\/"]}]},{"@type":"ImageObject","inLanguage":"fr-FR","@id":"https:\/\/www.time2plug.com\/page\/supervision-energetique-comment-allier-renouvelables-et-recharge-electrique-avec-efficacite\/#primaryimage","url":"https:\/\/www.time2plug.com\/page\/wp-content\/uploads\/2025\/02\/innovative-battery-technology-abstract-concept-illustration-scaled.jpg","contentUrl":"https:\/\/www.time2plug.com\/page\/wp-content\/uploads\/2025\/02\/innovative-battery-technology-abstract-concept-illustration-scaled.jpg","width":2560,"height":1440,"caption":"Innovative battery technology abstract concept vector illustration. Energy saving technology, battery creation, innovative science project, economy, eco-friendly fast charging abstract metaphor."},{"@type":"BreadcrumbList","@id":"https:\/\/www.time2plug.com\/page\/supervision-energetique-comment-allier-renouvelables-et-recharge-electrique-avec-efficacite\/#breadcrumb","itemListElement":[{"@type":"ListItem","position":1,"name":"Accueil","item":"https:\/\/www.time2plug.com\/page\/"},{"@type":"ListItem","position":2,"name":"Supervision \u00e9nerg\u00e9tique : comment allier renouvelables et recharge \u00e9lectrique avec efficacit\u00e9 ?"}]},{"@type":"WebSite","@id":"https:\/\/www.time2plug.com\/page\/#website","url":"https:\/\/www.time2plug.com\/page\/","name":"Time2plug","description":"Installation et gestion de bornes recharge pour voitures \u00e9lectriques","publisher":{"@id":"https:\/\/www.time2plug.com\/page\/#organization"},"alternateName":"Bornes de recharge pour voitures \u00e9lectriques","potentialAction":[{"@type":"SearchAction","target":{"@type":"EntryPoint","urlTemplate":"https:\/\/www.time2plug.com\/page\/?s={search_term_string}"},"query-input":{"@type":"PropertyValueSpecification","valueRequired":true,"valueName":"search_term_string"}}],"inLanguage":"fr-FR"},{"@type":"Organization","@id":"https:\/\/www.time2plug.com\/page\/#organization","name":"Time2plug","alternateName":"Bornes de recharge pour voitures \u00e9lectriques","url":"https:\/\/www.time2plug.com\/page\/","logo":{"@type":"ImageObject","inLanguage":"fr-FR","@id":"https:\/\/www.time2plug.com\/page\/#\/schema\/logo\/image\/","url":"https:\/\/www.time2plug.com\/page\/wp-content\/uploads\/2025\/04\/T2P-Blanc_Background-Orange.png","contentUrl":"https:\/\/www.time2plug.com\/page\/wp-content\/uploads\/2025\/04\/T2P-Blanc_Background-Orange.png","width":300,"height":300,"caption":"Time2plug"},"image":{"@id":"https:\/\/www.time2plug.com\/page\/#\/schema\/logo\/image\/"},"sameAs":["https:\/\/www.linkedin.com\/company\/time2plug\/"]},{"@type":"Person","@id":"https:\/\/www.time2plug.com\/page\/#\/schema\/person\/539b6aabfd255f20a3b9456285b9c81a","name":"Lou N\u00e9mard","image":{"@type":"ImageObject","inLanguage":"fr-FR","@id":"https:\/\/secure.gravatar.com\/avatar\/916760b7331d513c0d331643a2db0b425c4f4d5e1ae0a0fd832b438a77018a43?s=96&d=mm&r=g","url":"https:\/\/secure.gravatar.com\/avatar\/916760b7331d513c0d331643a2db0b425c4f4d5e1ae0a0fd832b438a77018a43?s=96&d=mm&r=g","contentUrl":"https:\/\/secure.gravatar.com\/avatar\/916760b7331d513c0d331643a2db0b425c4f4d5e1ae0a0fd832b438a77018a43?s=96&d=mm&r=g","caption":"Lou N\u00e9mard"}}]}},"_links":{"self":[{"href":"https:\/\/www.time2plug.com\/page\/wp-json\/wp\/v2\/posts\/15895","targetHints":{"allow":["GET"]}}],"collection":[{"href":"https:\/\/www.time2plug.com\/page\/wp-json\/wp\/v2\/posts"}],"about":[{"href":"https:\/\/www.time2plug.com\/page\/wp-json\/wp\/v2\/types\/post"}],"author":[{"embeddable":true,"href":"https:\/\/www.time2plug.com\/page\/wp-json\/wp\/v2\/users\/15"}],"replies":[{"embeddable":true,"href":"https:\/\/www.time2plug.com\/page\/wp-json\/wp\/v2\/comments?post=15895"}],"version-history":[{"count":0,"href":"https:\/\/www.time2plug.com\/page\/wp-json\/wp\/v2\/posts\/15895\/revisions"}],"wp:featuredmedia":[{"embeddable":true,"href":"https:\/\/www.time2plug.com\/page\/wp-json\/wp\/v2\/media\/15898"}],"wp:attachment":[{"href":"https:\/\/www.time2plug.com\/page\/wp-json\/wp\/v2\/media?parent=15895"}],"wp:term":[{"taxonomy":"category","embeddable":true,"href":"https:\/\/www.time2plug.com\/page\/wp-json\/wp\/v2\/categories?post=15895"},{"taxonomy":"post_tag","embeddable":true,"href":"https:\/\/www.time2plug.com\/page\/wp-json\/wp\/v2\/tags?post=15895"}],"curies":[{"name":"wp","href":"https:\/\/api.w.org\/{rel}","templated":true}]}}