{"id":16043,"date":"2025-03-05T15:07:37","date_gmt":"2025-03-05T14:07:37","guid":{"rendered":"https:\/\/www.time2plug.com\/page\/?p=16043"},"modified":"2025-03-05T15:11:49","modified_gmt":"2025-03-05T14:11:49","slug":"parkings-electriques-une-infrastructure-cle-pour-un-futur-plus-vert","status":"publish","type":"post","link":"https:\/\/www.time2plug.com\/page\/parkings-electriques-une-infrastructure-cle-pour-un-futur-plus-vert\/","title":{"rendered":"Parkings \u00e9lectriques : une infrastructure cl\u00e9 pour un futur plus vert"},"content":{"rendered":"\t\t<div data-elementor-type=\"wp-post\" data-elementor-id=\"16043\" class=\"elementor elementor-16043\" data-elementor-post-type=\"post\">\n\t\t\t\t\t\t<section class=\"elementor-section elementor-top-section elementor-element elementor-element-6fd04b4 elementor-section-boxed elementor-section-height-default elementor-section-height-default\" data-id=\"6fd04b4\" data-element_type=\"section\" data-e-type=\"section\">\n\t\t\t\t\t\t<div class=\"elementor-container elementor-column-gap-default\">\n\t\t\t\t\t<div class=\"elementor-column elementor-col-100 elementor-top-column elementor-element elementor-element-45e7aad\" data-id=\"45e7aad\" data-element_type=\"column\" data-e-type=\"column\">\n\t\t\t<div class=\"elementor-widget-wrap elementor-element-populated\">\n\t\t\t\t\t\t<div class=\"elementor-element elementor-element-0632aa5 elementor-widget elementor-widget-text-editor\" data-id=\"0632aa5\" data-element_type=\"widget\" data-e-type=\"widget\" data-widget_type=\"text-editor.default\">\n\t\t\t\t<div class=\"elementor-widget-container\">\n\t\t\t\t\t\t\t\t\t<p data-pm-slice=\"1 1 []\">Le d\u00e9veloppement de l\u2019\u00e9lectromobilit\u00e9 conduit les infrastructures de recharge \u00e0 devenir un acteur primordial dans la transition \u00e9nerg\u00e9tique. Pour les particuliers, les entreprises et les collectivit\u00e9s, les parkings dot\u00e9s de bornes de recharge jouent un r\u00f4le d\u00e9terminant, voire m\u00eame crucial. Parkings \u00e9lectriques : une infrastructure cl\u00e9 pour un futur plus vert! Ensuite Parkings \u00e9lectriques : une infrastructure cl\u00e9 pour un futur plus vert. Enfin Parkings \u00e9lectriques : une infrastructure cl\u00e9 pour un futur plus vert. <em>D\u2019abord; <\/em><em>d\u2019une part ; <\/em><em>en premier lieu ; <\/em><em>pour commencer ; <\/em><em>pour d\u00e9buter ; <\/em><em>premi\u00e8rement ; <\/em><em>en premier lieu ; <\/em><em>en tout premier lieu; <\/em><em>tout d\u2019abord<\/em><\/p>\t\t\t\t\t\t\t\t<\/div>\n\t\t\t\t<\/div>\n\t\t\t\t<div class=\"elementor-element elementor-element-0a0e849 elementor-widget elementor-widget-text-editor\" data-id=\"0a0e849\" data-element_type=\"widget\" data-e-type=\"widget\" data-widget_type=\"text-editor.default\">\n\t\t\t\t<div class=\"elementor-widget-container\">\n\t\t\t\t\t\t\t\t\t<p>Le d\u00e9veloppement de l\u2019\u00e9lectromobilit\u00e9 conduit les infrastructures de recharge \u00e0 devenir un acteur primordial dans la transition \u00e9nerg\u00e9tique. Pour les particuliers, les entreprises et les collectivit\u00e9s, les parkings dot\u00e9s de bornes de recharge jouent un r\u00f4le d\u00e9terminant, voire m\u00eame crucial. Dans cet article, nous r\u00e9pondrons aux questions essentielles, telles que : quels sont les principes de base du fonctionnement de ces parkings, \u00e0 quels obstacles sont-ils actuellement confront\u00e9s, et \u00e0 quelles tendances ce segment du march\u00e9 est-il expos\u00e9 dans les ann\u00e9es \u00e0 venir ?<\/p>\t\t\t\t\t\t\t\t<\/div>\n\t\t\t\t<\/div>\n\t\t\t\t\t<\/div>\n\t\t<\/div>\n\t\t\t\t\t<\/div>\n\t\t<\/section>\n\t\t\t\t<section class=\"elementor-section elementor-top-section elementor-element elementor-element-2620e2d elementor-section-boxed elementor-section-height-default elementor-section-height-default\" data-id=\"2620e2d\" data-element_type=\"section\" data-e-type=\"section\">\n\t\t\t\t\t\t<div class=\"elementor-container elementor-column-gap-default\">\n\t\t\t\t\t<div class=\"elementor-column elementor-col-100 elementor-top-column elementor-element elementor-element-6536bea\" data-id=\"6536bea\" data-element_type=\"column\" data-e-type=\"column\">\n\t\t\t<div class=\"elementor-widget-wrap elementor-element-populated\">\n\t\t\t\t\t\t<div class=\"elementor-element elementor-element-e965144 elementor-widget elementor-widget-text-editor\" data-id=\"e965144\" data-element_type=\"widget\" data-e-type=\"widget\" data-widget_type=\"text-editor.default\">\n\t\t\t\t<div class=\"elementor-widget-container\">\n\t\t\t\t\t\t\t\t\t<p><a style=\"color: #2e89a8;\" href=\"https:\/\/www.linkedin.com\/company\/time2plug\/mycompany\/?viewAsMember=true\"><b>Retrouvez-nous sur <span style=\"text-decoration: underline;\">Linkedin !<\/span><\/b><br \/><\/a><\/p>\t\t\t\t\t\t\t\t<\/div>\n\t\t\t\t<\/div>\n\t\t\t\t<div class=\"elementor-element elementor-element-d52e77a elementor-widget elementor-widget-image\" data-id=\"d52e77a\" data-element_type=\"widget\" data-e-type=\"widget\" data-widget_type=\"image.default\">\n\t\t\t\t<div class=\"elementor-widget-container\">\n\t\t\t\t\t\t\t\t\t\t\t\t<figure class=\"wp-caption\">\n\t\t\t\t\t\t\t\t\t\t<img fetchpriority=\"high\" decoding=\"async\" width=\"1024\" height=\"576\" src=\"https:\/\/www.time2plug.com\/page\/wp-content\/uploads\/2025\/03\/Les-voitures-electriques-sont-rechargees-sur-un-parking-grace-a-lenergie-solaire-1024x576.jpg\" class=\"attachment-large size-large wp-image-16044\" alt=\"Les voitures \u00e9lectriques sont recharg\u00e9es sur un parking gr\u00e2ce \u00e0 l&#039;\u00e9nergie solaire.\" srcset=\"https:\/\/www.time2plug.com\/page\/wp-content\/uploads\/2025\/03\/Les-voitures-electriques-sont-rechargees-sur-un-parking-grace-a-lenergie-solaire-1024x576.jpg 1024w, https:\/\/www.time2plug.com\/page\/wp-content\/uploads\/2025\/03\/Les-voitures-electriques-sont-rechargees-sur-un-parking-grace-a-lenergie-solaire-300x169.jpg 300w, https:\/\/www.time2plug.com\/page\/wp-content\/uploads\/2025\/03\/Les-voitures-electriques-sont-rechargees-sur-un-parking-grace-a-lenergie-solaire-768x432.jpg 768w, https:\/\/www.time2plug.com\/page\/wp-content\/uploads\/2025\/03\/Les-voitures-electriques-sont-rechargees-sur-un-parking-grace-a-lenergie-solaire-1536x864.jpg 1536w, https:\/\/www.time2plug.com\/page\/wp-content\/uploads\/2025\/03\/Les-voitures-electriques-sont-rechargees-sur-un-parking-grace-a-lenergie-solaire-2048x1152.jpg 2048w, https:\/\/www.time2plug.com\/page\/wp-content\/uploads\/2025\/03\/Les-voitures-electriques-sont-rechargees-sur-un-parking-grace-a-lenergie-solaire-800x450.jpg 800w\" sizes=\"(max-width: 1024px) 100vw, 1024px\" \/>\t\t\t\t\t\t\t\t\t\t\t<figcaption class=\"widget-image-caption wp-caption-text\"><\/figcaption>\n\t\t\t\t\t\t\t\t\t\t<\/figure>\n\t\t\t\t\t\t\t\t\t<\/div>\n\t\t\t\t<\/div>\n\t\t\t\t\t<\/div>\n\t\t<\/div>\n\t\t\t\t\t<\/div>\n\t\t<\/section>\n\t\t\t\t<section class=\"elementor-section elementor-top-section elementor-element elementor-element-1e6e9e1 elementor-section-boxed elementor-section-height-default elementor-section-height-default\" data-id=\"1e6e9e1\" data-element_type=\"section\" data-e-type=\"section\">\n\t\t\t\t\t\t<div class=\"elementor-container elementor-column-gap-default\">\n\t\t\t\t\t<div class=\"elementor-column elementor-col-100 elementor-top-column elementor-element elementor-element-0d7d202\" data-id=\"0d7d202\" data-element_type=\"column\" data-e-type=\"column\">\n\t\t\t<div class=\"elementor-widget-wrap elementor-element-populated\">\n\t\t\t\t\t\t<div class=\"elementor-element elementor-element-8be07f9 elementor-widget elementor-widget-heading\" data-id=\"8be07f9\" data-element_type=\"widget\" data-e-type=\"widget\" data-widget_type=\"heading.default\">\n\t\t\t\t<div class=\"elementor-widget-container\">\n\t\t\t\t\t<h2 class=\"elementor-heading-title elementor-size-default\">\u26a1 L'importance des parkings \u00e9lectriques dans la transition \u00e9nerg\u00e9tique<\/h2>\t\t\t\t<\/div>\n\t\t\t\t<\/div>\n\t\t\t\t<div class=\"elementor-element elementor-element-ea31b61 elementor-widget elementor-widget-text-editor\" data-id=\"ea31b61\" data-element_type=\"widget\" data-e-type=\"widget\" data-widget_type=\"text-editor.default\">\n\t\t\t\t<div class=\"elementor-widget-container\">\n\t\t\t\t\t\t\t\t\t<p>Le but du d\u00e9veloppement des v\u00e9hicules \u00e9lectriques est de dissiper la pr\u00e9dominance \u00e9crasante des <a href=\"https:\/\/fr.wikipedia.org\/wiki\/Combustible_fossile\"><strong>combustibles fossiles<\/strong><\/a> et de r\u00e9duire, dans la mesure du possible, le niveau des \u00e9missions de GES (gaz \u00e0 effet de serre). \u00c9videmment, pour s\u2019assurer du succ\u00e8s d\u2019un tel avenir et d\u2019une telle transition, l\u2019infrastructure de recharge devrait \u00eatre suffisamment d\u00e9velopp\u00e9e. \u00c9tant donn\u00e9 que les parkings sont utilis\u00e9s pour le stationnement priv\u00e9 ou public, ils sont \u00e9quip\u00e9s d\u2019un acc\u00e8s \u00e0 l\u2019\u00e9nergie et constituent une solution id\u00e9ale pour susciter un int\u00e9r\u00eat envers l\u2019utilisation des voitures \u00e9lectriques. En d\u2019autres termes, les parkings constituent une solution id\u00e9ale en raison des infrastructures potentielles disponibles.<\/p>\t\t\t\t\t\t\t\t<\/div>\n\t\t\t\t<\/div>\n\t\t\t\t<div class=\"elementor-element elementor-element-00f1430 elementor-widget elementor-widget-heading\" data-id=\"00f1430\" data-element_type=\"widget\" data-e-type=\"widget\" data-widget_type=\"heading.default\">\n\t\t\t\t<div class=\"elementor-widget-container\">\n\t\t\t\t\t<h2 class=\"elementor-heading-title elementor-size-default\">\ud83d\udd0b Les diff\u00e9rents types de recharge disponibles<\/h2>\t\t\t\t<\/div>\n\t\t\t\t<\/div>\n\t\t\t\t<div class=\"elementor-element elementor-element-1a1cbce elementor-widget elementor-widget-text-editor\" data-id=\"1a1cbce\" data-element_type=\"widget\" data-e-type=\"widget\" data-widget_type=\"text-editor.default\">\n\t\t\t\t<div class=\"elementor-widget-container\">\n\t\t\t\t\t\t\t\t\t<p>Il existe plusieurs <a href=\"https:\/\/chargeguru.com\/fr\/fiches-pratiques\/type-borne-de-recharge\/\"><span style=\"text-decoration: underline;\"><strong>types de bornes<\/strong><\/span><\/a> install\u00e9es dans les parkings \u00e9lectriques, en fonction de la puissance et du temps de recharge souhait\u00e9s.<\/p><h3><strong>La recharge normale (3-7 kW)<\/strong><\/h3><ul><li>Adapt\u00e9e aux stationnements longue dur\u00e9e (bureaux, r\u00e9sidences).<\/li><li>Temps de recharge : entre 4 et 8 heures pour une charge compl\u00e8te.<\/li><\/ul><h3><strong>La recharge acc\u00e9l\u00e9r\u00e9e (11-22 kW)<\/strong><\/h3><ul><li>Id\u00e9ale pour les parkings commerciaux et urbains.<\/li><li>Recharge une batterie \u00e0 80 % en 2 \u00e0 4 heures.<\/li><\/ul><h3><strong>La recharge rapide (50 kW et plus)<\/strong><\/h3><ul><li>Principalement sur les aires d\u2019autoroute ou les parkings strat\u00e9giques.<\/li><li>Recharge en moins de 30 minutes, mais co\u00fbte plus cher en \u00e9nergie.<\/li><\/ul><h3><strong>La recharge ultra-rapide (100 kW et plus)<\/strong><\/h3><ul><li>D\u00e9di\u00e9e aux v\u00e9hicules compatibles, permet une recharge en 10 \u00e0 15 minutes.<\/li><li>Infrastructure co\u00fbteuse, souvent aliment\u00e9e par des batteries tampons ou des \u00e9nergies renouvelables.<\/li><\/ul><p><!-- notionvc: b06be62a-bd01-45ed-b3a8-4ad1086c37fa --><\/p>\t\t\t\t\t\t\t\t<\/div>\n\t\t\t\t<\/div>\n\t\t\t\t<div class=\"elementor-element elementor-element-fbfa58a elementor-widget elementor-widget-text-editor\" data-id=\"fbfa58a\" data-element_type=\"widget\" data-e-type=\"widget\" data-widget_type=\"text-editor.default\">\n\t\t\t\t<div class=\"elementor-widget-container\">\n\t\t\t\t\t\t\t\t\t<strong>\u00c0 <\/strong><b>lire aussi : <span style=\"text-decoration: underline;\"><a style=\"color: #2e89a8; text-decoration: underline;\" href=\"https:\/\/www.time2plug.com\/page\/supervision-energetique-comment-allier-renouvelables-et-recharge-electrique-avec-efficacite\/\">Supervision \u00e9nerg\u00e9tique : Comment allier renouvelables et recharge \u00e9lectrique avec \u00e9fficacit\u00e9 ?  <\/a><\/span><\/b>\t\t\t\t\t\t\t\t<\/div>\n\t\t\t\t<\/div>\n\t\t\t\t<div class=\"elementor-element elementor-element-e6a3e79 elementor-widget elementor-widget-heading\" data-id=\"e6a3e79\" data-element_type=\"widget\" data-e-type=\"widget\" data-widget_type=\"heading.default\">\n\t\t\t\t<div class=\"elementor-widget-container\">\n\t\t\t\t\t<h2 class=\"elementor-heading-title elementor-size-default\">\ud83c\udfd7\ufe0f Installation et r\u00e9glementation des parkings \u00e9lectriques<\/h2>\t\t\t\t<\/div>\n\t\t\t\t<\/div>\n\t\t\t\t<div class=\"elementor-element elementor-element-9a2a5dd elementor-widget elementor-widget-text-editor\" data-id=\"9a2a5dd\" data-element_type=\"widget\" data-e-type=\"widget\" data-widget_type=\"text-editor.default\">\n\t\t\t\t<div class=\"elementor-widget-container\">\n\t\t\t\t\t\t\t\t\t<p>Pour qu\u2019un parking \u00e9lectrique soit consid\u00e9r\u00e9 comme efficace, plusieurs param\u00e8tres sont \u00e0 prendre en compte:<\/p><ul><li><strong>L\u2019accessibilit\u00e9<\/strong>\u00a0: on parle ici de la proximit\u00e9 des usagers (centre-ville, entreprises, commerces, logements).<\/li><li><strong>La puissance disponible<\/strong>\u00a0: il est question de la capacit\u00e9 du r\u00e9seau \u00e9lectrique \u00e0 supporter plusieurs bornes en m\u00eame temps.<\/li><li><strong>La gestion intelligente<\/strong>\u00a0: c&rsquo;est l\u2019optimisation de la consommation gr\u00e2ce \u00e0 des syst\u00e8mes de gestion dynamique.<\/li><\/ul><h3>Les obligations r\u00e9glementaires en France<\/h3><h5>Loi LOM <span style=\"text-decoration: underline;\">(<a href=\"https:\/\/www.ecologie.gouv.fr\/loi-dorientation-des-mobilites\">Loi d\u2019Orientation des Mobilit\u00e9s<\/a>)<\/span><\/h5><p>Depuis 2025, les nouveaux parkings publics doivent installer une borne pour 20 places.<\/p><p>Les copropri\u00e9t\u00e9s, elles, ont d\u00e9sormais l&rsquo;obligation d&rsquo;autoriser ceux qui en font la demande \u00e0 r\u00e9aliser des installations priv\u00e9es via le \u00ab\u00a0<a href=\"https:\/\/www.ecologie.gouv.fr\/politiques-publiques\/developpement-nouveaux-equipements-reseaux-recharges-vehicules-electriques\"><span style=\"text-decoration: underline;\"><strong>droit \u00e0 la prise<\/strong><\/span><\/a>\u00ab\u00a0.<\/p><h5>Normes et subventions<\/h5><p>L\u2019\u00c9tat propose \u00e9galement plusieurs aides financi\u00e8res, comme le <a href=\"https:\/\/www.service-public.fr\/particuliers\/vosdroits\/F1224\"><span style=\"text-decoration: underline;\"><strong>Cr\u00e9dit d\u2019Imp\u00f4t pour la Transition \u00c9nerg\u00e9tique<\/strong><\/span><\/a> (CITE), mais aussi des subventions sp\u00e9cifiques pour les entreprises et autres collectivit\u00e9s.<\/p><p><!-- notionvc: e9feeca7-1ad1-4078-a227-a04d0826edd6 --><\/p>\t\t\t\t\t\t\t\t<\/div>\n\t\t\t\t<\/div>\n\t\t\t\t<div class=\"elementor-element elementor-element-4ba4e05 elementor-widget elementor-widget-heading\" data-id=\"4ba4e05\" data-element_type=\"widget\" data-e-type=\"widget\" data-widget_type=\"heading.default\">\n\t\t\t\t<div class=\"elementor-widget-container\">\n\t\t\t\t\t<h2 class=\"elementor-heading-title elementor-size-default\">\ud83d\udea7 Les d\u00e9fis du d\u00e9ploiement des parkings \u00e9lectriques<\/h2>\t\t\t\t<\/div>\n\t\t\t\t<\/div>\n\t\t\t\t<div class=\"elementor-element elementor-element-ce1c519 elementor-widget elementor-widget-text-editor\" data-id=\"ce1c519\" data-element_type=\"widget\" data-e-type=\"widget\" data-widget_type=\"text-editor.default\">\n\t\t\t\t<div class=\"elementor-widget-container\">\n\t\t\t\t\t\t\t\t\t<h3>Probl\u00e8mes techniques et financiers<\/h3><p>Enfin, il peut \u00e9galement y avoir des difficult\u00e9s techniques et financi\u00e8res. L\u2019accessibilit\u00e9 des bornes n\u2019est pas garantie, et le co\u00fbt d\u2019installation \u00e9lev\u00e9 est un frein \u00e0 l\u2019adoption. Par exemple, une seule borne de recharge rapide peut co\u00fbter entre 15 000 et 50 000 \u20ac en fonction de la puissance et des travaux d\u2019am\u00e9nagement n\u00e9cessaires.<\/p><p>Il ne faut pas oublier non plus que si l\u2019\u00e9nergie n\u2019est pas assez disponible pour que toutes les voitures soient recharg\u00e9es en m\u00eame temps, cela pourrait entra\u00eener des probl\u00e8mes de <span style=\"text-decoration: underline;\"><a href=\"https:\/\/www.energuide.be\/fr\/questions-reponses\/quest-ce-quune-surcharge-electrique\/1434\/#:~:text=Une%20surcharge%20%C3%A9lectrique%20se%20produit,%C3%A9lectricit%C3%A9%20sur%20la%20m%C3%AAme%20ligne.\"><strong>surcharge du r\u00e9seau.<\/strong><\/a><\/span><\/p><h3>Accessibilit\u00e9 et gestion des places<\/h3><p>Une occupation abusive des bornes peut \u00e9galement arriver. En effet, parfois, les utilisateurs laissent leur voiture branch\u00e9e bien apr\u00e8s la recharge compl\u00e8te.<\/p><p>Enfin, les places de recharge peuvent \u00eatre contr\u00f4l\u00e9es par des op\u00e9rateurs priv\u00e9s. La pluralit\u00e9 de ces op\u00e9rateurs peut \u00eatre un obstacle, car on ne peut pas disposer d\u2019un abonnement universel couvrant toutes les bornes.<\/p><p><!-- notionvc: ffb172cd-8da9-455e-87cf-d113af424c42 --><\/p>\t\t\t\t\t\t\t\t<\/div>\n\t\t\t\t<\/div>\n\t\t\t\t<div class=\"elementor-element elementor-element-ee2edf1 elementor-widget elementor-widget-text-editor\" data-id=\"ee2edf1\" data-element_type=\"widget\" data-e-type=\"widget\" data-widget_type=\"text-editor.default\">\n\t\t\t\t<div class=\"elementor-widget-container\">\n\t\t\t\t\t\t\t\t\t<strong>\u00c0 <\/strong><b>lire aussi : <span style=\"text-decoration: underline;\"><a style=\"color: #2e89a8; text-decoration: underline;\" href=\"https:\/\/www.time2plug.com\/page\/nos-conseils-pour-une-installation-rapide-et-sans-interruption-des-bornes-de-recharge\/\"> Nos conseils pour une installation rapide et sans interruption des bornes de recharge <\/a><\/span><\/b>\t\t\t\t\t\t\t\t<\/div>\n\t\t\t\t<\/div>\n\t\t\t\t<div class=\"elementor-element elementor-element-6b08821 elementor-widget elementor-widget-heading\" data-id=\"6b08821\" data-element_type=\"widget\" data-e-type=\"widget\" data-widget_type=\"heading.default\">\n\t\t\t\t<div class=\"elementor-widget-container\">\n\t\t\t\t\t<h2 class=\"elementor-heading-title elementor-size-default\">\ud83d\ude80 Les innovations et l\u2019avenir des parkings \u00e9lectriques<\/h2>\t\t\t\t<\/div>\n\t\t\t\t<\/div>\n\t\t\t\t<div class=\"elementor-element elementor-element-224b21e elementor-widget elementor-widget-text-editor\" data-id=\"224b21e\" data-element_type=\"widget\" data-e-type=\"widget\" data-widget_type=\"text-editor.default\">\n\t\t\t\t<div class=\"elementor-widget-container\">\n\t\t\t\t\t\t\t\t\t<h5><strong>Les batteries stationnaires<\/strong><\/h5><p>Certaines infrastructures utilisent des batteries de stockage (<a href=\"https:\/\/en.wikipedia.org\/wiki\/Tesla_Powerpack\"><span style=\"text-decoration: underline;\"><strong>Tesla Powerpack<\/strong><\/span><\/a>, solutions EDF) pour absorber l\u2019\u00e9nergie en heures creuses et la redistribuer en heures pleines.<\/p><h5><strong>L\u2019\u00e9nergie solaire int\u00e9gr\u00e9e<\/strong><\/h5><p>Des <a href=\"https:\/\/opera-energie.com\/ombriere-solaire\/\"><span style=\"text-decoration: underline;\"><strong>ombri\u00e8res photovolta\u00efques<\/strong><\/span><\/a> permettent de produire de l\u2019\u00e9nergie renouvelable pour alimenter les bornes directement.<\/p><h5><strong>Le r\u00f4le des smart grids dans la gestion \u00e9nerg\u00e9tique<\/strong><\/h5><p>Avec la hausse des v\u00e9hicules \u00e9lectriques, les infrastructures de recharge sont toujours plus sollicit\u00e9es. Il est alors n\u00e9cessaire de les optimiser gr\u00e2ce aux smart grids. En effet, les smart grids donnent l\u2019opportunit\u00e9 aux bornes de recharge d\u2019\u00e9changer des donn\u00e9es dynamiques entre elles, mais aussi avec leurs utilisateurs et leurs fournisseurs d\u2019\u00e9nergie.<\/p><p>Gr\u00e2ce \u00e0 ces algorithmes qui utilisent de l&rsquo;intelligence artificielle, il est possible d\u2019ajuster automatiquement la puissance de recharge en fonction de la demande, de la consommation, de la disponibilit\u00e9 du r\u00e9seau d\u2019\u00e9lectricit\u00e9 et des co\u00fbts \u00e9nerg\u00e9tiques en temps r\u00e9el. Cela permet d&rsquo;att\u00e9nuer la pression sur le r\u00e9seau aux heures de forte affluence.<\/p><p>Cela encourage \u00e9galement l\u2019usage des \u00e9nergies renouvelables en facturant les co\u00fbts exacts, mais aussi en conservant l\u2019\u00e9lectricit\u00e9 g\u00e9n\u00e9r\u00e9e aux heures creuses de la journ\u00e9e pour la redistribuer aux heures de pointe.<\/p><h5><strong>L\u2019int\u00e9gration des parkings \u00e9lectriques dans les b\u00e2timents intelligents<\/strong><\/h5><p>Les b\u00e2timents intelligents font en sorte d&rsquo;int\u00e9grer de plus en plus de parkings \u00e9lectriques pour \u00e9tendre leur \u00e9cosyst\u00e8me \u00e9nerg\u00e9tique. En combinaison avec des panneaux solaires sur les toits, des syst\u00e8mes de gestion de l\u2019\u00e9nergie qui incluent un capteur de mouvement mesurant \u00e9galement la qualit\u00e9 de l\u2019air, et des batteries du parking, ces parkings intelligents deviennent des p\u00f4les \u00e9nerg\u00e9tiques (hubs \u00e9nerg\u00e9tiques) capables de produire, stocker et redistribuer l\u2019\u00e9lectricit\u00e9 \u00e0 court terme, en fonction des besoins des principales industries clientes.<\/p><p>Par exemple, pour certains b\u00e2timents de bureaux \u00e9quip\u00e9s de parkings \u00e9lectriques, il est tout \u00e0 fait possible de prioriser les charges en fonction des employ\u00e9s ne pouvant, par exemple, pas se passer d\u2019une voiture de fonction, en tenant compte de la puissance de recharge n\u00e9cessaire \u00e0 leur besoin important ou urgent et en proportion avec le niveau d\u00e9j\u00e0 existant de charge \u00e0 bord.<\/p><p>\u00c0 long terme, ces infrastructures pourraient devenir le principal fournisseur direct d&rsquo;\u00e9lectricit\u00e9 de toutes les entreprises en cas de surplus d\u2019\u00e9nergie stock\u00e9e dans les batteries des v\u00e9hicules connect\u00e9s (Vehicle-to-Grid ou V2G), transformant ainsi les parkings en v\u00e9ritables acteurs de la transition \u00e9nerg\u00e9tique.<\/p><h5>L\u2019intelligence artificielle et la gestion dynamique<\/h5><p>Les syst\u00e8mes de bases pr\u00e9dictifs sont l\u00e0 afin d&rsquo;ajuster la distribution de l\u2019\u00e9lectricit\u00e9 en fonction des diff\u00e9rentes demandes pour emp\u00eacher les pics de consommation.<\/p><h5>La recharge sans fil<\/h5><p>Enfin, les avanc\u00e9es en charge par induction sont essentielles et pourraient r\u00e9volutionner les parkings de demain en supprimant les c\u00e2bles et en automatisant la recharge.<\/p><p><!-- notionvc: 43331312-75bb-432d-9370-df555fa3d03f --><\/p>\t\t\t\t\t\t\t\t<\/div>\n\t\t\t\t<\/div>\n\t\t\t\t<div class=\"elementor-element elementor-element-7ff6f7e elementor-widget elementor-widget-heading\" data-id=\"7ff6f7e\" data-element_type=\"widget\" data-e-type=\"widget\" data-widget_type=\"heading.default\">\n\t\t\t\t<div class=\"elementor-widget-container\">\n\t\t\t\t\t<h2 class=\"elementor-heading-title elementor-size-default\">\ud83d\udd0dUn enjeu central pour une mobilit\u00e9 durable<\/h2>\t\t\t\t<\/div>\n\t\t\t\t<\/div>\n\t\t\t\t<div class=\"elementor-element elementor-element-06dd48d elementor-widget elementor-widget-text-editor\" data-id=\"06dd48d\" data-element_type=\"widget\" data-e-type=\"widget\" data-widget_type=\"text-editor.default\">\n\t\t\t\t<div class=\"elementor-widget-container\">\n\t\t\t\t\t\t\t\t\t<p>Les parkings \u00e9lectriques seront la cl\u00e9 pour rendre la transition vers une mobilit\u00e9 propre plus rapide. Avec les bonnes infrastructures, les bonnes politiques gouvernementales et davantage d\u2019innovations, les parkings de vos entreprises peuvent devenir un \u00e9l\u00e9ment cl\u00e9 du syst\u00e8me pour garantir une recharge rapide et durable pour tous les v\u00e9hicules \u00e9lectriques de vos salari\u00e9s et autres clients.<\/p>\t\t\t\t\t\t\t\t<\/div>\n\t\t\t\t<\/div>\n\t\t\t\t<div class=\"elementor-element elementor-element-f7eef03 elementor-widget elementor-widget-text-editor\" data-id=\"f7eef03\" data-element_type=\"widget\" data-e-type=\"widget\" data-widget_type=\"text-editor.default\">\n\t\t\t\t<div class=\"elementor-widget-container\">\n\t\t\t\t\t\t\t\t\t<p><span style=\"font-size: 14px; font-style: normal; font-variant-ligatures: normal; font-variant-caps: normal; font-family: Poppins, sans-serif; font-weight: 600; color: #2e89a8;\">\u00c0\u00a0<\/span><span style=\"font-size: 14px; font-style: normal; font-variant-ligatures: normal; font-variant-caps: normal; font-family: Poppins, sans-serif; font-weight: bold; color: #2e89a8;\">lire aussi :\u00a0<\/span><b style=\"font-size: 14px;\"><span style=\"text-decoration-line: underline;\"><a style=\"color: #2e89a8;\" href=\"https:\/\/www.time2plug.com\/page\/la-supervision-chez-time2plug\/\">Le supervision chez Time2plug<\/a>\u00a0<\/span><\/b><\/p>\t\t\t\t\t\t\t\t<\/div>\n\t\t\t\t<\/div>\n\t\t\t\t<div class=\"elementor-element elementor-element-d6919aa elementor-widget elementor-widget-text-editor\" data-id=\"d6919aa\" data-element_type=\"widget\" data-e-type=\"widget\" data-widget_type=\"text-editor.default\">\n\t\t\t\t<div class=\"elementor-widget-container\">\n\t\t\t\t\t\t\t\t\t<p><strong>\ud83d\udd0e Vous souhaitez installer des bornes de recharge dans votre parking ?<\/strong><\/p><p>Chez Time2plug, nous vous assistons \u00e0 chaque \u00e9tape et vous proposons une solution pratique, cl\u00e9 en main. Contactez-nous pour d\u00e9couvrir nos solutions adapt\u00e9es \u00e0 vos besoins. Faites le choix de la mobilit\u00e9 \u00e9lectrique sans compromis sur la tranquillit\u00e9.<\/p><p><!-- notionvc: ccf25c2a-e455-4f26-9539-5e4b93ef2b0a --><\/p><p><!-- notionvc: 24a89d3e-003b-4b1b-be40-b0efb76efb66 --><\/p><p>\ud83d\udce9\u00a0<strong>Envie d\u2019en savoir plus\u00a0? Contactez-nous d\u00e8s aujourd\u2019hui pour d\u00e9couvrir nos solutions sur mesure et faire de votre \u00e9tablissement une destination incontournable.<\/strong><\/p><p><!-- notionvc: 29a7a85f-e32c-4ff4-883f-8b6fa22c1c04 --><\/p>\t\t\t\t\t\t\t\t<\/div>\n\t\t\t\t<\/div>\n\t\t\t\t\t<\/div>\n\t\t<\/div>\n\t\t\t\t\t<\/div>\n\t\t<\/section>\n\t\t\t\t<section class=\"elementor-section elementor-top-section elementor-element elementor-element-be2771b elementor-section-full_width elementor-section-height-default elementor-section-height-default\" data-id=\"be2771b\" data-element_type=\"section\" data-e-type=\"section\" data-settings=\"{&quot;background_background&quot;:&quot;classic&quot;}\">\n\t\t\t\t\t\t\t<div class=\"elementor-background-overlay\"><\/div>\n\t\t\t\t\t\t\t<div class=\"elementor-container elementor-column-gap-default\">\n\t\t\t\t\t<div class=\"elementor-column elementor-col-33 elementor-top-column elementor-element elementor-element-0e672a6\" data-id=\"0e672a6\" data-element_type=\"column\" data-e-type=\"column\">\n\t\t\t<div class=\"elementor-widget-wrap elementor-element-populated\">\n\t\t\t\t\t\t<div class=\"elementor-element elementor-element-879dd9a elementor-widget elementor-widget-image\" data-id=\"879dd9a\" data-element_type=\"widget\" data-e-type=\"widget\" data-widget_type=\"image.default\">\n\t\t\t\t<div class=\"elementor-widget-container\">\n\t\t\t\t\t\t\t\t\t\t\t\t\t\t\t<img decoding=\"async\" width=\"451\" height=\"480\" src=\"https:\/\/www.time2plug.com\/page\/wp-content\/uploads\/2025\/01\/Template-Nouvel-arrivant-1-1.png\" class=\"attachment-large size-large wp-image-15725\" alt=\"Ic\u00f4ne isom\u00e9trique de voiture isol\u00e9e sur fond blanc. V\u00e9hicule pour le transport de passagers, berline blanche avec vitres teint\u00e9es noires, voiture priv\u00e9e avec ombres et reflets.\" srcset=\"https:\/\/www.time2plug.com\/page\/wp-content\/uploads\/2025\/01\/Template-Nouvel-arrivant-1-1.png 451w, https:\/\/www.time2plug.com\/page\/wp-content\/uploads\/2025\/01\/Template-Nouvel-arrivant-1-1-282x300.png 282w\" sizes=\"(max-width: 451px) 100vw, 451px\" \/>\t\t\t\t\t\t\t\t\t\t\t\t\t\t\t<\/div>\n\t\t\t\t<\/div>\n\t\t\t\t\t<\/div>\n\t\t<\/div>\n\t\t\t\t<div class=\"elementor-column elementor-col-33 elementor-top-column elementor-element elementor-element-c9e3507\" data-id=\"c9e3507\" data-element_type=\"column\" data-e-type=\"column\">\n\t\t\t<div class=\"elementor-widget-wrap elementor-element-populated\">\n\t\t\t\t\t\t<div class=\"elementor-element elementor-element-83cb526 elementor-widget__width-initial elementor-widget elementor-widget-text-editor\" data-id=\"83cb526\" data-element_type=\"widget\" data-e-type=\"widget\" data-widget_type=\"text-editor.default\">\n\t\t\t\t<div class=\"elementor-widget-container\">\n\t\t\t\t\t\t\t\t\t<h3>Besoin d\u2019\u00e9quiper votre parking avec une solution de recharge ?<\/h3><p>Contactez-nous d\u00e8s aujourd\u2019hui pour installer une station de recharge\u00a0adapt\u00e9e \u00e0 vos besoins !\u26a1<\/p>\t\t\t\t\t\t\t\t<\/div>\n\t\t\t\t<\/div>\n\t\t\t\t\t<\/div>\n\t\t<\/div>\n\t\t\t\t<div class=\"elementor-column elementor-col-33 elementor-top-column elementor-element elementor-element-61cf275\" data-id=\"61cf275\" data-element_type=\"column\" data-e-type=\"column\">\n\t\t\t<div class=\"elementor-widget-wrap elementor-element-populated\">\n\t\t\t\t\t\t<div class=\"elementor-element elementor-element-8f3f6c3 elementor-align-justify elementor-widget elementor-widget-button\" data-id=\"8f3f6c3\" data-element_type=\"widget\" data-e-type=\"widget\" data-widget_type=\"button.default\">\n\t\t\t\t<div class=\"elementor-widget-container\">\n\t\t\t\t\t\t\t\t\t<div class=\"elementor-button-wrapper\">\n\t\t\t\t\t<a class=\"elementor-button elementor-button-link elementor-size-sm\" href=\"https:\/\/www.time2plug.com\/page\/borne-de-recharge-pour-entreprises\/\">\n\t\t\t\t\t\t<span class=\"elementor-button-content-wrapper\">\n\t\t\t\t\t\t\t\t\t<span class=\"elementor-button-text\">Demandez une simulation<\/span>\n\t\t\t\t\t<\/span>\n\t\t\t\t\t<\/a>\n\t\t\t\t<\/div>\n\t\t\t\t\t\t\t\t<\/div>\n\t\t\t\t<\/div>\n\t\t\t\t\t<\/div>\n\t\t<\/div>\n\t\t\t\t\t<\/div>\n\t\t<\/section>\n\t\t\t\t<\/div>\n\t\t","protected":false},"excerpt":{"rendered":"<p>Le d\u00e9veloppement de l\u2019\u00e9lectromobilit\u00e9 conduit les infrastructures de recharge \u00e0 devenir un acteur primordial dans la transition \u00e9nerg\u00e9tique. Pour les particuliers, les entreprises et les collectivit\u00e9s, les parkings dot\u00e9s de bornes de recharge jouent un r\u00f4le d\u00e9terminant, voire m\u00eame crucial. Parkings \u00e9lectriques : une infrastructure cl\u00e9 pour un futur plus vert! Ensuite Parkings \u00e9lectriques : [&hellip;]<\/p>\n","protected":false},"author":15,"featured_media":16044,"comment_status":"open","ping_status":"open","sticky":false,"template":"","format":"standard","meta":{"_monsterinsights_skip_tracking":false,"_monsterinsights_sitenote_active":false,"_monsterinsights_sitenote_note":"","_monsterinsights_sitenote_category":0,"ocean_post_layout":"","ocean_both_sidebars_style":"","ocean_both_sidebars_content_width":0,"ocean_both_sidebars_sidebars_width":0,"ocean_sidebar":"","ocean_second_sidebar":"","ocean_disable_margins":"enable","ocean_add_body_class":"","ocean_shortcode_before_top_bar":"","ocean_shortcode_after_top_bar":"","ocean_shortcode_before_header":"","ocean_shortcode_after_header":"","ocean_has_shortcode":"","ocean_shortcode_after_title":"","ocean_shortcode_before_footer_widgets":"","ocean_shortcode_after_footer_widgets":"","ocean_shortcode_before_footer_bottom":"","ocean_shortcode_after_footer_bottom":"","ocean_display_top_bar":"default","ocean_display_header":"default","ocean_header_style":"","ocean_center_header_left_menu":"","ocean_custom_header_template":"","ocean_custom_logo":0,"ocean_custom_retina_logo":0,"ocean_custom_logo_max_width":0,"ocean_custom_logo_tablet_max_width":0,"ocean_custom_logo_mobile_max_width":0,"ocean_custom_logo_max_height":0,"ocean_custom_logo_tablet_max_height":0,"ocean_custom_logo_mobile_max_height":0,"ocean_header_custom_menu":"","ocean_menu_typo_font_family":"","ocean_menu_typo_font_subset":"","ocean_menu_typo_font_size":0,"ocean_menu_typo_font_size_tablet":0,"ocean_menu_typo_font_size_mobile":0,"ocean_menu_typo_font_size_unit":"px","ocean_menu_typo_font_weight":"","ocean_menu_typo_font_weight_tablet":"","ocean_menu_typo_font_weight_mobile":"","ocean_menu_typo_transform":"","ocean_menu_typo_transform_tablet":"","ocean_menu_typo_transform_mobile":"","ocean_menu_typo_line_height":0,"ocean_menu_typo_line_height_tablet":0,"ocean_menu_typo_line_height_mobile":0,"ocean_menu_typo_line_height_unit":"","ocean_menu_typo_spacing":0,"ocean_menu_typo_spacing_tablet":0,"ocean_menu_typo_spacing_mobile":0,"ocean_menu_typo_spacing_unit":"","ocean_menu_link_color":"","ocean_menu_link_color_hover":"","ocean_menu_link_color_active":"","ocean_menu_link_background":"","ocean_menu_link_hover_background":"","ocean_menu_link_active_background":"","ocean_menu_social_links_bg":"","ocean_menu_social_hover_links_bg":"","ocean_menu_social_links_color":"","ocean_menu_social_hover_links_color":"","ocean_disable_title":"default","ocean_disable_heading":"default","ocean_post_title":"","ocean_post_subheading":"","ocean_post_title_style":"","ocean_post_title_background_color":"","ocean_post_title_background":0,"ocean_post_title_bg_image_position":"","ocean_post_title_bg_image_attachment":"","ocean_post_title_bg_image_repeat":"","ocean_post_title_bg_image_size":"","ocean_post_title_height":0,"ocean_post_title_bg_overlay":0.5,"ocean_post_title_bg_overlay_color":"","ocean_disable_breadcrumbs":"default","ocean_breadcrumbs_color":"","ocean_breadcrumbs_separator_color":"","ocean_breadcrumbs_links_color":"","ocean_breadcrumbs_links_hover_color":"","ocean_display_footer_widgets":"default","ocean_display_footer_bottom":"default","ocean_custom_footer_template":"","osh_disable_topbar_sticky":"default","osh_disable_header_sticky":"default","osh_sticky_header_style":"default","osh_sticky_header_effect":"","osh_custom_sticky_logo":0,"osh_custom_retina_sticky_logo":0,"osh_custom_sticky_logo_height":0,"osh_background_color":"","osh_links_color":"","osh_links_hover_color":"","osh_links_active_color":"","osh_links_bg_color":"","osh_links_hover_bg_color":"","osh_links_active_bg_color":"","osh_menu_social_links_color":"","osh_menu_social_hover_links_color":"","ocean_post_oembed":"","ocean_post_self_hosted_media":"","ocean_post_video_embed":"","ocean_link_format":"","ocean_link_format_target":"self","ocean_quote_format":"","ocean_quote_format_link":"post","ocean_gallery_link_images":"on","ocean_gallery_id":[],"footnotes":""},"categories":[13,15,12,24,14],"tags":[],"class_list":["post-16043","post","type-post","status-publish","format-standard","has-post-thumbnail","hentry","category-campings","category-entreprises","category-hotels","category-installation-borne-de-recharge","category-restaurants","entry","has-media"],"yoast_head":"<!-- This site is optimized with the Yoast SEO plugin v27.4 - https:\/\/yoast.com\/product\/yoast-seo-wordpress\/ -->\n<title>Parkings \u00e9lectriques : une infrastructure cl\u00e9 pour un futur plus vert<\/title>\n<meta name=\"description\" content=\"D\u00e9couvrez comment les parkings \u00e9lectriques : une infrastructure cl\u00e9 pour un futur plus vert favorisent la mobilit\u00e9 durable et la transition !\" \/>\n<meta name=\"robots\" content=\"index, follow, max-snippet:-1, max-image-preview:large, max-video-preview:-1\" \/>\n<link rel=\"canonical\" href=\"https:\/\/www.time2plug.com\/page\/parkings-electriques-une-infrastructure-cle-pour-un-futur-plus-vert\/\" \/>\n<meta property=\"og:locale\" content=\"fr_FR\" \/>\n<meta property=\"og:type\" content=\"article\" \/>\n<meta property=\"og:title\" content=\"Parkings \u00e9lectriques : une infrastructure cl\u00e9 pour un futur plus vert\" \/>\n<meta property=\"og:description\" content=\"D\u00e9couvrez comment les parkings \u00e9lectriques : une infrastructure cl\u00e9 pour un futur plus vert favorisent la mobilit\u00e9 durable et la transition !\" \/>\n<meta property=\"og:url\" content=\"https:\/\/www.time2plug.com\/page\/parkings-electriques-une-infrastructure-cle-pour-un-futur-plus-vert\/\" \/>\n<meta property=\"og:site_name\" content=\"Time2plug\" \/>\n<meta property=\"article:published_time\" content=\"2025-03-05T14:07:37+00:00\" \/>\n<meta property=\"article:modified_time\" content=\"2025-03-05T14:11:49+00:00\" \/>\n<meta property=\"og:image\" content=\"https:\/\/www.time2plug.com\/page\/wp-content\/uploads\/2025\/03\/Les-voitures-electriques-sont-rechargees-sur-un-parking-grace-a-lenergie-solaire-scaled.jpg\" \/>\n\t<meta property=\"og:image:width\" content=\"2560\" \/>\n\t<meta property=\"og:image:height\" content=\"1440\" \/>\n\t<meta property=\"og:image:type\" content=\"image\/jpeg\" \/>\n<meta name=\"author\" content=\"Lou N\u00e9mard\" \/>\n<meta name=\"twitter:card\" content=\"summary_large_image\" \/>\n<meta name=\"twitter:label1\" content=\"\u00c9crit par\" \/>\n\t<meta name=\"twitter:data1\" content=\"Lou N\u00e9mard\" \/>\n\t<meta name=\"twitter:label2\" content=\"Dur\u00e9e de lecture estim\u00e9e\" \/>\n\t<meta name=\"twitter:data2\" content=\"8 minutes\" \/>\n<script type=\"application\/ld+json\" class=\"yoast-schema-graph\">{\"@context\":\"https:\\\/\\\/schema.org\",\"@graph\":[{\"@type\":\"Article\",\"@id\":\"https:\\\/\\\/www.time2plug.com\\\/page\\\/parkings-electriques-une-infrastructure-cle-pour-un-futur-plus-vert\\\/#article\",\"isPartOf\":{\"@id\":\"https:\\\/\\\/www.time2plug.com\\\/page\\\/parkings-electriques-une-infrastructure-cle-pour-un-futur-plus-vert\\\/\"},\"author\":{\"name\":\"Lou N\u00e9mard\",\"@id\":\"https:\\\/\\\/www.time2plug.com\\\/page\\\/#\\\/schema\\\/person\\\/539b6aabfd255f20a3b9456285b9c81a\"},\"headline\":\"Parkings \u00e9lectriques : une infrastructure cl\u00e9 pour un futur plus vert\",\"datePublished\":\"2025-03-05T14:07:37+00:00\",\"dateModified\":\"2025-03-05T14:11:49+00:00\",\"mainEntityOfPage\":{\"@id\":\"https:\\\/\\\/www.time2plug.com\\\/page\\\/parkings-electriques-une-infrastructure-cle-pour-un-futur-plus-vert\\\/\"},\"wordCount\":1546,\"commentCount\":0,\"publisher\":{\"@id\":\"https:\\\/\\\/www.time2plug.com\\\/page\\\/#organization\"},\"image\":{\"@id\":\"https:\\\/\\\/www.time2plug.com\\\/page\\\/parkings-electriques-une-infrastructure-cle-pour-un-futur-plus-vert\\\/#primaryimage\"},\"thumbnailUrl\":\"https:\\\/\\\/www.time2plug.com\\\/page\\\/wp-content\\\/uploads\\\/2025\\\/03\\\/Les-voitures-electriques-sont-rechargees-sur-un-parking-grace-a-lenergie-solaire-scaled.jpg\",\"articleSection\":[\"Campings\",\"Entreprises\",\"H\u00f4tels\",\"Installation Borne de recharge\",\"Restaurants\"],\"inLanguage\":\"fr-FR\",\"potentialAction\":[{\"@type\":\"CommentAction\",\"name\":\"Comment\",\"target\":[\"https:\\\/\\\/www.time2plug.com\\\/page\\\/parkings-electriques-une-infrastructure-cle-pour-un-futur-plus-vert\\\/#respond\"]}]},{\"@type\":\"WebPage\",\"@id\":\"https:\\\/\\\/www.time2plug.com\\\/page\\\/parkings-electriques-une-infrastructure-cle-pour-un-futur-plus-vert\\\/\",\"url\":\"https:\\\/\\\/www.time2plug.com\\\/page\\\/parkings-electriques-une-infrastructure-cle-pour-un-futur-plus-vert\\\/\",\"name\":\"Parkings \u00e9lectriques : une infrastructure cl\u00e9 pour un futur plus vert\",\"isPartOf\":{\"@id\":\"https:\\\/\\\/www.time2plug.com\\\/page\\\/#website\"},\"primaryImageOfPage\":{\"@id\":\"https:\\\/\\\/www.time2plug.com\\\/page\\\/parkings-electriques-une-infrastructure-cle-pour-un-futur-plus-vert\\\/#primaryimage\"},\"image\":{\"@id\":\"https:\\\/\\\/www.time2plug.com\\\/page\\\/parkings-electriques-une-infrastructure-cle-pour-un-futur-plus-vert\\\/#primaryimage\"},\"thumbnailUrl\":\"https:\\\/\\\/www.time2plug.com\\\/page\\\/wp-content\\\/uploads\\\/2025\\\/03\\\/Les-voitures-electriques-sont-rechargees-sur-un-parking-grace-a-lenergie-solaire-scaled.jpg\",\"datePublished\":\"2025-03-05T14:07:37+00:00\",\"dateModified\":\"2025-03-05T14:11:49+00:00\",\"description\":\"D\u00e9couvrez comment les parkings \u00e9lectriques : une infrastructure cl\u00e9 pour un futur plus vert favorisent la mobilit\u00e9 durable et la transition !\",\"breadcrumb\":{\"@id\":\"https:\\\/\\\/www.time2plug.com\\\/page\\\/parkings-electriques-une-infrastructure-cle-pour-un-futur-plus-vert\\\/#breadcrumb\"},\"inLanguage\":\"fr-FR\",\"potentialAction\":[{\"@type\":\"ReadAction\",\"target\":[\"https:\\\/\\\/www.time2plug.com\\\/page\\\/parkings-electriques-une-infrastructure-cle-pour-un-futur-plus-vert\\\/\"]}]},{\"@type\":\"ImageObject\",\"inLanguage\":\"fr-FR\",\"@id\":\"https:\\\/\\\/www.time2plug.com\\\/page\\\/parkings-electriques-une-infrastructure-cle-pour-un-futur-plus-vert\\\/#primaryimage\",\"url\":\"https:\\\/\\\/www.time2plug.com\\\/page\\\/wp-content\\\/uploads\\\/2025\\\/03\\\/Les-voitures-electriques-sont-rechargees-sur-un-parking-grace-a-lenergie-solaire-scaled.jpg\",\"contentUrl\":\"https:\\\/\\\/www.time2plug.com\\\/page\\\/wp-content\\\/uploads\\\/2025\\\/03\\\/Les-voitures-electriques-sont-rechargees-sur-un-parking-grace-a-lenergie-solaire-scaled.jpg\",\"width\":2560,\"height\":1440,\"caption\":\"Les voitures \u00e9lectriques sont recharg\u00e9es sur un parking gr\u00e2ce \u00e0 l'\u00e9nergie solaire.\"},{\"@type\":\"BreadcrumbList\",\"@id\":\"https:\\\/\\\/www.time2plug.com\\\/page\\\/parkings-electriques-une-infrastructure-cle-pour-un-futur-plus-vert\\\/#breadcrumb\",\"itemListElement\":[{\"@type\":\"ListItem\",\"position\":1,\"name\":\"Accueil\",\"item\":\"https:\\\/\\\/www.time2plug.com\\\/page\\\/\"},{\"@type\":\"ListItem\",\"position\":2,\"name\":\"Parkings \u00e9lectriques : une infrastructure cl\u00e9 pour un futur plus vert\"}]},{\"@type\":\"WebSite\",\"@id\":\"https:\\\/\\\/www.time2plug.com\\\/page\\\/#website\",\"url\":\"https:\\\/\\\/www.time2plug.com\\\/page\\\/\",\"name\":\"Time2plug\",\"description\":\"Installation et gestion de bornes recharge pour voitures \u00e9lectriques\",\"publisher\":{\"@id\":\"https:\\\/\\\/www.time2plug.com\\\/page\\\/#organization\"},\"alternateName\":\"Bornes de recharge pour voitures \u00e9lectriques\",\"potentialAction\":[{\"@type\":\"SearchAction\",\"target\":{\"@type\":\"EntryPoint\",\"urlTemplate\":\"https:\\\/\\\/www.time2plug.com\\\/page\\\/?s={search_term_string}\"},\"query-input\":{\"@type\":\"PropertyValueSpecification\",\"valueRequired\":true,\"valueName\":\"search_term_string\"}}],\"inLanguage\":\"fr-FR\"},{\"@type\":\"Organization\",\"@id\":\"https:\\\/\\\/www.time2plug.com\\\/page\\\/#organization\",\"name\":\"Time2plug\",\"alternateName\":\"Bornes de recharge pour voitures \u00e9lectriques\",\"url\":\"https:\\\/\\\/www.time2plug.com\\\/page\\\/\",\"logo\":{\"@type\":\"ImageObject\",\"inLanguage\":\"fr-FR\",\"@id\":\"https:\\\/\\\/www.time2plug.com\\\/page\\\/#\\\/schema\\\/logo\\\/image\\\/\",\"url\":\"https:\\\/\\\/www.time2plug.com\\\/page\\\/wp-content\\\/uploads\\\/2025\\\/04\\\/T2P-Blanc_Background-Orange.png\",\"contentUrl\":\"https:\\\/\\\/www.time2plug.com\\\/page\\\/wp-content\\\/uploads\\\/2025\\\/04\\\/T2P-Blanc_Background-Orange.png\",\"width\":300,\"height\":300,\"caption\":\"Time2plug\"},\"image\":{\"@id\":\"https:\\\/\\\/www.time2plug.com\\\/page\\\/#\\\/schema\\\/logo\\\/image\\\/\"},\"sameAs\":[\"https:\\\/\\\/www.linkedin.com\\\/company\\\/time2plug\\\/\"]},{\"@type\":\"Person\",\"@id\":\"https:\\\/\\\/www.time2plug.com\\\/page\\\/#\\\/schema\\\/person\\\/539b6aabfd255f20a3b9456285b9c81a\",\"name\":\"Lou N\u00e9mard\",\"image\":{\"@type\":\"ImageObject\",\"inLanguage\":\"fr-FR\",\"@id\":\"https:\\\/\\\/secure.gravatar.com\\\/avatar\\\/916760b7331d513c0d331643a2db0b425c4f4d5e1ae0a0fd832b438a77018a43?s=96&d=mm&r=g\",\"url\":\"https:\\\/\\\/secure.gravatar.com\\\/avatar\\\/916760b7331d513c0d331643a2db0b425c4f4d5e1ae0a0fd832b438a77018a43?s=96&d=mm&r=g\",\"contentUrl\":\"https:\\\/\\\/secure.gravatar.com\\\/avatar\\\/916760b7331d513c0d331643a2db0b425c4f4d5e1ae0a0fd832b438a77018a43?s=96&d=mm&r=g\",\"caption\":\"Lou N\u00e9mard\"}}]}<\/script>\n<!-- \/ Yoast SEO plugin. -->","yoast_head_json":{"title":"Parkings \u00e9lectriques : une infrastructure cl\u00e9 pour un futur plus vert","description":"D\u00e9couvrez comment les parkings \u00e9lectriques : une infrastructure cl\u00e9 pour un futur plus vert favorisent la mobilit\u00e9 durable et la transition !","robots":{"index":"index","follow":"follow","max-snippet":"max-snippet:-1","max-image-preview":"max-image-preview:large","max-video-preview":"max-video-preview:-1"},"canonical":"https:\/\/www.time2plug.com\/page\/parkings-electriques-une-infrastructure-cle-pour-un-futur-plus-vert\/","og_locale":"fr_FR","og_type":"article","og_title":"Parkings \u00e9lectriques : une infrastructure cl\u00e9 pour un futur plus vert","og_description":"D\u00e9couvrez comment les parkings \u00e9lectriques : une infrastructure cl\u00e9 pour un futur plus vert favorisent la mobilit\u00e9 durable et la transition !","og_url":"https:\/\/www.time2plug.com\/page\/parkings-electriques-une-infrastructure-cle-pour-un-futur-plus-vert\/","og_site_name":"Time2plug","article_published_time":"2025-03-05T14:07:37+00:00","article_modified_time":"2025-03-05T14:11:49+00:00","og_image":[{"width":2560,"height":1440,"url":"https:\/\/www.time2plug.com\/page\/wp-content\/uploads\/2025\/03\/Les-voitures-electriques-sont-rechargees-sur-un-parking-grace-a-lenergie-solaire-scaled.jpg","type":"image\/jpeg"}],"author":"Lou N\u00e9mard","twitter_card":"summary_large_image","twitter_misc":{"\u00c9crit par":"Lou N\u00e9mard","Dur\u00e9e de lecture estim\u00e9e":"8 minutes"},"schema":{"@context":"https:\/\/schema.org","@graph":[{"@type":"Article","@id":"https:\/\/www.time2plug.com\/page\/parkings-electriques-une-infrastructure-cle-pour-un-futur-plus-vert\/#article","isPartOf":{"@id":"https:\/\/www.time2plug.com\/page\/parkings-electriques-une-infrastructure-cle-pour-un-futur-plus-vert\/"},"author":{"name":"Lou N\u00e9mard","@id":"https:\/\/www.time2plug.com\/page\/#\/schema\/person\/539b6aabfd255f20a3b9456285b9c81a"},"headline":"Parkings \u00e9lectriques : une infrastructure cl\u00e9 pour un futur plus vert","datePublished":"2025-03-05T14:07:37+00:00","dateModified":"2025-03-05T14:11:49+00:00","mainEntityOfPage":{"@id":"https:\/\/www.time2plug.com\/page\/parkings-electriques-une-infrastructure-cle-pour-un-futur-plus-vert\/"},"wordCount":1546,"commentCount":0,"publisher":{"@id":"https:\/\/www.time2plug.com\/page\/#organization"},"image":{"@id":"https:\/\/www.time2plug.com\/page\/parkings-electriques-une-infrastructure-cle-pour-un-futur-plus-vert\/#primaryimage"},"thumbnailUrl":"https:\/\/www.time2plug.com\/page\/wp-content\/uploads\/2025\/03\/Les-voitures-electriques-sont-rechargees-sur-un-parking-grace-a-lenergie-solaire-scaled.jpg","articleSection":["Campings","Entreprises","H\u00f4tels","Installation Borne de recharge","Restaurants"],"inLanguage":"fr-FR","potentialAction":[{"@type":"CommentAction","name":"Comment","target":["https:\/\/www.time2plug.com\/page\/parkings-electriques-une-infrastructure-cle-pour-un-futur-plus-vert\/#respond"]}]},{"@type":"WebPage","@id":"https:\/\/www.time2plug.com\/page\/parkings-electriques-une-infrastructure-cle-pour-un-futur-plus-vert\/","url":"https:\/\/www.time2plug.com\/page\/parkings-electriques-une-infrastructure-cle-pour-un-futur-plus-vert\/","name":"Parkings \u00e9lectriques : une infrastructure cl\u00e9 pour un futur plus vert","isPartOf":{"@id":"https:\/\/www.time2plug.com\/page\/#website"},"primaryImageOfPage":{"@id":"https:\/\/www.time2plug.com\/page\/parkings-electriques-une-infrastructure-cle-pour-un-futur-plus-vert\/#primaryimage"},"image":{"@id":"https:\/\/www.time2plug.com\/page\/parkings-electriques-une-infrastructure-cle-pour-un-futur-plus-vert\/#primaryimage"},"thumbnailUrl":"https:\/\/www.time2plug.com\/page\/wp-content\/uploads\/2025\/03\/Les-voitures-electriques-sont-rechargees-sur-un-parking-grace-a-lenergie-solaire-scaled.jpg","datePublished":"2025-03-05T14:07:37+00:00","dateModified":"2025-03-05T14:11:49+00:00","description":"D\u00e9couvrez comment les parkings \u00e9lectriques : une infrastructure cl\u00e9 pour un futur plus vert favorisent la mobilit\u00e9 durable et la transition !","breadcrumb":{"@id":"https:\/\/www.time2plug.com\/page\/parkings-electriques-une-infrastructure-cle-pour-un-futur-plus-vert\/#breadcrumb"},"inLanguage":"fr-FR","potentialAction":[{"@type":"ReadAction","target":["https:\/\/www.time2plug.com\/page\/parkings-electriques-une-infrastructure-cle-pour-un-futur-plus-vert\/"]}]},{"@type":"ImageObject","inLanguage":"fr-FR","@id":"https:\/\/www.time2plug.com\/page\/parkings-electriques-une-infrastructure-cle-pour-un-futur-plus-vert\/#primaryimage","url":"https:\/\/www.time2plug.com\/page\/wp-content\/uploads\/2025\/03\/Les-voitures-electriques-sont-rechargees-sur-un-parking-grace-a-lenergie-solaire-scaled.jpg","contentUrl":"https:\/\/www.time2plug.com\/page\/wp-content\/uploads\/2025\/03\/Les-voitures-electriques-sont-rechargees-sur-un-parking-grace-a-lenergie-solaire-scaled.jpg","width":2560,"height":1440,"caption":"Les voitures \u00e9lectriques sont recharg\u00e9es sur un parking gr\u00e2ce \u00e0 l'\u00e9nergie solaire."},{"@type":"BreadcrumbList","@id":"https:\/\/www.time2plug.com\/page\/parkings-electriques-une-infrastructure-cle-pour-un-futur-plus-vert\/#breadcrumb","itemListElement":[{"@type":"ListItem","position":1,"name":"Accueil","item":"https:\/\/www.time2plug.com\/page\/"},{"@type":"ListItem","position":2,"name":"Parkings \u00e9lectriques : une infrastructure cl\u00e9 pour un futur plus vert"}]},{"@type":"WebSite","@id":"https:\/\/www.time2plug.com\/page\/#website","url":"https:\/\/www.time2plug.com\/page\/","name":"Time2plug","description":"Installation et gestion de bornes recharge pour voitures \u00e9lectriques","publisher":{"@id":"https:\/\/www.time2plug.com\/page\/#organization"},"alternateName":"Bornes de recharge pour voitures \u00e9lectriques","potentialAction":[{"@type":"SearchAction","target":{"@type":"EntryPoint","urlTemplate":"https:\/\/www.time2plug.com\/page\/?s={search_term_string}"},"query-input":{"@type":"PropertyValueSpecification","valueRequired":true,"valueName":"search_term_string"}}],"inLanguage":"fr-FR"},{"@type":"Organization","@id":"https:\/\/www.time2plug.com\/page\/#organization","name":"Time2plug","alternateName":"Bornes de recharge pour voitures \u00e9lectriques","url":"https:\/\/www.time2plug.com\/page\/","logo":{"@type":"ImageObject","inLanguage":"fr-FR","@id":"https:\/\/www.time2plug.com\/page\/#\/schema\/logo\/image\/","url":"https:\/\/www.time2plug.com\/page\/wp-content\/uploads\/2025\/04\/T2P-Blanc_Background-Orange.png","contentUrl":"https:\/\/www.time2plug.com\/page\/wp-content\/uploads\/2025\/04\/T2P-Blanc_Background-Orange.png","width":300,"height":300,"caption":"Time2plug"},"image":{"@id":"https:\/\/www.time2plug.com\/page\/#\/schema\/logo\/image\/"},"sameAs":["https:\/\/www.linkedin.com\/company\/time2plug\/"]},{"@type":"Person","@id":"https:\/\/www.time2plug.com\/page\/#\/schema\/person\/539b6aabfd255f20a3b9456285b9c81a","name":"Lou N\u00e9mard","image":{"@type":"ImageObject","inLanguage":"fr-FR","@id":"https:\/\/secure.gravatar.com\/avatar\/916760b7331d513c0d331643a2db0b425c4f4d5e1ae0a0fd832b438a77018a43?s=96&d=mm&r=g","url":"https:\/\/secure.gravatar.com\/avatar\/916760b7331d513c0d331643a2db0b425c4f4d5e1ae0a0fd832b438a77018a43?s=96&d=mm&r=g","contentUrl":"https:\/\/secure.gravatar.com\/avatar\/916760b7331d513c0d331643a2db0b425c4f4d5e1ae0a0fd832b438a77018a43?s=96&d=mm&r=g","caption":"Lou N\u00e9mard"}}]}},"_links":{"self":[{"href":"https:\/\/www.time2plug.com\/page\/wp-json\/wp\/v2\/posts\/16043","targetHints":{"allow":["GET"]}}],"collection":[{"href":"https:\/\/www.time2plug.com\/page\/wp-json\/wp\/v2\/posts"}],"about":[{"href":"https:\/\/www.time2plug.com\/page\/wp-json\/wp\/v2\/types\/post"}],"author":[{"embeddable":true,"href":"https:\/\/www.time2plug.com\/page\/wp-json\/wp\/v2\/users\/15"}],"replies":[{"embeddable":true,"href":"https:\/\/www.time2plug.com\/page\/wp-json\/wp\/v2\/comments?post=16043"}],"version-history":[{"count":0,"href":"https:\/\/www.time2plug.com\/page\/wp-json\/wp\/v2\/posts\/16043\/revisions"}],"wp:featuredmedia":[{"embeddable":true,"href":"https:\/\/www.time2plug.com\/page\/wp-json\/wp\/v2\/media\/16044"}],"wp:attachment":[{"href":"https:\/\/www.time2plug.com\/page\/wp-json\/wp\/v2\/media?parent=16043"}],"wp:term":[{"taxonomy":"category","embeddable":true,"href":"https:\/\/www.time2plug.com\/page\/wp-json\/wp\/v2\/categories?post=16043"},{"taxonomy":"post_tag","embeddable":true,"href":"https:\/\/www.time2plug.com\/page\/wp-json\/wp\/v2\/tags?post=16043"}],"curies":[{"name":"wp","href":"https:\/\/api.w.org\/{rel}","templated":true}]}}