{"id":16141,"date":"2025-03-21T15:42:16","date_gmt":"2025-03-21T14:42:16","guid":{"rendered":"https:\/\/www.time2plug.com\/page\/?p=16141"},"modified":"2025-04-30T15:00:17","modified_gmt":"2025-04-30T13:00:17","slug":"bornes-de-recharge-en-sous-sol-un-defi-technique-a-relever","status":"publish","type":"post","link":"https:\/\/www.time2plug.com\/page\/bornes-de-recharge-en-sous-sol-un-defi-technique-a-relever\/","title":{"rendered":"Bornes de recharge en sous-sol : un d\u00e9fi technique \u00e0 relever"},"content":{"rendered":"\t\t<div data-elementor-type=\"wp-post\" data-elementor-id=\"16141\" class=\"elementor elementor-16141\" data-elementor-post-type=\"post\">\n\t\t\t\t\t\t<section class=\"elementor-section elementor-top-section elementor-element elementor-element-6fd04b4 elementor-section-boxed elementor-section-height-default elementor-section-height-default\" data-id=\"6fd04b4\" data-element_type=\"section\" data-e-type=\"section\">\n\t\t\t\t\t\t<div class=\"elementor-container elementor-column-gap-default\">\n\t\t\t\t\t<div class=\"elementor-column elementor-col-100 elementor-top-column elementor-element elementor-element-45e7aad\" data-id=\"45e7aad\" data-element_type=\"column\" data-e-type=\"column\">\n\t\t\t<div class=\"elementor-widget-wrap elementor-element-populated\">\n\t\t\t\t\t\t<div class=\"elementor-element elementor-element-0632aa5 elementor-widget elementor-widget-text-editor\" data-id=\"0632aa5\" data-element_type=\"widget\" data-e-type=\"widget\" data-widget_type=\"text-editor.default\">\n\t\t\t\t<div class=\"elementor-widget-container\">\n\t\t\t\t\t\t\t\t\t<p data-pm-slice=\"1 1 []\">L\u2019expansion de la mobilit\u00e9 \u00e9lectrique d\u00e9pend g\u00e9n\u00e9ralement de l\u2019efficacit\u00e9 et de l\u2019accessibilit\u00e9 du r\u00e9seau de recharge. N\u00e9anmoins, les r\u00e9gions rurales doivent faire face \u00e0 certains d\u00e9fis majeurs lorsqu\u2019il s\u2019agit de leur surveillance et d&rsquo;une mise en \u0153uvre rentable. Bornes de recharge en sous-sol : un d\u00e9fi technique \u00e0 relever. Alors bornes de recharge en sous-sol : un d\u00e9fi technique \u00e0 relever. Enfin bornes de recharge en sous-sol : un d\u00e9fi technique \u00e0 relever. <em>D\u2019abord; <\/em><em>d\u2019une part ; <\/em><em>en premier lieu ; <\/em><em>pour commencer ; <\/em><em>pour d\u00e9buter ; <\/em><em>premi\u00e8rement ; <\/em><em>en premier lieu ; <\/em><em>en tout premier lieu; <\/em><em>tout d\u2019abord<\/em><\/p>\t\t\t\t\t\t\t\t<\/div>\n\t\t\t\t<\/div>\n\t\t\t\t<div class=\"elementor-element elementor-element-0a0e849 elementor-widget elementor-widget-text-editor\" data-id=\"0a0e849\" data-element_type=\"widget\" data-e-type=\"widget\" data-widget_type=\"text-editor.default\">\n\t\t\t\t<div class=\"elementor-widget-container\">\n\t\t\t\t\t\t\t\t\t<p>Les bornes de charge sont des perspectives essentielles pour soutenir la <a href=\"https:\/\/www.ecologie.gouv.fr\/politiques-publiques\/developper-vehicules-electriques\"><span style=\"text-decoration: underline;\"><strong>transition vers la mobilit\u00e9 \u00e9lectrique<\/strong><\/span><\/a>, mais elles suscitent des enjeux techniques, r\u00e9glementaires et des pr\u00e9occupations \u00e9conomiques en raison de la nature des parkings en espaces ferm\u00e9s. Ces contraintes susmentionn\u00e9es et d\u2019autres doivent \u00eatre alors abord\u00e9es d\u00e8s maintenant pour d\u00e9terminer comment elles peuvent \u00eatre envisag\u00e9es pour un meilleur d\u00e9ploiement.<\/p>\t\t\t\t\t\t\t\t<\/div>\n\t\t\t\t<\/div>\n\t\t\t\t\t<\/div>\n\t\t<\/div>\n\t\t\t\t\t<\/div>\n\t\t<\/section>\n\t\t\t\t<section class=\"elementor-section elementor-top-section elementor-element elementor-element-2620e2d elementor-section-boxed elementor-section-height-default elementor-section-height-default\" data-id=\"2620e2d\" data-element_type=\"section\" data-e-type=\"section\">\n\t\t\t\t\t\t<div class=\"elementor-container elementor-column-gap-default\">\n\t\t\t\t\t<div class=\"elementor-column elementor-col-100 elementor-top-column elementor-element elementor-element-6536bea\" data-id=\"6536bea\" data-element_type=\"column\" data-e-type=\"column\">\n\t\t\t<div class=\"elementor-widget-wrap elementor-element-populated\">\n\t\t\t\t\t\t<div class=\"elementor-element elementor-element-e965144 elementor-widget elementor-widget-text-editor\" data-id=\"e965144\" data-element_type=\"widget\" data-e-type=\"widget\" data-widget_type=\"text-editor.default\">\n\t\t\t\t<div class=\"elementor-widget-container\">\n\t\t\t\t\t\t\t\t\t<p><a style=\"color: #2e89a8;\" href=\"https:\/\/www.linkedin.com\/company\/time2plug\/mycompany\/?viewAsMember=true\"><b>Retrouvez-nous sur <span style=\"text-decoration: underline;\">Linkedin !<\/span><\/b><br \/><\/a><\/p>\t\t\t\t\t\t\t\t<\/div>\n\t\t\t\t<\/div>\n\t\t\t\t<div class=\"elementor-element elementor-element-d52e77a elementor-widget elementor-widget-image\" data-id=\"d52e77a\" data-element_type=\"widget\" data-e-type=\"widget\" data-widget_type=\"image.default\">\n\t\t\t\t<div class=\"elementor-widget-container\">\n\t\t\t\t\t\t\t\t\t\t\t\t<figure class=\"wp-caption\">\n\t\t\t\t\t\t\t\t\t\t<img fetchpriority=\"high\" decoding=\"async\" width=\"1000\" height=\"668\" src=\"https:\/\/www.time2plug.com\/page\/wp-content\/uploads\/2025\/03\/parking-souterrain-moderne.jpg\" class=\"attachment-large size-large wp-image-16143\" alt=\"parking souterrain moderne, spacieux et bien \u00e9clair\u00e9, avec une ambiance futuriste accentu\u00e9e par des lumi\u00e8res bleut\u00e9es.\" srcset=\"https:\/\/www.time2plug.com\/page\/wp-content\/uploads\/2025\/03\/parking-souterrain-moderne.jpg 1000w, https:\/\/www.time2plug.com\/page\/wp-content\/uploads\/2025\/03\/parking-souterrain-moderne-300x200.jpg 300w, https:\/\/www.time2plug.com\/page\/wp-content\/uploads\/2025\/03\/parking-souterrain-moderne-768x513.jpg 768w\" sizes=\"(max-width: 1000px) 100vw, 1000px\" \/>\t\t\t\t\t\t\t\t\t\t\t<figcaption class=\"widget-image-caption wp-caption-text\"><\/figcaption>\n\t\t\t\t\t\t\t\t\t\t<\/figure>\n\t\t\t\t\t\t\t\t\t<\/div>\n\t\t\t\t<\/div>\n\t\t\t\t\t<\/div>\n\t\t<\/div>\n\t\t\t\t\t<\/div>\n\t\t<\/section>\n\t\t\t\t<section class=\"elementor-section elementor-top-section elementor-element elementor-element-1e6e9e1 elementor-section-boxed elementor-section-height-default elementor-section-height-default\" data-id=\"1e6e9e1\" data-element_type=\"section\" data-e-type=\"section\">\n\t\t\t\t\t\t<div class=\"elementor-container elementor-column-gap-default\">\n\t\t\t\t\t<div class=\"elementor-column elementor-col-100 elementor-top-column elementor-element elementor-element-0d7d202\" data-id=\"0d7d202\" data-element_type=\"column\" data-e-type=\"column\">\n\t\t\t<div class=\"elementor-widget-wrap elementor-element-populated\">\n\t\t\t\t\t\t<div class=\"elementor-element elementor-element-8be07f9 elementor-widget elementor-widget-heading\" data-id=\"8be07f9\" data-element_type=\"widget\" data-e-type=\"widget\" data-widget_type=\"heading.default\">\n\t\t\t\t<div class=\"elementor-widget-container\">\n\t\t\t\t\t<h2 class=\"elementor-heading-title elementor-size-default\">\u2699\ufe0f Contraintes techniques li\u00e9es aux parkings souterrains<\/h2>\t\t\t\t<\/div>\n\t\t\t\t<\/div>\n\t\t\t\t<div class=\"elementor-element elementor-element-ea31b61 elementor-widget elementor-widget-text-editor\" data-id=\"ea31b61\" data-element_type=\"widget\" data-e-type=\"widget\" data-widget_type=\"text-editor.default\">\n\t\t\t\t<div class=\"elementor-widget-container\">\n\t\t\t\t\t\t\t\t\t<h3><strong>\u26a1 Capacit\u00e9 \u00e9lectrique et gestion de la puissance<\/strong><\/h3><p>Comme mentionn\u00e9 plus haut, l&rsquo;un des principaux d\u00e9fis serait la disponibilit\u00e9 de la puissance \u00e9lectrique n\u00e9cessaire pour faire fonctionner correctement toutes ces bornes.<\/p><p>En fait, les infrastructures existantes des parkings souterrains ne sont pas forc\u00e9ment, et d&rsquo;ailleurs souvent, con\u00e7ues pour supporter des charges \u00e9lectriques suppl\u00e9mentaires n\u00e9cessaires \u00e0 l\u2019alimentation de plusieurs bornes de recharge en m\u00eame temps.<\/p><p><strong>Solutions possibles :<\/strong><\/p><ul><li><a href=\"https:\/\/www.se.com\/ch\/fr\/work\/products\/product-launch\/evlink\/dynamic-charge-management.jsp\"><span style=\"text-decoration: underline;\"><strong>Syst\u00e8me de gestion dynamique de la charge<\/strong>\u00a0:<\/span><\/a> Cette solution pourrait distribuer l\u2019\u00e9lectricit\u00e9 efficacement entre les diff\u00e9rentes bornes en fonction des besoins et de la capacit\u00e9 de l\u2019installation. \u00c0 c\u00f4t\u00e9, une installation de ce type pourrait augmenter sa puissance, soit, d\u2019un c\u00f4t\u00e9, en renfor\u00e7ant le raccordement au r\u00e9seau \u00e9lectrique, soit, de l\u2019autre, en ajoutant un syst\u00e8me de stockage de l\u2019\u00e9nergie, g\u00e9n\u00e9ralement des batteries.<\/li><li><a href=\"https:\/\/www.economie.gouv.fr\/particuliers\/aides-installation-photovoltaiques\"><span style=\"text-decoration: underline;\"><strong>Autoconsommation solaire<\/strong><\/span><\/a>\u00a0: Pour finir, il serait tout \u00e0 fait possible d\u2019exploiter l\u2019autoconsommation solaire si, et seulement si, le b\u00e2timent \u00e9tait aliment\u00e9 par des panneaux photovolta\u00efques.<\/li><\/ul><h3><strong>\ud83c\udfd7\ufe0f Espace restreint et contraintes d\u2019installation<\/strong><\/h3><p>Dans la plupart des cas, les parkings souterrains sont configur\u00e9s sur des espaces limit\u00e9s et exigus, et leur disposition est con\u00e7ue de mani\u00e8re \u00e0 permettre le stationnement d&rsquo;un nombre maximal de v\u00e9hicules. Dans ce sens, on peut se douter que l&rsquo;installation d\u2019\u00e9quipements suppl\u00e9mentaires de recharge, qui n&rsquo;affectent ni la circulation des v\u00e9hicules ni le nombre de places disponibles, constitue un dilemme assez difficile.<\/p><p><strong>Solutions possibles :<\/strong><\/p><ul><li><strong>Bornes murales<\/strong>\u00a0: au lieu de bornes sur pied. Cela permettrait de gagner de l\u2019espace et d\u2019\u00e9viter les obstacles.<\/li><li><strong>D\u00e9finir des zones d\u00e9di\u00e9es<\/strong>\u00a0aux bornes pour \u00e9viter le d\u00e9sordre et les encombrements.<\/li><li><strong>Installer des bornes sur les places allou\u00e9es en permanence<\/strong>\u00a0aux r\u00e9sidents, aux abonn\u00e9s ou aux visiteurs. Cela \u00e9vitera d&rsquo;impacter directement la gestion des parkings.<\/li><\/ul><h3><strong>\ud83d\udd25 Probl\u00e8mes de ventilation et de s\u00e9curit\u00e9 incendie<\/strong><\/h3><p>Un autre risque tr\u00e8s important est amplifi\u00e9 dans les endroits clos tels que les parkings souterrains. Lorsque la borne ou les batteries des v\u00e9hicules \u00e9lectriques surchauffent, il est difficile d\u2019obtenir une ventilation naturelle pour r\u00e9guler la temp\u00e9rature, ce qui augmente les risques.<\/p><p><strong>Solutions possibles :<\/strong><\/p><ul><li><strong>Capteurs de temp\u00e9rature et de fum\u00e9e<\/strong>\u00a0: quelques capteurs de temp\u00e9rature et de fum\u00e9e peuvent \u00eatre connect\u00e9s pour avertir imm\u00e9diatement en cas de n\u00e9cessit\u00e9.<\/li><li><strong>Syst\u00e8mes de ventilation renforc\u00e9s<\/strong>\u00a0: des syst\u00e8mes de ventilation doivent \u00eatre capables de gagner en puissance, surtout pour les parkings avec une grande capacit\u00e9 de stationnement.<\/li><li><strong>Respect des normes de s\u00e9curit\u00e9 incendie<\/strong>\u00a0: les b\u00e2timents doivent \u00eatre enti\u00e8rement conformes aux r\u00e9glementations incendie, selon la l\u00e9gislation fran\u00e7aise (notamment l<a href=\"https:\/\/www.legifrance.gouv.fr\/loda\/id\/LEGITEXT000020303557\"><span style=\"text-decoration: underline;\"><strong>&lsquo;arr\u00eat\u00e9 du 25 juin 1980 relatif aux ERP<\/strong><\/span><\/a>).<\/li><\/ul><p><!-- notionvc: a976354e-7816-4147-9d18-fd38db2d7014 --><\/p><p><!-- notionvc: cc3385c6-e615-4a0e-93a0-6296339aad78 --><\/p>\t\t\t\t\t\t\t\t<\/div>\n\t\t\t\t<\/div>\n\t\t\t\t<div class=\"elementor-element elementor-element-fbfa58a elementor-widget elementor-widget-text-editor\" data-id=\"fbfa58a\" data-element_type=\"widget\" data-e-type=\"widget\" data-widget_type=\"text-editor.default\">\n\t\t\t\t<div class=\"elementor-widget-container\">\n\t\t\t\t\t\t\t\t\t<p><strong>\u00c0 <\/strong><b>lire aussi : <span style=\"text-decoration: underline;\"><a style=\"color: #2e89a8; text-decoration: underline;\" href=\"https:\/\/www.time2plug.com\/page\/supervision-des-recharges-un-atout-pour-les-flottes-electriques\/\">Supervision des recharges : un atout pour les flottes \u00e9lectriques !<\/a><\/span><\/b><\/p>\t\t\t\t\t\t\t\t<\/div>\n\t\t\t\t<\/div>\n\t\t\t\t<div class=\"elementor-element elementor-element-00f1430 elementor-widget elementor-widget-heading\" data-id=\"00f1430\" data-element_type=\"widget\" data-e-type=\"widget\" data-widget_type=\"heading.default\">\n\t\t\t\t<div class=\"elementor-widget-container\">\n\t\t\t\t\t<h2 class=\"elementor-heading-title elementor-size-default\">\ud83d\udcdc Contraintes r\u00e9glementaires et administratives<\/h2>\t\t\t\t<\/div>\n\t\t\t\t<\/div>\n\t\t\t\t<div class=\"elementor-element elementor-element-1a1cbce elementor-widget elementor-widget-text-editor\" data-id=\"1a1cbce\" data-element_type=\"widget\" data-e-type=\"widget\" data-widget_type=\"text-editor.default\">\n\t\t\t\t<div class=\"elementor-widget-container\">\n\t\t\t\t\t\t\t\t\t<h3><strong>R\u00e9glementations en vigueur<\/strong><\/h3><p>En France, il existe d\u00e9j\u00e0 une <a href=\"https:\/\/www.ecologie.gouv.fr\/loi-dorientation-des-mobilites\"><span style=\"text-decoration: underline;\"><strong>r\u00e9glementation exigeant l\u2019installation de bornes de recharge dans certains b\u00e2timents<\/strong><\/span><\/a> :<\/p><p>\u00c0 partir du 1er janvier 2025, toutes les installations de plus de 20 places dans les b\u00e2timents non r\u00e9sidentiels doivent \u00eatre \u00e9quip\u00e9es d\u2019au moins une borne.<\/p><p>D\u2019autre part, les copropri\u00e9t\u00e9s en immeubles d\u2019habitation devraient inclure une prise dans leurs garages. Sans oublier que des r\u00e9sidents peuvent exercer leur <a href=\"https:\/\/www.totalenergies.fr\/particuliers\/parlons-energie\/dossiers-energie\/comprendre-le-marche-de-l-energie\/qui-peut-beneficier-du-droit-a-la-prise\"><span style=\"text-decoration: underline;\"><strong>droit \u00e0 la charge<\/strong><\/span><\/a> en ajoutant une borne de leur c\u00f4t\u00e9.<\/p><p><strong>Solutions possibles :<\/strong><\/p><ul><li>Avant d\u2019installer quoi que ce soit, v\u00e9rifiez les restrictions sur les zones de stationnement sp\u00e9cifiques.<\/li><li>Demandez l\u2019avis d\u2019un bureau d\u2019\u00e9tudes sp\u00e9cialis\u00e9 pour confirmer la conformit\u00e9 de l\u2019installation.<\/li><\/ul><h3><strong>Accords en copropri\u00e9t\u00e9 et gestion des co\u00fbts<\/strong><\/h3><p>Quand il s&rsquo;agit des parkings des immeubles en copropri\u00e9t\u00e9, obtenir un accord pour installer des bornes de mani\u00e8re durable est un processus qui peut \u00eatre long et compliqu\u00e9.<\/p><p><strong>Solutions possibles :<\/strong><\/p><ul><li><strong>Sensibilisation et information<\/strong>\u00a0: essentiel pour les copropri\u00e9taires afin de leur faire comprendre l\u2019importance et les avantages des bornes pour la valorisation du bien immobilier.<\/li><li><strong>Op\u00e9rateurs sp\u00e9cialis\u00e9s<\/strong>\u00a0: ils prennent en charge l\u2019installation et la gestion des bornes pour vous simplifier la t\u00e2che. Mais ils s&rsquo;occupent aussi des d\u00e9marches aupr\u00e8s de la copropri\u00e9t\u00e9.<\/li><\/ul><p><!-- notionvc: 08776bf0-1767-40ef-86aa-179d0b58335b --><\/p><p><!-- notionvc: fe6361de-34a3-4a49-9584-ca0ecd14f072 --><\/p>\t\t\t\t\t\t\t\t<\/div>\n\t\t\t\t<\/div>\n\t\t\t\t<div class=\"elementor-element elementor-element-e6a3e79 elementor-widget elementor-widget-heading\" data-id=\"e6a3e79\" data-element_type=\"widget\" data-e-type=\"widget\" data-widget_type=\"heading.default\">\n\t\t\t\t<div class=\"elementor-widget-container\">\n\t\t\t\t\t<h2 class=\"elementor-heading-title elementor-size-default\">\ud83d\udcb0 Contraintes \u00e9conomiques et mod\u00e8les de financement<\/h2>\t\t\t\t<\/div>\n\t\t\t\t<\/div>\n\t\t\t\t<div class=\"elementor-element elementor-element-9a2a5dd elementor-widget elementor-widget-text-editor\" data-id=\"9a2a5dd\" data-element_type=\"widget\" data-e-type=\"widget\" data-widget_type=\"text-editor.default\">\n\t\t\t\t<div class=\"elementor-widget-container\">\n\t\t\t\t\t\t\t\t\t<h3><strong>Co\u00fbt d\u2019installation \u00e9lev\u00e9<\/strong><\/h3><p>Le co\u00fbt du raccordement \u00e9lectrique peut \u00e9galement repr\u00e9senter un investissement consid\u00e9rable \u00e0 l&rsquo;origine, surtout lorsqu&rsquo;il s&rsquo;agit de l\u2019installation de bornes dans un parking souterrain.<\/p><p><strong>Solutions possibles :<\/strong><\/p><ul><li>Ce co\u00fbt peut \u00eatre r\u00e9duit gr\u00e2ce aux aides et subventions disponibles dans votre ville.<\/li><li>Et sans oublier que la tarification de la recharge peut constituer un mod\u00e8le \u00e9conomique efficace pour rembourser l\u2019investissement plac\u00e9 dans vos bornes.<\/li><li>Des partenariats peuvent aussi \u00eatre envisag\u00e9s avec des entreprises locales ou des fournisseurs d\u2019\u00e9nergie, mais cette fois-ci \u00e0 travers un partenariat public-priv\u00e9.<\/li><\/ul><h3><strong>Entretien et maintenance<\/strong><\/h3><p>Enfin, les bornes de recharge n\u00e9cessitent un suivi r\u00e9gulier pour garantir leur bon fonctionnement et \u00e9viter les pannes.<\/p><p><strong>Solutions possibles :<\/strong><\/p><ul><li>Opter pour des <strong>contrats de maintenance<\/strong> avec des prestataires sp\u00e9cialis\u00e9s.<\/li><li>Installer des <strong>bornes connect\u00e9es<\/strong>, permettant une supervision \u00e0 distance et une intervention rapide en cas de dysfonctionnement.<\/li><\/ul><p><!-- notionvc: dd9e5122-9730-4cf1-bce2-86d499b6eb6d --><\/p>\t\t\t\t\t\t\t\t<\/div>\n\t\t\t\t<\/div>\n\t\t\t\t<div class=\"elementor-element elementor-element-ee2edf1 elementor-widget elementor-widget-text-editor\" data-id=\"ee2edf1\" data-element_type=\"widget\" data-e-type=\"widget\" data-widget_type=\"text-editor.default\">\n\t\t\t\t<div class=\"elementor-widget-container\">\n\t\t\t\t\t\t\t\t\t<p><strong>\u00c0 <\/strong><b>lire aussi : <span style=\"text-decoration: underline;\"><a style=\"color: #2e89a8; text-decoration: underline;\" href=\"https:\/\/www.time2plug.com\/page\/5-exigences-legales-pour-les-equipements-des-places-pmr-dans-les-entreprises\/\">5 exigences l\u00e9gales pour les \u00e9quipements des places PMR dans les entreprises <\/a><\/span><\/b><\/p>\t\t\t\t\t\t\t\t<\/div>\n\t\t\t\t<\/div>\n\t\t\t\t<div class=\"elementor-element elementor-element-4ba4e05 elementor-widget elementor-widget-heading\" data-id=\"4ba4e05\" data-element_type=\"widget\" data-e-type=\"widget\" data-widget_type=\"heading.default\">\n\t\t\t\t<div class=\"elementor-widget-container\">\n\t\t\t\t\t<h2 class=\"elementor-heading-title elementor-size-default\">\ud83d\ude80 Optimisation et perspectives d\u2019avenir<\/h2>\t\t\t\t<\/div>\n\t\t\t\t<\/div>\n\t\t\t\t<div class=\"elementor-element elementor-element-ce1c519 elementor-widget elementor-widget-text-editor\" data-id=\"ce1c519\" data-element_type=\"widget\" data-e-type=\"widget\" data-widget_type=\"text-editor.default\">\n\t\t\t\t<div class=\"elementor-widget-container\">\n\t\t\t\t\t\t\t\t\t<h3><strong>Solutions technologiques innovantes<\/strong><\/h3>\n<p>Finalement, certaines nouvelles technologies offrent des alternatives pour faciliter l\u2019installation des bornes dans les parkings souterrains. En plus de la recharge, il est possible de :<\/p>\n<ul>\n<li><strong><a href=\"https:\/\/bigmedia.bpifrance.fr\/nos-dossiers\/vehicle-grid-v2g-la-cle-de-la-mobilite-electrique\"><span style=\"text-decoration: underline;\">Recharge bidirectionnelle<\/span><\/a> (V2G)<\/strong>&nbsp;: la recharge bidirectionnelle, ou V2G, permet \u00e0 un v\u00e9hicule \u00e9lectrique de restituer de l\u2019\u00e9nergie au r\u00e9seau en p\u00e9riode de forte demande.<\/li>\n<li><strong>Syst\u00e8mes de r\u00e9servation et de gestion des bornes<\/strong>&nbsp;: avec certaines applications mobiles, il est tout \u00e0 fait possible de v\u00e9rifier la disponibilit\u00e9 des bornes \u00e0 proximit\u00e9 et, dans certains emplacements, de r\u00e9server une session de charge.<\/li>\n<\/ul>\n<h3>D\u00e9veloppement d\u2019un cadre l\u00e9gislatif plus incitatif<\/h3>\n<p>Le cadre l\u00e9gal et institutionnel pourrait s\u2019adapter de plus en plus pour encourager l\u2019installation de bornes de recharge. Aujourd\u2019hui, on peut imaginer que les pouvoirs publics :<\/p>\n<ul>\n<li><strong>Renforcent l\u2019int\u00e9r\u00eat<\/strong>&nbsp;de l\u2019adoption de bornes de recharge dans les copropri\u00e9t\u00e9s et les entreprises via des mesures financi\u00e8res suppl\u00e9mentaires.<\/li>\n<li><strong>All\u00e8gent la r\u00e9glementation<\/strong>&nbsp;en faveur de l\u2019installation de ces infrastructures.<\/li>\n<\/ul>\n<p><!-- notionvc: 9cd1e259-8047-42c8-b85b-739df6445f1a --><\/p>\t\t\t\t\t\t\t\t<\/div>\n\t\t\t\t<\/div>\n\t\t\t\t<div class=\"elementor-element elementor-element-f7eef03 elementor-widget elementor-widget-text-editor\" data-id=\"f7eef03\" data-element_type=\"widget\" data-e-type=\"widget\" data-widget_type=\"text-editor.default\">\n\t\t\t\t<div class=\"elementor-widget-container\">\n\t\t\t\t\t\t\t\t\t<p><span style=\"font-size: 14px; font-style: normal; font-variant-ligatures: normal; font-variant-caps: normal; font-family: Poppins, sans-serif; font-weight: 600; color: #2e89a8;\">\u00c0\u00a0<\/span><span style=\"font-size: 14px; font-style: normal; font-variant-ligatures: normal; font-variant-caps: normal; font-family: Poppins, sans-serif; font-weight: bold; color: #2e89a8;\">lire aussi :\u00a0<\/span><b style=\"font-size: 14px;\"><span style=\"text-decoration-line: underline;\"><a style=\"color: #2e89a8;\" href=\"https:\/\/www.time2plug.com\/page\/la-supervision-chez-time2plug\/\">Le supervision chez Time2plug<\/a>\u00a0<\/span><\/b><\/p>\t\t\t\t\t\t\t\t<\/div>\n\t\t\t\t<\/div>\n\t\t\t\t<div class=\"elementor-element elementor-element-d6919aa elementor-widget elementor-widget-text-editor\" data-id=\"d6919aa\" data-element_type=\"widget\" data-e-type=\"widget\" data-widget_type=\"text-editor.default\">\n\t\t\t\t<div class=\"elementor-widget-container\">\n\t\t\t\t\t\t\t\t\t<p>L\u2019installation de bornes de recharge en parking souterrain est essentielle pour r\u00e9pondre \u00e0 la demande croissante de solutions de recharge pour les v\u00e9hicules \u00e9lectriques. Cependant, elle implique des d\u00e9fis techniques, r\u00e9glementaires et financiers sp\u00e9cifiques.<\/p><p>Gr\u00e2ce aux avanc\u00e9es technologiques, aux aides financi\u00e8res et \u00e0 une bonne planification, ces contraintes peuvent \u00eatre surmont\u00e9es. Un d\u00e9veloppement coh\u00e9rent et structur\u00e9 de ces infrastructures contribuera \u00e0 acc\u00e9l\u00e9rer la transition \u00e9nerg\u00e9tique et \u00e0 faciliter l\u2019adoption des v\u00e9hicules \u00e9lectriques dans les zones urbaines.<\/p><h4><strong>Ce qu&rsquo;il faut retenir<\/strong><\/h4><p><strong>Contraintes techniques<\/strong>\u00a0:<\/p><ul><li>Capacit\u00e9 \u00e9lectrique limit\u00e9e dans les parkings souterrains.<\/li><li>Espace restreint pour installer les bornes sans g\u00eaner la circulation.<\/li><li>Risques de surchauffe n\u00e9cessitant une bonne ventilation et des syst\u00e8mes de s\u00e9curit\u00e9 renforc\u00e9s.<\/li><\/ul><p><strong>Contraintes r\u00e9glementaires<\/strong>\u00a0:<\/p><ul><li>D\u00e8s 2025, les parkings de plus de 20 places devront avoir une borne.<\/li><li>Les copropri\u00e9taires peuvent ajouter des bornes, mais un accord est n\u00e9cessaire.<\/li><\/ul><p><strong>Contraintes \u00e9conomiques<\/strong>\u00a0:<\/p><ul><li>Co\u00fbt d\u2019installation \u00e9lev\u00e9, mais des aides et subventions existent.<\/li><li>La tarification de la recharge peut permettre de rentabiliser l\u2019investissement.<\/li><\/ul><p><strong>Solutions d\u2019avenir<\/strong>\u00a0:<\/p><ul><li>Technologies comme la recharge bidirectionnelle (V2G) et les syst\u00e8mes de gestion \u00e0 distance.<\/li><li>R\u00e9glementation qui devrait favoriser davantage l\u2019installation de bornes.<\/li><\/ul><p><!-- notionvc: 82f955e1-e08d-4511-a9d0-1ba84b6b7f8f --><\/p>\t\t\t\t\t\t\t\t<\/div>\n\t\t\t\t<\/div>\n\t\t\t\t<div class=\"elementor-element elementor-element-25967bb elementor-widget elementor-widget-text-editor\" data-id=\"25967bb\" data-element_type=\"widget\" data-e-type=\"widget\" data-widget_type=\"text-editor.default\">\n\t\t\t\t<div class=\"elementor-widget-container\">\n\t\t\t\t\t\t\t\t\t<h6 style=\"font-variant-ligatures: normal; font-variant-caps: normal; font-family: 'Open Sans'; font-size: 14px; font-style: normal; font-weight: 400;\"><span style=\"font-size: 14px; font-weight: 600;\">\ud83d\udd0e Vous souhaitez installer des bornes de recharge dans votre parking ou chez vos salari\u00e9s ?<\/span><\/h6><p style=\"font-variant-ligatures: normal; font-variant-caps: normal; font-family: 'Open Sans'; font-size: 14px; font-style: normal; font-weight: 400;\">Chez Time2plug, nous vous assistons \u00e0 chaque \u00e9tape et vous proposons une solution pratique, cl\u00e9 en main. Contactez-nous pour d\u00e9couvrir nos solutions adapt\u00e9es \u00e0 vos besoins. Faites le choix de la mobilit\u00e9 \u00e9lectrique sans compromis sur la tranquillit\u00e9.<\/p><p><!-- notionvc: ccf25c2a-e455-4f26-9539-5e4b93ef2b0a --><\/p><p><!-- notionvc: 24a89d3e-003b-4b1b-be40-b0efb76efb66 --><\/p><p>\ud83d\udce9\u00a0<strong>Envie d\u2019en savoir plus\u00a0? Contactez-nous d\u00e8s aujourd\u2019hui pour d\u00e9couvrir nos solutions sur mesure et faire de votre \u00e9tablissement une destination incontournable.<\/strong><\/p><p><!-- notionvc: 29a7a85f-e32c-4ff4-883f-8b6fa22c1c04 --><\/p>\t\t\t\t\t\t\t\t<\/div>\n\t\t\t\t<\/div>\n\t\t\t\t\t<\/div>\n\t\t<\/div>\n\t\t\t\t\t<\/div>\n\t\t<\/section>\n\t\t\t\t<section class=\"elementor-section elementor-top-section elementor-element elementor-element-be2771b elementor-section-full_width elementor-section-height-default elementor-section-height-default\" data-id=\"be2771b\" data-element_type=\"section\" data-e-type=\"section\" data-settings=\"{&quot;background_background&quot;:&quot;classic&quot;}\">\n\t\t\t\t\t\t\t<div class=\"elementor-background-overlay\"><\/div>\n\t\t\t\t\t\t\t<div class=\"elementor-container elementor-column-gap-default\">\n\t\t\t\t\t<div class=\"elementor-column elementor-col-33 elementor-top-column elementor-element elementor-element-0e672a6\" data-id=\"0e672a6\" data-element_type=\"column\" data-e-type=\"column\">\n\t\t\t<div class=\"elementor-widget-wrap elementor-element-populated\">\n\t\t\t\t\t\t<div class=\"elementor-element elementor-element-879dd9a elementor-widget elementor-widget-image\" data-id=\"879dd9a\" data-element_type=\"widget\" data-e-type=\"widget\" data-widget_type=\"image.default\">\n\t\t\t\t<div class=\"elementor-widget-container\">\n\t\t\t\t\t\t\t\t\t\t\t\t\t\t\t<img decoding=\"async\" width=\"451\" height=\"480\" src=\"https:\/\/www.time2plug.com\/page\/wp-content\/uploads\/2025\/01\/Template-Nouvel-arrivant-1-1.png\" class=\"attachment-large size-large wp-image-15725\" alt=\"Ic\u00f4ne isom\u00e9trique de voiture isol\u00e9e sur fond blanc. V\u00e9hicule pour le transport de passagers, berline blanche avec vitres teint\u00e9es noires, voiture priv\u00e9e avec ombres et reflets.\" srcset=\"https:\/\/www.time2plug.com\/page\/wp-content\/uploads\/2025\/01\/Template-Nouvel-arrivant-1-1.png 451w, https:\/\/www.time2plug.com\/page\/wp-content\/uploads\/2025\/01\/Template-Nouvel-arrivant-1-1-282x300.png 282w\" sizes=\"(max-width: 451px) 100vw, 451px\" \/>\t\t\t\t\t\t\t\t\t\t\t\t\t\t\t<\/div>\n\t\t\t\t<\/div>\n\t\t\t\t\t<\/div>\n\t\t<\/div>\n\t\t\t\t<div class=\"elementor-column elementor-col-33 elementor-top-column elementor-element elementor-element-c9e3507\" data-id=\"c9e3507\" data-element_type=\"column\" data-e-type=\"column\">\n\t\t\t<div class=\"elementor-widget-wrap elementor-element-populated\">\n\t\t\t\t\t\t<div class=\"elementor-element elementor-element-83cb526 elementor-widget__width-initial elementor-widget elementor-widget-text-editor\" data-id=\"83cb526\" data-element_type=\"widget\" data-e-type=\"widget\" data-widget_type=\"text-editor.default\">\n\t\t\t\t<div class=\"elementor-widget-container\">\n\t\t\t\t\t\t\t\t\t<h3>Besoin d\u2019\u00e9quiper votre parking avec une solution de recharge ?<\/h3><p>Contactez-nous d\u00e8s aujourd\u2019hui pour installer une station de recharge\u00a0adapt\u00e9e \u00e0 vos besoins !\u26a1<\/p>\t\t\t\t\t\t\t\t<\/div>\n\t\t\t\t<\/div>\n\t\t\t\t\t<\/div>\n\t\t<\/div>\n\t\t\t\t<div class=\"elementor-column elementor-col-33 elementor-top-column elementor-element elementor-element-61cf275\" data-id=\"61cf275\" data-element_type=\"column\" data-e-type=\"column\">\n\t\t\t<div class=\"elementor-widget-wrap elementor-element-populated\">\n\t\t\t\t\t\t<div class=\"elementor-element elementor-element-8f3f6c3 elementor-align-justify elementor-widget elementor-widget-button\" data-id=\"8f3f6c3\" data-element_type=\"widget\" data-e-type=\"widget\" data-widget_type=\"button.default\">\n\t\t\t\t<div class=\"elementor-widget-container\">\n\t\t\t\t\t\t\t\t\t<div class=\"elementor-button-wrapper\">\n\t\t\t\t\t<a class=\"elementor-button elementor-button-link elementor-size-sm\" href=\"https:\/\/www.time2plug.com\/page\/borne-de-recharge-pour-entreprises\/\">\n\t\t\t\t\t\t<span class=\"elementor-button-content-wrapper\">\n\t\t\t\t\t\t\t\t\t<span class=\"elementor-button-text\">Demandez une simulation<\/span>\n\t\t\t\t\t<\/span>\n\t\t\t\t\t<\/a>\n\t\t\t\t<\/div>\n\t\t\t\t\t\t\t\t<\/div>\n\t\t\t\t<\/div>\n\t\t\t\t\t<\/div>\n\t\t<\/div>\n\t\t\t\t\t<\/div>\n\t\t<\/section>\n\t\t\t\t<\/div>\n\t\t","protected":false},"excerpt":{"rendered":"<p>L\u2019expansion de la mobilit\u00e9 \u00e9lectrique d\u00e9pend g\u00e9n\u00e9ralement de l\u2019efficacit\u00e9 et de l\u2019accessibilit\u00e9 du r\u00e9seau de recharge. N\u00e9anmoins, les r\u00e9gions rurales doivent faire face \u00e0 certains d\u00e9fis majeurs lorsqu\u2019il s\u2019agit de leur surveillance et d&rsquo;une mise en \u0153uvre rentable. Bornes de recharge en sous-sol : un d\u00e9fi technique \u00e0 relever. Alors bornes de recharge en sous-sol [&hellip;]<\/p>\n","protected":false},"author":15,"featured_media":16143,"comment_status":"open","ping_status":"open","sticky":false,"template":"","format":"standard","meta":{"_monsterinsights_skip_tracking":false,"_monsterinsights_sitenote_active":false,"_monsterinsights_sitenote_note":"","_monsterinsights_sitenote_category":0,"ocean_post_layout":"","ocean_both_sidebars_style":"","ocean_both_sidebars_content_width":0,"ocean_both_sidebars_sidebars_width":0,"ocean_sidebar":"","ocean_second_sidebar":"","ocean_disable_margins":"enable","ocean_add_body_class":"","ocean_shortcode_before_top_bar":"","ocean_shortcode_after_top_bar":"","ocean_shortcode_before_header":"","ocean_shortcode_after_header":"","ocean_has_shortcode":"","ocean_shortcode_after_title":"","ocean_shortcode_before_footer_widgets":"","ocean_shortcode_after_footer_widgets":"","ocean_shortcode_before_footer_bottom":"","ocean_shortcode_after_footer_bottom":"","ocean_display_top_bar":"default","ocean_display_header":"default","ocean_header_style":"","ocean_center_header_left_menu":"","ocean_custom_header_template":"","ocean_custom_logo":0,"ocean_custom_retina_logo":0,"ocean_custom_logo_max_width":0,"ocean_custom_logo_tablet_max_width":0,"ocean_custom_logo_mobile_max_width":0,"ocean_custom_logo_max_height":0,"ocean_custom_logo_tablet_max_height":0,"ocean_custom_logo_mobile_max_height":0,"ocean_header_custom_menu":"","ocean_menu_typo_font_family":"","ocean_menu_typo_font_subset":"","ocean_menu_typo_font_size":0,"ocean_menu_typo_font_size_tablet":0,"ocean_menu_typo_font_size_mobile":0,"ocean_menu_typo_font_size_unit":"px","ocean_menu_typo_font_weight":"","ocean_menu_typo_font_weight_tablet":"","ocean_menu_typo_font_weight_mobile":"","ocean_menu_typo_transform":"","ocean_menu_typo_transform_tablet":"","ocean_menu_typo_transform_mobile":"","ocean_menu_typo_line_height":0,"ocean_menu_typo_line_height_tablet":0,"ocean_menu_typo_line_height_mobile":0,"ocean_menu_typo_line_height_unit":"","ocean_menu_typo_spacing":0,"ocean_menu_typo_spacing_tablet":0,"ocean_menu_typo_spacing_mobile":0,"ocean_menu_typo_spacing_unit":"","ocean_menu_link_color":"","ocean_menu_link_color_hover":"","ocean_menu_link_color_active":"","ocean_menu_link_background":"","ocean_menu_link_hover_background":"","ocean_menu_link_active_background":"","ocean_menu_social_links_bg":"","ocean_menu_social_hover_links_bg":"","ocean_menu_social_links_color":"","ocean_menu_social_hover_links_color":"","ocean_disable_title":"default","ocean_disable_heading":"default","ocean_post_title":"","ocean_post_subheading":"","ocean_post_title_style":"","ocean_post_title_background_color":"","ocean_post_title_background":0,"ocean_post_title_bg_image_position":"","ocean_post_title_bg_image_attachment":"","ocean_post_title_bg_image_repeat":"","ocean_post_title_bg_image_size":"","ocean_post_title_height":0,"ocean_post_title_bg_overlay":0.5,"ocean_post_title_bg_overlay_color":"","ocean_disable_breadcrumbs":"default","ocean_breadcrumbs_color":"","ocean_breadcrumbs_separator_color":"","ocean_breadcrumbs_links_color":"","ocean_breadcrumbs_links_hover_color":"","ocean_display_footer_widgets":"default","ocean_display_footer_bottom":"default","ocean_custom_footer_template":"","osh_disable_topbar_sticky":"default","osh_disable_header_sticky":"default","osh_sticky_header_style":"default","osh_sticky_header_effect":"","osh_custom_sticky_logo":0,"osh_custom_retina_sticky_logo":0,"osh_custom_sticky_logo_height":0,"osh_background_color":"","osh_links_color":"","osh_links_hover_color":"","osh_links_active_color":"","osh_links_bg_color":"","osh_links_hover_bg_color":"","osh_links_active_bg_color":"","osh_menu_social_links_color":"","osh_menu_social_hover_links_color":"","ocean_post_oembed":"","ocean_post_self_hosted_media":"","ocean_post_video_embed":"","ocean_link_format":"","ocean_link_format_target":"self","ocean_quote_format":"","ocean_quote_format_link":"post","ocean_gallery_link_images":"on","ocean_gallery_id":[],"footnotes":""},"categories":[13,15,12,24,14],"tags":[],"class_list":["post-16141","post","type-post","status-publish","format-standard","has-post-thumbnail","hentry","category-campings","category-entreprises","category-hotels","category-installation-borne-de-recharge","category-restaurants","entry","has-media"],"yoast_head":"<!-- This site is optimized with the Yoast SEO plugin v27.4 - https:\/\/yoast.com\/product\/yoast-seo-wordpress\/ -->\n<title>Bornes de recharge en sous-sol : un d\u00e9fi technique \u00e0 relever<\/title>\n<meta name=\"description\" content=\"Bornes de recharge en sous-sol:un d\u00e9fi technique \u00e0 relever. D\u00e9couvrez les contraintes de l\u2019installation en parking souterrain &amp; les solutions\" \/>\n<meta name=\"robots\" content=\"index, follow, max-snippet:-1, max-image-preview:large, max-video-preview:-1\" \/>\n<link rel=\"canonical\" href=\"https:\/\/www.time2plug.com\/page\/bornes-de-recharge-en-sous-sol-un-defi-technique-a-relever\/\" \/>\n<meta property=\"og:locale\" content=\"fr_FR\" \/>\n<meta property=\"og:type\" content=\"article\" \/>\n<meta property=\"og:title\" content=\"Bornes de recharge en sous-sol : un d\u00e9fi technique \u00e0 relever\" \/>\n<meta property=\"og:description\" content=\"Bornes de recharge en sous-sol:un d\u00e9fi technique \u00e0 relever. D\u00e9couvrez les contraintes de l\u2019installation en parking souterrain &amp; les solutions\" \/>\n<meta property=\"og:url\" content=\"https:\/\/www.time2plug.com\/page\/bornes-de-recharge-en-sous-sol-un-defi-technique-a-relever\/\" \/>\n<meta property=\"og:site_name\" content=\"Time2plug\" \/>\n<meta property=\"article:published_time\" content=\"2025-03-21T14:42:16+00:00\" \/>\n<meta property=\"article:modified_time\" content=\"2025-04-30T13:00:17+00:00\" \/>\n<meta property=\"og:image\" content=\"https:\/\/www.time2plug.com\/page\/wp-content\/uploads\/2025\/03\/parking-souterrain-moderne.jpg\" \/>\n\t<meta property=\"og:image:width\" content=\"1000\" \/>\n\t<meta property=\"og:image:height\" content=\"668\" \/>\n\t<meta property=\"og:image:type\" content=\"image\/jpeg\" \/>\n<meta name=\"author\" content=\"Lou N\u00e9mard\" \/>\n<meta name=\"twitter:card\" content=\"summary_large_image\" \/>\n<meta name=\"twitter:label1\" content=\"\u00c9crit par\" \/>\n\t<meta name=\"twitter:data1\" content=\"Lou N\u00e9mard\" \/>\n\t<meta name=\"twitter:label2\" content=\"Dur\u00e9e de lecture estim\u00e9e\" \/>\n\t<meta name=\"twitter:data2\" content=\"8 minutes\" \/>\n<script type=\"application\/ld+json\" class=\"yoast-schema-graph\">{\"@context\":\"https:\\\/\\\/schema.org\",\"@graph\":[{\"@type\":\"Article\",\"@id\":\"https:\\\/\\\/www.time2plug.com\\\/page\\\/bornes-de-recharge-en-sous-sol-un-defi-technique-a-relever\\\/#article\",\"isPartOf\":{\"@id\":\"https:\\\/\\\/www.time2plug.com\\\/page\\\/bornes-de-recharge-en-sous-sol-un-defi-technique-a-relever\\\/\"},\"author\":{\"name\":\"Lou N\u00e9mard\",\"@id\":\"https:\\\/\\\/www.time2plug.com\\\/page\\\/#\\\/schema\\\/person\\\/539b6aabfd255f20a3b9456285b9c81a\"},\"headline\":\"Bornes de recharge en sous-sol : un d\u00e9fi technique \u00e0 relever\",\"datePublished\":\"2025-03-21T14:42:16+00:00\",\"dateModified\":\"2025-04-30T13:00:17+00:00\",\"mainEntityOfPage\":{\"@id\":\"https:\\\/\\\/www.time2plug.com\\\/page\\\/bornes-de-recharge-en-sous-sol-un-defi-technique-a-relever\\\/\"},\"wordCount\":1600,\"commentCount\":0,\"publisher\":{\"@id\":\"https:\\\/\\\/www.time2plug.com\\\/page\\\/#organization\"},\"image\":{\"@id\":\"https:\\\/\\\/www.time2plug.com\\\/page\\\/bornes-de-recharge-en-sous-sol-un-defi-technique-a-relever\\\/#primaryimage\"},\"thumbnailUrl\":\"https:\\\/\\\/www.time2plug.com\\\/page\\\/wp-content\\\/uploads\\\/2025\\\/03\\\/parking-souterrain-moderne.jpg\",\"articleSection\":[\"Campings\",\"Entreprises\",\"H\u00f4tels\",\"Installation Borne de recharge\",\"Restaurants\"],\"inLanguage\":\"fr-FR\",\"potentialAction\":[{\"@type\":\"CommentAction\",\"name\":\"Comment\",\"target\":[\"https:\\\/\\\/www.time2plug.com\\\/page\\\/bornes-de-recharge-en-sous-sol-un-defi-technique-a-relever\\\/#respond\"]}]},{\"@type\":\"WebPage\",\"@id\":\"https:\\\/\\\/www.time2plug.com\\\/page\\\/bornes-de-recharge-en-sous-sol-un-defi-technique-a-relever\\\/\",\"url\":\"https:\\\/\\\/www.time2plug.com\\\/page\\\/bornes-de-recharge-en-sous-sol-un-defi-technique-a-relever\\\/\",\"name\":\"Bornes de recharge en sous-sol : un d\u00e9fi technique \u00e0 relever\",\"isPartOf\":{\"@id\":\"https:\\\/\\\/www.time2plug.com\\\/page\\\/#website\"},\"primaryImageOfPage\":{\"@id\":\"https:\\\/\\\/www.time2plug.com\\\/page\\\/bornes-de-recharge-en-sous-sol-un-defi-technique-a-relever\\\/#primaryimage\"},\"image\":{\"@id\":\"https:\\\/\\\/www.time2plug.com\\\/page\\\/bornes-de-recharge-en-sous-sol-un-defi-technique-a-relever\\\/#primaryimage\"},\"thumbnailUrl\":\"https:\\\/\\\/www.time2plug.com\\\/page\\\/wp-content\\\/uploads\\\/2025\\\/03\\\/parking-souterrain-moderne.jpg\",\"datePublished\":\"2025-03-21T14:42:16+00:00\",\"dateModified\":\"2025-04-30T13:00:17+00:00\",\"description\":\"Bornes de recharge en sous-sol:un d\u00e9fi technique \u00e0 relever. D\u00e9couvrez les contraintes de l\u2019installation en parking souterrain & les solutions\",\"breadcrumb\":{\"@id\":\"https:\\\/\\\/www.time2plug.com\\\/page\\\/bornes-de-recharge-en-sous-sol-un-defi-technique-a-relever\\\/#breadcrumb\"},\"inLanguage\":\"fr-FR\",\"potentialAction\":[{\"@type\":\"ReadAction\",\"target\":[\"https:\\\/\\\/www.time2plug.com\\\/page\\\/bornes-de-recharge-en-sous-sol-un-defi-technique-a-relever\\\/\"]}]},{\"@type\":\"ImageObject\",\"inLanguage\":\"fr-FR\",\"@id\":\"https:\\\/\\\/www.time2plug.com\\\/page\\\/bornes-de-recharge-en-sous-sol-un-defi-technique-a-relever\\\/#primaryimage\",\"url\":\"https:\\\/\\\/www.time2plug.com\\\/page\\\/wp-content\\\/uploads\\\/2025\\\/03\\\/parking-souterrain-moderne.jpg\",\"contentUrl\":\"https:\\\/\\\/www.time2plug.com\\\/page\\\/wp-content\\\/uploads\\\/2025\\\/03\\\/parking-souterrain-moderne.jpg\",\"width\":1000,\"height\":668,\"caption\":\"parking souterrain moderne, spacieux et bien \u00e9clair\u00e9, avec une ambiance futuriste accentu\u00e9e par des lumi\u00e8res bleut\u00e9es.\"},{\"@type\":\"BreadcrumbList\",\"@id\":\"https:\\\/\\\/www.time2plug.com\\\/page\\\/bornes-de-recharge-en-sous-sol-un-defi-technique-a-relever\\\/#breadcrumb\",\"itemListElement\":[{\"@type\":\"ListItem\",\"position\":1,\"name\":\"Accueil\",\"item\":\"https:\\\/\\\/www.time2plug.com\\\/page\\\/\"},{\"@type\":\"ListItem\",\"position\":2,\"name\":\"Bornes de recharge en sous-sol : un d\u00e9fi technique \u00e0 relever\"}]},{\"@type\":\"WebSite\",\"@id\":\"https:\\\/\\\/www.time2plug.com\\\/page\\\/#website\",\"url\":\"https:\\\/\\\/www.time2plug.com\\\/page\\\/\",\"name\":\"Time2plug\",\"description\":\"Installation et gestion de bornes recharge pour voitures \u00e9lectriques\",\"publisher\":{\"@id\":\"https:\\\/\\\/www.time2plug.com\\\/page\\\/#organization\"},\"alternateName\":\"Bornes de recharge pour voitures \u00e9lectriques\",\"potentialAction\":[{\"@type\":\"SearchAction\",\"target\":{\"@type\":\"EntryPoint\",\"urlTemplate\":\"https:\\\/\\\/www.time2plug.com\\\/page\\\/?s={search_term_string}\"},\"query-input\":{\"@type\":\"PropertyValueSpecification\",\"valueRequired\":true,\"valueName\":\"search_term_string\"}}],\"inLanguage\":\"fr-FR\"},{\"@type\":\"Organization\",\"@id\":\"https:\\\/\\\/www.time2plug.com\\\/page\\\/#organization\",\"name\":\"Time2plug\",\"alternateName\":\"Bornes de recharge pour voitures \u00e9lectriques\",\"url\":\"https:\\\/\\\/www.time2plug.com\\\/page\\\/\",\"logo\":{\"@type\":\"ImageObject\",\"inLanguage\":\"fr-FR\",\"@id\":\"https:\\\/\\\/www.time2plug.com\\\/page\\\/#\\\/schema\\\/logo\\\/image\\\/\",\"url\":\"https:\\\/\\\/www.time2plug.com\\\/page\\\/wp-content\\\/uploads\\\/2025\\\/04\\\/T2P-Blanc_Background-Orange.png\",\"contentUrl\":\"https:\\\/\\\/www.time2plug.com\\\/page\\\/wp-content\\\/uploads\\\/2025\\\/04\\\/T2P-Blanc_Background-Orange.png\",\"width\":300,\"height\":300,\"caption\":\"Time2plug\"},\"image\":{\"@id\":\"https:\\\/\\\/www.time2plug.com\\\/page\\\/#\\\/schema\\\/logo\\\/image\\\/\"},\"sameAs\":[\"https:\\\/\\\/www.linkedin.com\\\/company\\\/time2plug\\\/\"]},{\"@type\":\"Person\",\"@id\":\"https:\\\/\\\/www.time2plug.com\\\/page\\\/#\\\/schema\\\/person\\\/539b6aabfd255f20a3b9456285b9c81a\",\"name\":\"Lou N\u00e9mard\",\"image\":{\"@type\":\"ImageObject\",\"inLanguage\":\"fr-FR\",\"@id\":\"https:\\\/\\\/secure.gravatar.com\\\/avatar\\\/916760b7331d513c0d331643a2db0b425c4f4d5e1ae0a0fd832b438a77018a43?s=96&d=mm&r=g\",\"url\":\"https:\\\/\\\/secure.gravatar.com\\\/avatar\\\/916760b7331d513c0d331643a2db0b425c4f4d5e1ae0a0fd832b438a77018a43?s=96&d=mm&r=g\",\"contentUrl\":\"https:\\\/\\\/secure.gravatar.com\\\/avatar\\\/916760b7331d513c0d331643a2db0b425c4f4d5e1ae0a0fd832b438a77018a43?s=96&d=mm&r=g\",\"caption\":\"Lou N\u00e9mard\"}}]}<\/script>\n<!-- \/ Yoast SEO plugin. -->","yoast_head_json":{"title":"Bornes de recharge en sous-sol : un d\u00e9fi technique \u00e0 relever","description":"Bornes de recharge en sous-sol:un d\u00e9fi technique \u00e0 relever. D\u00e9couvrez les contraintes de l\u2019installation en parking souterrain & les solutions","robots":{"index":"index","follow":"follow","max-snippet":"max-snippet:-1","max-image-preview":"max-image-preview:large","max-video-preview":"max-video-preview:-1"},"canonical":"https:\/\/www.time2plug.com\/page\/bornes-de-recharge-en-sous-sol-un-defi-technique-a-relever\/","og_locale":"fr_FR","og_type":"article","og_title":"Bornes de recharge en sous-sol : un d\u00e9fi technique \u00e0 relever","og_description":"Bornes de recharge en sous-sol:un d\u00e9fi technique \u00e0 relever. D\u00e9couvrez les contraintes de l\u2019installation en parking souterrain & les solutions","og_url":"https:\/\/www.time2plug.com\/page\/bornes-de-recharge-en-sous-sol-un-defi-technique-a-relever\/","og_site_name":"Time2plug","article_published_time":"2025-03-21T14:42:16+00:00","article_modified_time":"2025-04-30T13:00:17+00:00","og_image":[{"width":1000,"height":668,"url":"https:\/\/www.time2plug.com\/page\/wp-content\/uploads\/2025\/03\/parking-souterrain-moderne.jpg","type":"image\/jpeg"}],"author":"Lou N\u00e9mard","twitter_card":"summary_large_image","twitter_misc":{"\u00c9crit par":"Lou N\u00e9mard","Dur\u00e9e de lecture estim\u00e9e":"8 minutes"},"schema":{"@context":"https:\/\/schema.org","@graph":[{"@type":"Article","@id":"https:\/\/www.time2plug.com\/page\/bornes-de-recharge-en-sous-sol-un-defi-technique-a-relever\/#article","isPartOf":{"@id":"https:\/\/www.time2plug.com\/page\/bornes-de-recharge-en-sous-sol-un-defi-technique-a-relever\/"},"author":{"name":"Lou N\u00e9mard","@id":"https:\/\/www.time2plug.com\/page\/#\/schema\/person\/539b6aabfd255f20a3b9456285b9c81a"},"headline":"Bornes de recharge en sous-sol : un d\u00e9fi technique \u00e0 relever","datePublished":"2025-03-21T14:42:16+00:00","dateModified":"2025-04-30T13:00:17+00:00","mainEntityOfPage":{"@id":"https:\/\/www.time2plug.com\/page\/bornes-de-recharge-en-sous-sol-un-defi-technique-a-relever\/"},"wordCount":1600,"commentCount":0,"publisher":{"@id":"https:\/\/www.time2plug.com\/page\/#organization"},"image":{"@id":"https:\/\/www.time2plug.com\/page\/bornes-de-recharge-en-sous-sol-un-defi-technique-a-relever\/#primaryimage"},"thumbnailUrl":"https:\/\/www.time2plug.com\/page\/wp-content\/uploads\/2025\/03\/parking-souterrain-moderne.jpg","articleSection":["Campings","Entreprises","H\u00f4tels","Installation Borne de recharge","Restaurants"],"inLanguage":"fr-FR","potentialAction":[{"@type":"CommentAction","name":"Comment","target":["https:\/\/www.time2plug.com\/page\/bornes-de-recharge-en-sous-sol-un-defi-technique-a-relever\/#respond"]}]},{"@type":"WebPage","@id":"https:\/\/www.time2plug.com\/page\/bornes-de-recharge-en-sous-sol-un-defi-technique-a-relever\/","url":"https:\/\/www.time2plug.com\/page\/bornes-de-recharge-en-sous-sol-un-defi-technique-a-relever\/","name":"Bornes de recharge en sous-sol : un d\u00e9fi technique \u00e0 relever","isPartOf":{"@id":"https:\/\/www.time2plug.com\/page\/#website"},"primaryImageOfPage":{"@id":"https:\/\/www.time2plug.com\/page\/bornes-de-recharge-en-sous-sol-un-defi-technique-a-relever\/#primaryimage"},"image":{"@id":"https:\/\/www.time2plug.com\/page\/bornes-de-recharge-en-sous-sol-un-defi-technique-a-relever\/#primaryimage"},"thumbnailUrl":"https:\/\/www.time2plug.com\/page\/wp-content\/uploads\/2025\/03\/parking-souterrain-moderne.jpg","datePublished":"2025-03-21T14:42:16+00:00","dateModified":"2025-04-30T13:00:17+00:00","description":"Bornes de recharge en sous-sol:un d\u00e9fi technique \u00e0 relever. D\u00e9couvrez les contraintes de l\u2019installation en parking souterrain & les solutions","breadcrumb":{"@id":"https:\/\/www.time2plug.com\/page\/bornes-de-recharge-en-sous-sol-un-defi-technique-a-relever\/#breadcrumb"},"inLanguage":"fr-FR","potentialAction":[{"@type":"ReadAction","target":["https:\/\/www.time2plug.com\/page\/bornes-de-recharge-en-sous-sol-un-defi-technique-a-relever\/"]}]},{"@type":"ImageObject","inLanguage":"fr-FR","@id":"https:\/\/www.time2plug.com\/page\/bornes-de-recharge-en-sous-sol-un-defi-technique-a-relever\/#primaryimage","url":"https:\/\/www.time2plug.com\/page\/wp-content\/uploads\/2025\/03\/parking-souterrain-moderne.jpg","contentUrl":"https:\/\/www.time2plug.com\/page\/wp-content\/uploads\/2025\/03\/parking-souterrain-moderne.jpg","width":1000,"height":668,"caption":"parking souterrain moderne, spacieux et bien \u00e9clair\u00e9, avec une ambiance futuriste accentu\u00e9e par des lumi\u00e8res bleut\u00e9es."},{"@type":"BreadcrumbList","@id":"https:\/\/www.time2plug.com\/page\/bornes-de-recharge-en-sous-sol-un-defi-technique-a-relever\/#breadcrumb","itemListElement":[{"@type":"ListItem","position":1,"name":"Accueil","item":"https:\/\/www.time2plug.com\/page\/"},{"@type":"ListItem","position":2,"name":"Bornes de recharge en sous-sol : un d\u00e9fi technique \u00e0 relever"}]},{"@type":"WebSite","@id":"https:\/\/www.time2plug.com\/page\/#website","url":"https:\/\/www.time2plug.com\/page\/","name":"Time2plug","description":"Installation et gestion de bornes recharge pour voitures \u00e9lectriques","publisher":{"@id":"https:\/\/www.time2plug.com\/page\/#organization"},"alternateName":"Bornes de recharge pour voitures \u00e9lectriques","potentialAction":[{"@type":"SearchAction","target":{"@type":"EntryPoint","urlTemplate":"https:\/\/www.time2plug.com\/page\/?s={search_term_string}"},"query-input":{"@type":"PropertyValueSpecification","valueRequired":true,"valueName":"search_term_string"}}],"inLanguage":"fr-FR"},{"@type":"Organization","@id":"https:\/\/www.time2plug.com\/page\/#organization","name":"Time2plug","alternateName":"Bornes de recharge pour voitures \u00e9lectriques","url":"https:\/\/www.time2plug.com\/page\/","logo":{"@type":"ImageObject","inLanguage":"fr-FR","@id":"https:\/\/www.time2plug.com\/page\/#\/schema\/logo\/image\/","url":"https:\/\/www.time2plug.com\/page\/wp-content\/uploads\/2025\/04\/T2P-Blanc_Background-Orange.png","contentUrl":"https:\/\/www.time2plug.com\/page\/wp-content\/uploads\/2025\/04\/T2P-Blanc_Background-Orange.png","width":300,"height":300,"caption":"Time2plug"},"image":{"@id":"https:\/\/www.time2plug.com\/page\/#\/schema\/logo\/image\/"},"sameAs":["https:\/\/www.linkedin.com\/company\/time2plug\/"]},{"@type":"Person","@id":"https:\/\/www.time2plug.com\/page\/#\/schema\/person\/539b6aabfd255f20a3b9456285b9c81a","name":"Lou N\u00e9mard","image":{"@type":"ImageObject","inLanguage":"fr-FR","@id":"https:\/\/secure.gravatar.com\/avatar\/916760b7331d513c0d331643a2db0b425c4f4d5e1ae0a0fd832b438a77018a43?s=96&d=mm&r=g","url":"https:\/\/secure.gravatar.com\/avatar\/916760b7331d513c0d331643a2db0b425c4f4d5e1ae0a0fd832b438a77018a43?s=96&d=mm&r=g","contentUrl":"https:\/\/secure.gravatar.com\/avatar\/916760b7331d513c0d331643a2db0b425c4f4d5e1ae0a0fd832b438a77018a43?s=96&d=mm&r=g","caption":"Lou N\u00e9mard"}}]}},"_links":{"self":[{"href":"https:\/\/www.time2plug.com\/page\/wp-json\/wp\/v2\/posts\/16141","targetHints":{"allow":["GET"]}}],"collection":[{"href":"https:\/\/www.time2plug.com\/page\/wp-json\/wp\/v2\/posts"}],"about":[{"href":"https:\/\/www.time2plug.com\/page\/wp-json\/wp\/v2\/types\/post"}],"author":[{"embeddable":true,"href":"https:\/\/www.time2plug.com\/page\/wp-json\/wp\/v2\/users\/15"}],"replies":[{"embeddable":true,"href":"https:\/\/www.time2plug.com\/page\/wp-json\/wp\/v2\/comments?post=16141"}],"version-history":[{"count":0,"href":"https:\/\/www.time2plug.com\/page\/wp-json\/wp\/v2\/posts\/16141\/revisions"}],"wp:featuredmedia":[{"embeddable":true,"href":"https:\/\/www.time2plug.com\/page\/wp-json\/wp\/v2\/media\/16143"}],"wp:attachment":[{"href":"https:\/\/www.time2plug.com\/page\/wp-json\/wp\/v2\/media?parent=16141"}],"wp:term":[{"taxonomy":"category","embeddable":true,"href":"https:\/\/www.time2plug.com\/page\/wp-json\/wp\/v2\/categories?post=16141"},{"taxonomy":"post_tag","embeddable":true,"href":"https:\/\/www.time2plug.com\/page\/wp-json\/wp\/v2\/tags?post=16141"}],"curies":[{"name":"wp","href":"https:\/\/api.w.org\/{rel}","templated":true}]}}